{"id":3725,"date":"2025-09-19T11:40:48","date_gmt":"2025-09-19T11:40:48","guid":{"rendered":"https:\/\/mcautocaravanas.com\/?p=3725"},"modified":"2025-10-20T18:50:47","modified_gmt":"2025-10-20T18:50:47","slug":"fiat-ducato-mageo-109","status":"publish","type":"post","link":"https:\/\/mcautocaravanas.com\/eus\/fiat-ducato-mageo-109\/","title":{"rendered":"Fiat Ducato Mageo 109"},"content":{"rendered":"<div data-elementor-type=\"wp-post\" data-elementor-id=\"3725\" class=\"elementor elementor-3725\" data-elementor-post-type=\"post\">\n\t\t\t\t<div class=\"elementor-element elementor-element-91d6c64 e-flex e-con-boxed e-con e-parent\" data-id=\"91d6c64\" data-element_type=\"container\" data-e-type=\"container\">\n\t\t\t\t\t<div class=\"e-con-inner\">\n\t\t\t\t<div class=\"elementor-element elementor-element-c293d15 elementor-widget elementor-widget-image\" data-id=\"c293d15\" data-element_type=\"widget\" data-e-type=\"widget\" data-widget_type=\"image.default\">\n\t\t\t\t<div class=\"elementor-widget-container\">\n\t\t\t\t\t\t\t\t\t\t\t\t\t\t\t<img fetchpriority=\"high\" decoding=\"async\" width=\"800\" height=\"548\" src=\"https:\/\/mcautocaravanas.com\/wp-content\/uploads\/2025\/09\/VENDIDA-20-1024x701.jpg\" class=\"attachment-large size-large wp-image-3869\" alt=\"\" srcset=\"https:\/\/mcautocaravanas.com\/wp-content\/uploads\/2025\/09\/VENDIDA-20-1024x701.jpg 1024w, https:\/\/mcautocaravanas.com\/wp-content\/uploads\/2025\/09\/VENDIDA-20-300x205.jpg 300w, https:\/\/mcautocaravanas.com\/wp-content\/uploads\/2025\/09\/VENDIDA-20-768x526.jpg 768w, https:\/\/mcautocaravanas.com\/wp-content\/uploads\/2025\/09\/VENDIDA-20-18x12.jpg 18w, https:\/\/mcautocaravanas.com\/wp-content\/uploads\/2025\/09\/VENDIDA-20.jpg 1536w\" sizes=\"(max-width: 800px) 100vw, 800px\" \/>\t\t\t\t\t\t\t\t\t\t\t\t\t\t\t<\/div>\n\t\t\t\t<\/div>\n\t\t\t\t\t<\/div>\n\t\t\t\t<\/div>\n\t\t<div class=\"elementor-element elementor-element-6a34a19 e-flex e-con-boxed e-con e-parent\" data-id=\"6a34a19\" data-element_type=\"container\" data-e-type=\"container\">\n\t\t\t\t\t<div class=\"e-con-inner\">\n\t\t\t\t<div class=\"elementor-element elementor-element-c64a612 elementor-headline--style-highlight elementor-widget elementor-widget-animated-headline\" data-id=\"c64a612\" data-element_type=\"widget\" data-e-type=\"widget\" data-settings=\"{&quot;marker&quot;:&quot;underline&quot;,&quot;highlighted_text&quot;:&quot;40.000\\u20ac&quot;,&quot;headline_style&quot;:&quot;highlight&quot;,&quot;loop&quot;:&quot;yes&quot;,&quot;highlight_animation_duration&quot;:1200,&quot;highlight_iteration_delay&quot;:8000}\" data-widget_type=\"animated-headline.default\">\n\t\t\t\t<div class=\"elementor-widget-container\">\n\t\t\t\t\t\t\t<h3 class=\"elementor-headline\">\n\t\t\t\t<span class=\"elementor-headline-dynamic-wrapper elementor-headline-text-wrapper\">\n\t\t\t\t\t<span class=\"elementor-headline-dynamic-text elementor-headline-text-active\">40.000\u20ac<\/span>\n\t\t\t\t<\/span>\n\t\t\t\t<\/h3>\n\t\t\t\t\t\t<\/div>\n\t\t\t\t<\/div>\n\t\t\t\t\t<\/div>\n\t\t\t\t<\/div>\n\t\t<div class=\"elementor-element elementor-element-3005f55 e-flex e-con-boxed e-con e-parent\" data-id=\"3005f55\" data-element_type=\"container\" data-e-type=\"container\">\n\t\t\t\t\t<div class=\"e-con-inner\">\n\t\t\t\t\t<\/div>\n\t\t\t\t<\/div>\n\t\t<div class=\"elementor-element elementor-element-2df71c2 e-grid e-con-boxed e-con e-parent\" data-id=\"2df71c2\" data-element_type=\"container\" data-e-type=\"container\">\n\t\t\t\t\t<div class=\"e-con-inner\">\n\t\t\t\t<div class=\"elementor-element elementor-element-5b3d8aa elementor-widget elementor-widget-text-editor\" data-id=\"5b3d8aa\" data-element_type=\"widget\" data-e-type=\"widget\" data-widget_type=\"text-editor.default\">\n\t\t\t\t<div class=\"elementor-widget-container\">\n\t\t\t\t\t\t\t\t\t<p><strong>CARACTER\u00cdSTICAS<\/strong><\/p><p><span style=\"font-size: 1rem;\">A\u00f1o 2010\u00a0\u00a0\u00a0 con 50.300 km<\/span><\/p><p><span style=\"font-size: 1rem;\">Mantenimiento de aceite, filtros, correa de distribuci\u00f3n, bomba de agua, certificado de prueba estanqueidad y mono control de gas nuevo en abril 2025. + Ruedas nuevas.<\/span><\/p><div class=\"mt-PanelAdDetails-comments\"><div class=\"mt-PanelAdDetails-commentsContent\" data-testid=\"mt-PanelAdDetails-description\"><section class=\"elementor-section elementor-inner-section elementor-element elementor-element-4f47cfbb elementor-section-boxed elementor-section-height-default elementor-section-height-default\" data-id=\"4f47cfbb\" data-element_type=\"section\"><div class=\"elementor-container elementor-column-gap-no\"><div class=\"elementor-column elementor-col-100 elementor-inner-column elementor-element elementor-element-36847d44\" data-id=\"36847d44\" data-element_type=\"column\"><div class=\"elementor-widget-wrap elementor-element-populated\"><div class=\"elementor-element elementor-element-498d4b3 elementor-align-left elementor-mobile-align-left elementor-list-item-link-full_width elementor-widget elementor-widget-icon-list\" data-id=\"498d4b3\" data-element_type=\"widget\" data-widget_type=\"icon-list.default\"><div class=\"elementor-widget-container\"><section class=\"elementor-section elementor-inner-section elementor-element elementor-element-4f47cfbb elementor-section-boxed elementor-section-height-default elementor-section-height-default\" data-id=\"4f47cfbb\" data-element_type=\"section\"><div class=\"elementor-container elementor-column-gap-no\"><div class=\"elementor-column elementor-col-100 elementor-inner-column elementor-element elementor-element-36847d44\" data-id=\"36847d44\" data-element_type=\"column\"><div class=\"elementor-widget-wrap elementor-element-populated\"><div class=\"elementor-element elementor-element-498d4b3 elementor-align-left elementor-mobile-align-center elementor-icon-list--layout-traditional elementor-list-item-link-full_width elementor-widget elementor-widget-icon-list\" data-id=\"498d4b3\" data-element_type=\"widget\" data-widget_type=\"icon-list.default\"><div class=\"elementor-widget-container\"><section class=\"elementor-section elementor-inner-section elementor-element elementor-element-4f47cfbb elementor-section-boxed elementor-section-height-default elementor-section-height-default\" data-id=\"4f47cfbb\" data-element_type=\"section\"><div class=\"elementor-container elementor-column-gap-no\"><div class=\"elementor-column elementor-col-100 elementor-inner-column elementor-element elementor-element-36847d44\" data-id=\"36847d44\" data-element_type=\"column\"><div class=\"elementor-widget-wrap elementor-element-populated\"><div class=\"elementor-element elementor-element-498d4b3 elementor-align-left elementor-mobile-align-center elementor-icon-list--layout-traditional elementor-list-item-link-full_width elementor-widget elementor-widget-icon-list\" data-id=\"498d4b3\" data-element_type=\"widget\" data-widget_type=\"icon-list.default\"><div class=\"elementor-widget-container\"><div class=\"elementor-element elementor-element-6d8ec298 elementor-widget elementor-widget-text-editor\" data-id=\"6d8ec298\" data-element_type=\"widget\" data-widget_type=\"text-editor.default\"><div class=\"elementor-widget-container\"><div class=\"elementor-column elementor-col-50 elementor-top-column elementor-element elementor-element-18e48cc5\" data-id=\"18e48cc5\" data-element_type=\"column\"><div class=\"elementor-widget-wrap elementor-element-populated\"><div class=\"elementor-element elementor-element-6d8ec298 elementor-widget elementor-widget-text-editor\" data-id=\"6d8ec298\" data-element_type=\"widget\" data-widget_type=\"text-editor.default\"><div class=\"elementor-widget-container\"><p><strong><u>\u00danico propietario<\/u><\/strong><\/p><p><u>Distribuci\u00f3n de vivienda<\/u>:<\/p><ul><li>Cama Reyna Queen gemelas detr\u00e1s con triple grande central de 210 X 210.<\/li><li>Sal\u00f3n convertible en cama para 2 de 2 X 140.<\/li><li>Sal\u00f3n para 6 personas.<\/li><li>Ba\u00f1o amplio.<\/li><li>Cocina 3 fuegos.<\/li><li>Calefacci\u00f3n truma gas.<\/li><li>Tv + antena.<\/li><li>Inversor 220v<\/li><li>Toldo lateral.<\/li><li>Porta bicis.<\/li><li>Garaje grande muy amplio. Para moto peque\u00f1a 125cc.<\/li><li>Cable de conexi\u00f3n a luz y manguera de agua para llenado.<\/li><\/ul><p><!--EndFragment --><\/p><\/div><\/div><\/div><\/div><\/div><\/div><\/div><\/div><\/div><\/div><\/div><\/section><\/div><\/div><\/div><\/div><\/div><\/section><\/div><\/div><\/div><\/div><\/div><\/section><\/div><\/div>\t\t\t\t\t\t\t\t<\/div>\n\t\t\t\t<\/div>\n\t\t\t\t<div class=\"elementor-element elementor-element-8c20efc elementor-widget elementor-widget-image-gallery\" data-id=\"8c20efc\" data-element_type=\"widget\" data-e-type=\"widget\" data-widget_type=\"image-gallery.default\">\n\t\t\t\t<div class=\"elementor-widget-container\">\n\t\t\t\t\t\t\t<div class=\"elementor-image-gallery\">\n\t\t\t<div id='gallery-1' class='gallery galleryid-3725 gallery-columns-4 gallery-size-medium'><figure class='gallery-item'>\n\t\t\t<div class='gallery-icon portrait'>\n\t\t\t\t<img decoding=\"async\" width=\"225\" height=\"300\" src=\"https:\/\/mcautocaravanas.com\/wp-content\/uploads\/2025\/09\/fiat-ducato-mageo-1-225x300.jpg\" class=\"attachment-medium size-medium\" alt=\"\" srcset=\"https:\/\/mcautocaravanas.com\/wp-content\/uploads\/2025\/09\/fiat-ducato-mageo-1-225x300.jpg 225w, https:\/\/mcautocaravanas.com\/wp-content\/uploads\/2025\/09\/fiat-ducato-mageo-1-768x1024.jpg 768w, https:\/\/mcautocaravanas.com\/wp-content\/uploads\/2025\/09\/fiat-ducato-mageo-1-1152x1536.jpg 1152w, https:\/\/mcautocaravanas.com\/wp-content\/uploads\/2025\/09\/fiat-ducato-mageo-1-9x12.jpg 9w, https:\/\/mcautocaravanas.com\/wp-content\/uploads\/2025\/09\/fiat-ducato-mageo-1.jpg 1200w\" sizes=\"(max-width: 225px) 100vw, 225px\" \/>\n\t\t\t<\/div><\/figure><figure class='gallery-item'>\n\t\t\t<div class='gallery-icon portrait'>\n\t\t\t\t<img decoding=\"async\" width=\"135\" height=\"300\" src=\"https:\/\/mcautocaravanas.com\/wp-content\/uploads\/2025\/09\/fiat-ducato-mageo-2-135x300.jpg\" class=\"attachment-medium size-medium\" alt=\"\" srcset=\"https:\/\/mcautocaravanas.com\/wp-content\/uploads\/2025\/09\/fiat-ducato-mageo-2-135x300.jpg 135w, https:\/\/mcautocaravanas.com\/wp-content\/uploads\/2025\/09\/fiat-ducato-mageo-2-461x1024.jpg 461w, https:\/\/mcautocaravanas.com\/wp-content\/uploads\/2025\/09\/fiat-ducato-mageo-2-692x1536.jpg 692w, https:\/\/mcautocaravanas.com\/wp-content\/uploads\/2025\/09\/fiat-ducato-mageo-2-5x12.jpg 5w, https:\/\/mcautocaravanas.com\/wp-content\/uploads\/2025\/09\/fiat-ducato-mageo-2.jpg 721w\" sizes=\"(max-width: 135px) 100vw, 135px\" \/>\n\t\t\t<\/div><\/figure><figure class='gallery-item'>\n\t\t\t<div class='gallery-icon portrait'>\n\t\t\t\t<img loading=\"lazy\" decoding=\"async\" width=\"169\" height=\"300\" src=\"https:\/\/mcautocaravanas.com\/wp-content\/uploads\/2025\/09\/fiat-ducato-mageo-3-169x300.jpg\" class=\"attachment-medium size-medium\" alt=\"\" srcset=\"https:\/\/mcautocaravanas.com\/wp-content\/uploads\/2025\/09\/fiat-ducato-mageo-3-169x300.jpg 169w, https:\/\/mcautocaravanas.com\/wp-content\/uploads\/2025\/09\/fiat-ducato-mageo-3-576x1024.jpg 576w, https:\/\/mcautocaravanas.com\/wp-content\/uploads\/2025\/09\/fiat-ducato-mageo-3-768x1365.jpg 768w, https:\/\/mcautocaravanas.com\/wp-content\/uploads\/2025\/09\/fiat-ducato-mageo-3-864x1536.jpg 864w, https:\/\/mcautocaravanas.com\/wp-content\/uploads\/2025\/09\/fiat-ducato-mageo-3-7x12.jpg 7w, https:\/\/mcautocaravanas.com\/wp-content\/uploads\/2025\/09\/fiat-ducato-mageo-3.jpg 900w\" sizes=\"(max-width: 169px) 100vw, 169px\" \/>\n\t\t\t<\/div><\/figure><figure class='gallery-item'>\n\t\t\t<div class='gallery-icon portrait'>\n\t\t\t\t<img loading=\"lazy\" decoding=\"async\" width=\"169\" height=\"300\" src=\"https:\/\/mcautocaravanas.com\/wp-content\/uploads\/2025\/09\/fiat-ducato-mageo-4-169x300.jpg\" class=\"attachment-medium size-medium\" alt=\"\" srcset=\"https:\/\/mcautocaravanas.com\/wp-content\/uploads\/2025\/09\/fiat-ducato-mageo-4-169x300.jpg 169w, https:\/\/mcautocaravanas.com\/wp-content\/uploads\/2025\/09\/fiat-ducato-mageo-4-576x1024.jpg 576w, https:\/\/mcautocaravanas.com\/wp-content\/uploads\/2025\/09\/fiat-ducato-mageo-4-768x1365.jpg 768w, https:\/\/mcautocaravanas.com\/wp-content\/uploads\/2025\/09\/fiat-ducato-mageo-4-864x1536.jpg 864w, https:\/\/mcautocaravanas.com\/wp-content\/uploads\/2025\/09\/fiat-ducato-mageo-4-7x12.jpg 7w, https:\/\/mcautocaravanas.com\/wp-content\/uploads\/2025\/09\/fiat-ducato-mageo-4.jpg 900w\" sizes=\"(max-width: 169px) 100vw, 169px\" \/>\n\t\t\t<\/div><\/figure><figure class='gallery-item'>\n\t\t\t<div class='gallery-icon portrait'>\n\t\t\t\t<img loading=\"lazy\" decoding=\"async\" width=\"169\" height=\"300\" src=\"https:\/\/mcautocaravanas.com\/wp-content\/uploads\/2025\/09\/fiat-ducato-mageo-5-169x300.jpg\" class=\"attachment-medium size-medium\" alt=\"\" srcset=\"https:\/\/mcautocaravanas.com\/wp-content\/uploads\/2025\/09\/fiat-ducato-mageo-5-169x300.jpg 169w, https:\/\/mcautocaravanas.com\/wp-content\/uploads\/2025\/09\/fiat-ducato-mageo-5-576x1024.jpg 576w, https:\/\/mcautocaravanas.com\/wp-content\/uploads\/2025\/09\/fiat-ducato-mageo-5-768x1365.jpg 768w, https:\/\/mcautocaravanas.com\/wp-content\/uploads\/2025\/09\/fiat-ducato-mageo-5-864x1536.jpg 864w, https:\/\/mcautocaravanas.com\/wp-content\/uploads\/2025\/09\/fiat-ducato-mageo-5-7x12.jpg 7w, https:\/\/mcautocaravanas.com\/wp-content\/uploads\/2025\/09\/fiat-ducato-mageo-5.jpg 900w\" sizes=\"(max-width: 169px) 100vw, 169px\" \/>\n\t\t\t<\/div><\/figure><figure class='gallery-item'>\n\t\t\t<div class='gallery-icon portrait'>\n\t\t\t\t<img loading=\"lazy\" decoding=\"async\" width=\"225\" height=\"300\" src=\"https:\/\/mcautocaravanas.com\/wp-content\/uploads\/2025\/09\/fiat-ducato-mageo-6-225x300.jpg\" class=\"attachment-medium size-medium\" alt=\"\" srcset=\"https:\/\/mcautocaravanas.com\/wp-content\/uploads\/2025\/09\/fiat-ducato-mageo-6-225x300.jpg 225w, https:\/\/mcautocaravanas.com\/wp-content\/uploads\/2025\/09\/fiat-ducato-mageo-6-768x1024.jpg 768w, https:\/\/mcautocaravanas.com\/wp-content\/uploads\/2025\/09\/fiat-ducato-mageo-6-1152x1536.jpg 1152w, https:\/\/mcautocaravanas.com\/wp-content\/uploads\/2025\/09\/fiat-ducato-mageo-6-9x12.jpg 9w, https:\/\/mcautocaravanas.com\/wp-content\/uploads\/2025\/09\/fiat-ducato-mageo-6.jpg 1200w\" sizes=\"(max-width: 225px) 100vw, 225px\" \/>\n\t\t\t<\/div><\/figure><figure class='gallery-item'>\n\t\t\t<div class='gallery-icon portrait'>\n\t\t\t\t<img loading=\"lazy\" decoding=\"async\" width=\"225\" height=\"300\" src=\"https:\/\/mcautocaravanas.com\/wp-content\/uploads\/2025\/09\/fiat-ducato-mageo-7-225x300.jpg\" class=\"attachment-medium size-medium\" alt=\"\" srcset=\"https:\/\/mcautocaravanas.com\/wp-content\/uploads\/2025\/09\/fiat-ducato-mageo-7-225x300.jpg 225w, https:\/\/mcautocaravanas.com\/wp-content\/uploads\/2025\/09\/fiat-ducato-mageo-7-768x1024.jpg 768w, https:\/\/mcautocaravanas.com\/wp-content\/uploads\/2025\/09\/fiat-ducato-mageo-7-1152x1536.jpg 1152w, https:\/\/mcautocaravanas.com\/wp-content\/uploads\/2025\/09\/fiat-ducato-mageo-7-9x12.jpg 9w, https:\/\/mcautocaravanas.com\/wp-content\/uploads\/2025\/09\/fiat-ducato-mageo-7.jpg 1200w\" sizes=\"(max-width: 225px) 100vw, 225px\" \/>\n\t\t\t<\/div><\/figure><figure class='gallery-item'>\n\t\t\t<div class='gallery-icon portrait'>\n\t\t\t\t<img loading=\"lazy\" decoding=\"async\" width=\"169\" height=\"300\" src=\"https:\/\/mcautocaravanas.com\/wp-content\/uploads\/2025\/09\/fiat-ducato-mageo-8-169x300.jpg\" class=\"attachment-medium size-medium\" alt=\"\" srcset=\"https:\/\/mcautocaravanas.com\/wp-content\/uploads\/2025\/09\/fiat-ducato-mageo-8-169x300.jpg 169w, https:\/\/mcautocaravanas.com\/wp-content\/uploads\/2025\/09\/fiat-ducato-mageo-8-576x1024.jpg 576w, https:\/\/mcautocaravanas.com\/wp-content\/uploads\/2025\/09\/fiat-ducato-mageo-8-768x1365.jpg 768w, https:\/\/mcautocaravanas.com\/wp-content\/uploads\/2025\/09\/fiat-ducato-mageo-8-864x1536.jpg 864w, https:\/\/mcautocaravanas.com\/wp-content\/uploads\/2025\/09\/fiat-ducato-mageo-8-7x12.jpg 7w, https:\/\/mcautocaravanas.com\/wp-content\/uploads\/2025\/09\/fiat-ducato-mageo-8.jpg 900w\" sizes=\"(max-width: 169px) 100vw, 169px\" \/>\n\t\t\t<\/div><\/figure><figure class='gallery-item'>\n\t\t\t<div class='gallery-icon portrait'>\n\t\t\t\t<img loading=\"lazy\" decoding=\"async\" width=\"225\" height=\"300\" src=\"https:\/\/mcautocaravanas.com\/wp-content\/uploads\/2025\/09\/fiat-ducato-mageo-9-225x300.jpg\" class=\"attachment-medium size-medium\" alt=\"\" srcset=\"https:\/\/mcautocaravanas.com\/wp-content\/uploads\/2025\/09\/fiat-ducato-mageo-9-225x300.jpg 225w, https:\/\/mcautocaravanas.com\/wp-content\/uploads\/2025\/09\/fiat-ducato-mageo-9-768x1024.jpg 768w, https:\/\/mcautocaravanas.com\/wp-content\/uploads\/2025\/09\/fiat-ducato-mageo-9-1152x1536.jpg 1152w, https:\/\/mcautocaravanas.com\/wp-content\/uploads\/2025\/09\/fiat-ducato-mageo-9-9x12.jpg 9w, https:\/\/mcautocaravanas.com\/wp-content\/uploads\/2025\/09\/fiat-ducato-mageo-9.jpg 1200w\" sizes=\"(max-width: 225px) 100vw, 225px\" \/>\n\t\t\t<\/div><\/figure><figure class='gallery-item'>\n\t\t\t<div class='gallery-icon portrait'>\n\t\t\t\t<img loading=\"lazy\" decoding=\"async\" width=\"169\" height=\"300\" src=\"https:\/\/mcautocaravanas.com\/wp-content\/uploads\/2025\/09\/fiat-ducato-mageo-10-169x300.jpg\" class=\"attachment-medium size-medium\" alt=\"\" srcset=\"https:\/\/mcautocaravanas.com\/wp-content\/uploads\/2025\/09\/fiat-ducato-mageo-10-169x300.jpg 169w, https:\/\/mcautocaravanas.com\/wp-content\/uploads\/2025\/09\/fiat-ducato-mageo-10-576x1024.jpg 576w, https:\/\/mcautocaravanas.com\/wp-content\/uploads\/2025\/09\/fiat-ducato-mageo-10-768x1365.jpg 768w, https:\/\/mcautocaravanas.com\/wp-content\/uploads\/2025\/09\/fiat-ducato-mageo-10-864x1536.jpg 864w, https:\/\/mcautocaravanas.com\/wp-content\/uploads\/2025\/09\/fiat-ducato-mageo-10-7x12.jpg 7w, https:\/\/mcautocaravanas.com\/wp-content\/uploads\/2025\/09\/fiat-ducato-mageo-10.jpg 900w\" sizes=\"(max-width: 169px) 100vw, 169px\" \/>\n\t\t\t<\/div><\/figure><figure class='gallery-item'>\n\t\t\t<div class='gallery-icon portrait'>\n\t\t\t\t<img loading=\"lazy\" decoding=\"async\" width=\"225\" height=\"300\" src=\"https:\/\/mcautocaravanas.com\/wp-content\/uploads\/2025\/09\/fiat-ducato-mageo-11-225x300.jpg\" class=\"attachment-medium size-medium\" alt=\"\" srcset=\"https:\/\/mcautocaravanas.com\/wp-content\/uploads\/2025\/09\/fiat-ducato-mageo-11-225x300.jpg 225w, https:\/\/mcautocaravanas.com\/wp-content\/uploads\/2025\/09\/fiat-ducato-mageo-11-768x1024.jpg 768w, https:\/\/mcautocaravanas.com\/wp-content\/uploads\/2025\/09\/fiat-ducato-mageo-11-1152x1536.jpg 1152w, https:\/\/mcautocaravanas.com\/wp-content\/uploads\/2025\/09\/fiat-ducato-mageo-11-9x12.jpg 9w, https:\/\/mcautocaravanas.com\/wp-content\/uploads\/2025\/09\/fiat-ducato-mageo-11.jpg 1200w\" sizes=\"(max-width: 225px) 100vw, 225px\" \/>\n\t\t\t<\/div><\/figure><figure class='gallery-item'>\n\t\t\t<div class='gallery-icon portrait'>\n\t\t\t\t<img loading=\"lazy\" decoding=\"async\" width=\"169\" height=\"300\" src=\"https:\/\/mcautocaravanas.com\/wp-content\/uploads\/2025\/09\/fiat-ducato-mageo-12-169x300.jpg\" class=\"attachment-medium size-medium\" alt=\"\" srcset=\"https:\/\/mcautocaravanas.com\/wp-content\/uploads\/2025\/09\/fiat-ducato-mageo-12-169x300.jpg 169w, https:\/\/mcautocaravanas.com\/wp-content\/uploads\/2025\/09\/fiat-ducato-mageo-12-576x1024.jpg 576w, https:\/\/mcautocaravanas.com\/wp-content\/uploads\/2025\/09\/fiat-ducato-mageo-12-768x1365.jpg 768w, https:\/\/mcautocaravanas.com\/wp-content\/uploads\/2025\/09\/fiat-ducato-mageo-12-864x1536.jpg 864w, https:\/\/mcautocaravanas.com\/wp-content\/uploads\/2025\/09\/fiat-ducato-mageo-12-7x12.jpg 7w, https:\/\/mcautocaravanas.com\/wp-content\/uploads\/2025\/09\/fiat-ducato-mageo-12.jpg 900w\" sizes=\"(max-width: 169px) 100vw, 169px\" \/>\n\t\t\t<\/div><\/figure><figure class='gallery-item'>\n\t\t\t<div class='gallery-icon portrait'>\n\t\t\t\t<img loading=\"lazy\" decoding=\"async\" width=\"225\" height=\"300\" src=\"https:\/\/mcautocaravanas.com\/wp-content\/uploads\/2025\/09\/fiat-ducato-mageo-13-225x300.jpg\" class=\"attachment-medium size-medium\" alt=\"\" srcset=\"https:\/\/mcautocaravanas.com\/wp-content\/uploads\/2025\/09\/fiat-ducato-mageo-13-225x300.jpg 225w, https:\/\/mcautocaravanas.com\/wp-content\/uploads\/2025\/09\/fiat-ducato-mageo-13-768x1024.jpg 768w, https:\/\/mcautocaravanas.com\/wp-content\/uploads\/2025\/09\/fiat-ducato-mageo-13-1152x1536.jpg 1152w, https:\/\/mcautocaravanas.com\/wp-content\/uploads\/2025\/09\/fiat-ducato-mageo-13-9x12.jpg 9w, https:\/\/mcautocaravanas.com\/wp-content\/uploads\/2025\/09\/fiat-ducato-mageo-13.jpg 1200w\" sizes=\"(max-width: 225px) 100vw, 225px\" \/>\n\t\t\t<\/div><\/figure><figure class='gallery-item'>\n\t\t\t<div class='gallery-icon portrait'>\n\t\t\t\t<img loading=\"lazy\" decoding=\"async\" width=\"225\" height=\"300\" src=\"https:\/\/mcautocaravanas.com\/wp-content\/uploads\/2025\/09\/fiat-ducato-mageo-14-225x300.jpg\" class=\"attachment-medium size-medium\" alt=\"\" srcset=\"https:\/\/mcautocaravanas.com\/wp-content\/uploads\/2025\/09\/fiat-ducato-mageo-14-225x300.jpg 225w, https:\/\/mcautocaravanas.com\/wp-content\/uploads\/2025\/09\/fiat-ducato-mageo-14-768x1024.jpg 768w, https:\/\/mcautocaravanas.com\/wp-content\/uploads\/2025\/09\/fiat-ducato-mageo-14-1152x1536.jpg 1152w, https:\/\/mcautocaravanas.com\/wp-content\/uploads\/2025\/09\/fiat-ducato-mageo-14-9x12.jpg 9w, https:\/\/mcautocaravanas.com\/wp-content\/uploads\/2025\/09\/fiat-ducato-mageo-14.jpg 1200w\" sizes=\"(max-width: 225px) 100vw, 225px\" \/>\n\t\t\t<\/div><\/figure><figure class='gallery-item'>\n\t\t\t<div class='gallery-icon portrait'>\n\t\t\t\t<img loading=\"lazy\" decoding=\"async\" width=\"225\" height=\"300\" src=\"https:\/\/mcautocaravanas.com\/wp-content\/uploads\/2025\/09\/fiat-ducato-mageo-15-225x300.jpg\" class=\"attachment-medium size-medium\" alt=\"\" srcset=\"https:\/\/mcautocaravanas.com\/wp-content\/uploads\/2025\/09\/fiat-ducato-mageo-15-225x300.jpg 225w, https:\/\/mcautocaravanas.com\/wp-content\/uploads\/2025\/09\/fiat-ducato-mageo-15-768x1024.jpg 768w, https:\/\/mcautocaravanas.com\/wp-content\/uploads\/2025\/09\/fiat-ducato-mageo-15-1152x1536.jpg 1152w, https:\/\/mcautocaravanas.com\/wp-content\/uploads\/2025\/09\/fiat-ducato-mageo-15-9x12.jpg 9w, https:\/\/mcautocaravanas.com\/wp-content\/uploads\/2025\/09\/fiat-ducato-mageo-15.jpg 1200w\" sizes=\"(max-width: 225px) 100vw, 225px\" \/>\n\t\t\t<\/div><\/figure><figure class='gallery-item'>\n\t\t\t<div class='gallery-icon portrait'>\n\t\t\t\t<img loading=\"lazy\" decoding=\"async\" width=\"225\" height=\"300\" src=\"https:\/\/mcautocaravanas.com\/wp-content\/uploads\/2025\/09\/fiat-ducato-mageo-16-225x300.jpg\" class=\"attachment-medium size-medium\" alt=\"\" srcset=\"https:\/\/mcautocaravanas.com\/wp-content\/uploads\/2025\/09\/fiat-ducato-mageo-16-225x300.jpg 225w, https:\/\/mcautocaravanas.com\/wp-content\/uploads\/2025\/09\/fiat-ducato-mageo-16-768x1024.jpg 768w, https:\/\/mcautocaravanas.com\/wp-content\/uploads\/2025\/09\/fiat-ducato-mageo-16-1152x1536.jpg 1152w, https:\/\/mcautocaravanas.com\/wp-content\/uploads\/2025\/09\/fiat-ducato-mageo-16-9x12.jpg 9w, https:\/\/mcautocaravanas.com\/wp-content\/uploads\/2025\/09\/fiat-ducato-mageo-16.jpg 1200w\" sizes=\"(max-width: 225px) 100vw, 225px\" \/>\n\t\t\t<\/div><\/figure><figure class='gallery-item'>\n\t\t\t<div class='gallery-icon portrait'>\n\t\t\t\t<img loading=\"lazy\" decoding=\"async\" width=\"169\" height=\"300\" src=\"https:\/\/mcautocaravanas.com\/wp-content\/uploads\/2025\/09\/fiat-ducato-mageo-17-169x300.jpg\" class=\"attachment-medium size-medium\" alt=\"\" srcset=\"https:\/\/mcautocaravanas.com\/wp-content\/uploads\/2025\/09\/fiat-ducato-mageo-17-169x300.jpg 169w, https:\/\/mcautocaravanas.com\/wp-content\/uploads\/2025\/09\/fiat-ducato-mageo-17-576x1024.jpg 576w, https:\/\/mcautocaravanas.com\/wp-content\/uploads\/2025\/09\/fiat-ducato-mageo-17-768x1365.jpg 768w, https:\/\/mcautocaravanas.com\/wp-content\/uploads\/2025\/09\/fiat-ducato-mageo-17-864x1536.jpg 864w, https:\/\/mcautocaravanas.com\/wp-content\/uploads\/2025\/09\/fiat-ducato-mageo-17-7x12.jpg 7w, https:\/\/mcautocaravanas.com\/wp-content\/uploads\/2025\/09\/fiat-ducato-mageo-17.jpg 900w\" sizes=\"(max-width: 169px) 100vw, 169px\" \/>\n\t\t\t<\/div><\/figure><figure class='gallery-item'>\n\t\t\t<div class='gallery-icon portrait'>\n\t\t\t\t<img loading=\"lazy\" decoding=\"async\" width=\"225\" height=\"300\" src=\"https:\/\/mcautocaravanas.com\/wp-content\/uploads\/2025\/09\/fiat-ducato-mageo-18-225x300.jpg\" class=\"attachment-medium size-medium\" alt=\"\" srcset=\"https:\/\/mcautocaravanas.com\/wp-content\/uploads\/2025\/09\/fiat-ducato-mageo-18-225x300.jpg 225w, https:\/\/mcautocaravanas.com\/wp-content\/uploads\/2025\/09\/fiat-ducato-mageo-18-768x1024.jpg 768w, https:\/\/mcautocaravanas.com\/wp-content\/uploads\/2025\/09\/fiat-ducato-mageo-18-1152x1536.jpg 1152w, https:\/\/mcautocaravanas.com\/wp-content\/uploads\/2025\/09\/fiat-ducato-mageo-18-9x12.jpg 9w, https:\/\/mcautocaravanas.com\/wp-content\/uploads\/2025\/09\/fiat-ducato-mageo-18.jpg 1200w\" sizes=\"(max-width: 225px) 100vw, 225px\" \/>\n\t\t\t<\/div><\/figure><figure class='gallery-item'>\n\t\t\t<div class='gallery-icon portrait'>\n\t\t\t\t<img loading=\"lazy\" decoding=\"async\" width=\"225\" height=\"300\" src=\"https:\/\/mcautocaravanas.com\/wp-content\/uploads\/2025\/09\/fiat-ducato-mageo-19-225x300.jpg\" class=\"attachment-medium size-medium\" alt=\"\" srcset=\"https:\/\/mcautocaravanas.com\/wp-content\/uploads\/2025\/09\/fiat-ducato-mageo-19-225x300.jpg 225w, https:\/\/mcautocaravanas.com\/wp-content\/uploads\/2025\/09\/fiat-ducato-mageo-19-768x1024.jpg 768w, https:\/\/mcautocaravanas.com\/wp-content\/uploads\/2025\/09\/fiat-ducato-mageo-19-1152x1536.jpg 1152w, https:\/\/mcautocaravanas.com\/wp-content\/uploads\/2025\/09\/fiat-ducato-mageo-19-9x12.jpg 9w, https:\/\/mcautocaravanas.com\/wp-content\/uploads\/2025\/09\/fiat-ducato-mageo-19.jpg 1200w\" sizes=\"(max-width: 225px) 100vw, 225px\" \/>\n\t\t\t<\/div><\/figure><figure class='gallery-item'>\n\t\t\t<div class='gallery-icon portrait'>\n\t\t\t\t<img loading=\"lazy\" decoding=\"async\" width=\"225\" height=\"300\" src=\"https:\/\/mcautocaravanas.com\/wp-content\/uploads\/2025\/09\/fiat-ducato-mageo-20-225x300.jpg\" class=\"attachment-medium size-medium\" alt=\"\" srcset=\"https:\/\/mcautocaravanas.com\/wp-content\/uploads\/2025\/09\/fiat-ducato-mageo-20-225x300.jpg 225w, https:\/\/mcautocaravanas.com\/wp-content\/uploads\/2025\/09\/fiat-ducato-mageo-20-768x1024.jpg 768w, https:\/\/mcautocaravanas.com\/wp-content\/uploads\/2025\/09\/fiat-ducato-mageo-20-1152x1536.jpg 1152w, https:\/\/mcautocaravanas.com\/wp-content\/uploads\/2025\/09\/fiat-ducato-mageo-20-9x12.jpg 9w, https:\/\/mcautocaravanas.com\/wp-content\/uploads\/2025\/09\/fiat-ducato-mageo-20.jpg 1200w\" sizes=\"(max-width: 225px) 100vw, 225px\" \/>\n\t\t\t<\/div><\/figure><figure class='gallery-item'>\n\t\t\t<div class='gallery-icon portrait'>\n\t\t\t\t<img loading=\"lazy\" decoding=\"async\" width=\"225\" height=\"300\" src=\"https:\/\/mcautocaravanas.com\/wp-content\/uploads\/2025\/09\/fiat-ducato-mageo-21-225x300.jpg\" class=\"attachment-medium size-medium\" alt=\"\" srcset=\"https:\/\/mcautocaravanas.com\/wp-content\/uploads\/2025\/09\/fiat-ducato-mageo-21-225x300.jpg 225w, https:\/\/mcautocaravanas.com\/wp-content\/uploads\/2025\/09\/fiat-ducato-mageo-21-768x1024.jpg 768w, https:\/\/mcautocaravanas.com\/wp-content\/uploads\/2025\/09\/fiat-ducato-mageo-21-1152x1536.jpg 1152w, https:\/\/mcautocaravanas.com\/wp-content\/uploads\/2025\/09\/fiat-ducato-mageo-21-9x12.jpg 9w, https:\/\/mcautocaravanas.com\/wp-content\/uploads\/2025\/09\/fiat-ducato-mageo-21.jpg 1200w\" sizes=\"(max-width: 225px) 100vw, 225px\" \/>\n\t\t\t<\/div><\/figure><figure class='gallery-item'>\n\t\t\t<div class='gallery-icon portrait'>\n\t\t\t\t<img loading=\"lazy\" decoding=\"async\" width=\"225\" height=\"300\" src=\"https:\/\/mcautocaravanas.com\/wp-content\/uploads\/2025\/09\/fiat-ducato-mageo-22-225x300.jpg\" class=\"attachment-medium size-medium\" alt=\"\" srcset=\"https:\/\/mcautocaravanas.com\/wp-content\/uploads\/2025\/09\/fiat-ducato-mageo-22-225x300.jpg 225w, https:\/\/mcautocaravanas.com\/wp-content\/uploads\/2025\/09\/fiat-ducato-mageo-22-768x1024.jpg 768w, https:\/\/mcautocaravanas.com\/wp-content\/uploads\/2025\/09\/fiat-ducato-mageo-22-1152x1536.jpg 1152w, https:\/\/mcautocaravanas.com\/wp-content\/uploads\/2025\/09\/fiat-ducato-mageo-22-9x12.jpg 9w, https:\/\/mcautocaravanas.com\/wp-content\/uploads\/2025\/09\/fiat-ducato-mageo-22.jpg 1200w\" sizes=\"(max-width: 225px) 100vw, 225px\" \/>\n\t\t\t<\/div><\/figure><figure class='gallery-item'>\n\t\t\t<div class='gallery-icon portrait'>\n\t\t\t\t<img loading=\"lazy\" decoding=\"async\" width=\"169\" height=\"300\" src=\"https:\/\/mcautocaravanas.com\/wp-content\/uploads\/2025\/09\/fiat-ducato-mageo-23-169x300.jpg\" class=\"attachment-medium size-medium\" alt=\"\" srcset=\"https:\/\/mcautocaravanas.com\/wp-content\/uploads\/2025\/09\/fiat-ducato-mageo-23-169x300.jpg 169w, https:\/\/mcautocaravanas.com\/wp-content\/uploads\/2025\/09\/fiat-ducato-mageo-23-576x1024.jpg 576w, https:\/\/mcautocaravanas.com\/wp-content\/uploads\/2025\/09\/fiat-ducato-mageo-23-768x1365.jpg 768w, https:\/\/mcautocaravanas.com\/wp-content\/uploads\/2025\/09\/fiat-ducato-mageo-23-864x1536.jpg 864w, https:\/\/mcautocaravanas.com\/wp-content\/uploads\/2025\/09\/fiat-ducato-mageo-23-7x12.jpg 7w, https:\/\/mcautocaravanas.com\/wp-content\/uploads\/2025\/09\/fiat-ducato-mageo-23.jpg 900w\" sizes=\"(max-width: 169px) 100vw, 169px\" \/>\n\t\t\t<\/div><\/figure><figure class='gallery-item'>\n\t\t\t<div class='gallery-icon portrait'>\n\t\t\t\t<img loading=\"lazy\" decoding=\"async\" width=\"225\" height=\"300\" src=\"https:\/\/mcautocaravanas.com\/wp-content\/uploads\/2025\/09\/fiat-ducato-mageo-24-225x300.jpg\" class=\"attachment-medium size-medium\" alt=\"\" srcset=\"https:\/\/mcautocaravanas.com\/wp-content\/uploads\/2025\/09\/fiat-ducato-mageo-24-225x300.jpg 225w, https:\/\/mcautocaravanas.com\/wp-content\/uploads\/2025\/09\/fiat-ducato-mageo-24-768x1024.jpg 768w, https:\/\/mcautocaravanas.com\/wp-content\/uploads\/2025\/09\/fiat-ducato-mageo-24-1152x1536.jpg 1152w, https:\/\/mcautocaravanas.com\/wp-content\/uploads\/2025\/09\/fiat-ducato-mageo-24-9x12.jpg 9w, https:\/\/mcautocaravanas.com\/wp-content\/uploads\/2025\/09\/fiat-ducato-mageo-24.jpg 1200w\" sizes=\"(max-width: 225px) 100vw, 225px\" \/>\n\t\t\t<\/div><\/figure><figure class='gallery-item'>\n\t\t\t<div class='gallery-icon portrait'>\n\t\t\t\t<img loading=\"lazy\" decoding=\"async\" width=\"225\" height=\"300\" src=\"https:\/\/mcautocaravanas.com\/wp-content\/uploads\/2025\/09\/fiat-ducato-mageo-25-225x300.jpg\" class=\"attachment-medium size-medium\" alt=\"\" srcset=\"https:\/\/mcautocaravanas.com\/wp-content\/uploads\/2025\/09\/fiat-ducato-mageo-25-225x300.jpg 225w, https:\/\/mcautocaravanas.com\/wp-content\/uploads\/2025\/09\/fiat-ducato-mageo-25-768x1024.jpg 768w, https:\/\/mcautocaravanas.com\/wp-content\/uploads\/2025\/09\/fiat-ducato-mageo-25-1152x1536.jpg 1152w, https:\/\/mcautocaravanas.com\/wp-content\/uploads\/2025\/09\/fiat-ducato-mageo-25-9x12.jpg 9w, https:\/\/mcautocaravanas.com\/wp-content\/uploads\/2025\/09\/fiat-ducato-mageo-25.jpg 1200w\" sizes=\"(max-width: 225px) 100vw, 225px\" \/>\n\t\t\t<\/div><\/figure><figure class='gallery-item'>\n\t\t\t<div class='gallery-icon portrait'>\n\t\t\t\t<img loading=\"lazy\" decoding=\"async\" width=\"169\" height=\"300\" src=\"https:\/\/mcautocaravanas.com\/wp-content\/uploads\/2025\/09\/fiat-ducato-mageo-26-169x300.jpg\" class=\"attachment-medium size-medium\" alt=\"\" srcset=\"https:\/\/mcautocaravanas.com\/wp-content\/uploads\/2025\/09\/fiat-ducato-mageo-26-169x300.jpg 169w, https:\/\/mcautocaravanas.com\/wp-content\/uploads\/2025\/09\/fiat-ducato-mageo-26-576x1024.jpg 576w, https:\/\/mcautocaravanas.com\/wp-content\/uploads\/2025\/09\/fiat-ducato-mageo-26-768x1365.jpg 768w, https:\/\/mcautocaravanas.com\/wp-content\/uploads\/2025\/09\/fiat-ducato-mageo-26-864x1536.jpg 864w, https:\/\/mcautocaravanas.com\/wp-content\/uploads\/2025\/09\/fiat-ducato-mageo-26-7x12.jpg 7w, https:\/\/mcautocaravanas.com\/wp-content\/uploads\/2025\/09\/fiat-ducato-mageo-26.jpg 900w\" sizes=\"(max-width: 169px) 100vw, 169px\" \/>\n\t\t\t<\/div><\/figure><figure class='gallery-item'>\n\t\t\t<div class='gallery-icon portrait'>\n\t\t\t\t<img loading=\"lazy\" decoding=\"async\" width=\"169\" height=\"300\" src=\"https:\/\/mcautocaravanas.com\/wp-content\/uploads\/2025\/09\/fiat-ducato-mageo-27-169x300.jpg\" class=\"attachment-medium size-medium\" alt=\"\" srcset=\"https:\/\/mcautocaravanas.com\/wp-content\/uploads\/2025\/09\/fiat-ducato-mageo-27-169x300.jpg 169w, https:\/\/mcautocaravanas.com\/wp-content\/uploads\/2025\/09\/fiat-ducato-mageo-27-576x1024.jpg 576w, https:\/\/mcautocaravanas.com\/wp-content\/uploads\/2025\/09\/fiat-ducato-mageo-27-768x1365.jpg 768w, https:\/\/mcautocaravanas.com\/wp-content\/uploads\/2025\/09\/fiat-ducato-mageo-27-864x1536.jpg 864w, https:\/\/mcautocaravanas.com\/wp-content\/uploads\/2025\/09\/fiat-ducato-mageo-27-7x12.jpg 7w, https:\/\/mcautocaravanas.com\/wp-content\/uploads\/2025\/09\/fiat-ducato-mageo-27.jpg 900w\" sizes=\"(max-width: 169px) 100vw, 169px\" \/>\n\t\t\t<\/div><\/figure><figure class='gallery-item'>\n\t\t\t<div class='gallery-icon portrait'>\n\t\t\t\t<img loading=\"lazy\" decoding=\"async\" width=\"169\" height=\"300\" src=\"https:\/\/mcautocaravanas.com\/wp-content\/uploads\/2025\/09\/fiat-ducato-mageo-28-169x300.jpg\" class=\"attachment-medium size-medium\" alt=\"\" srcset=\"https:\/\/mcautocaravanas.com\/wp-content\/uploads\/2025\/09\/fiat-ducato-mageo-28-169x300.jpg 169w, https:\/\/mcautocaravanas.com\/wp-content\/uploads\/2025\/09\/fiat-ducato-mageo-28-576x1024.jpg 576w, https:\/\/mcautocaravanas.com\/wp-content\/uploads\/2025\/09\/fiat-ducato-mageo-28-768x1365.jpg 768w, https:\/\/mcautocaravanas.com\/wp-content\/uploads\/2025\/09\/fiat-ducato-mageo-28-864x1536.jpg 864w, https:\/\/mcautocaravanas.com\/wp-content\/uploads\/2025\/09\/fiat-ducato-mageo-28-7x12.jpg 7w, https:\/\/mcautocaravanas.com\/wp-content\/uploads\/2025\/09\/fiat-ducato-mageo-28.jpg 900w\" sizes=\"(max-width: 169px) 100vw, 169px\" \/>\n\t\t\t<\/div><\/figure><figure class='gallery-item'>\n\t\t\t<div class='gallery-icon portrait'>\n\t\t\t\t<img loading=\"lazy\" decoding=\"async\" width=\"225\" height=\"300\" src=\"https:\/\/mcautocaravanas.com\/wp-content\/uploads\/2025\/09\/fiat-ducato-mageo-29-225x300.jpg\" class=\"attachment-medium size-medium\" alt=\"\" srcset=\"https:\/\/mcautocaravanas.com\/wp-content\/uploads\/2025\/09\/fiat-ducato-mageo-29-225x300.jpg 225w, https:\/\/mcautocaravanas.com\/wp-content\/uploads\/2025\/09\/fiat-ducato-mageo-29-768x1024.jpg 768w, https:\/\/mcautocaravanas.com\/wp-content\/uploads\/2025\/09\/fiat-ducato-mageo-29-1152x1536.jpg 1152w, https:\/\/mcautocaravanas.com\/wp-content\/uploads\/2025\/09\/fiat-ducato-mageo-29-9x12.jpg 9w, https:\/\/mcautocaravanas.com\/wp-content\/uploads\/2025\/09\/fiat-ducato-mageo-29.jpg 1200w\" sizes=\"(max-width: 225px) 100vw, 225px\" \/>\n\t\t\t<\/div><\/figure><figure class='gallery-item'>\n\t\t\t<div class='gallery-icon portrait'>\n\t\t\t\t<img loading=\"lazy\" decoding=\"async\" width=\"225\" height=\"300\" src=\"https:\/\/mcautocaravanas.com\/wp-content\/uploads\/2025\/09\/fiat-ducato-mageo-30-225x300.jpg\" class=\"attachment-medium size-medium\" alt=\"\" srcset=\"https:\/\/mcautocaravanas.com\/wp-content\/uploads\/2025\/09\/fiat-ducato-mageo-30-225x300.jpg 225w, https:\/\/mcautocaravanas.com\/wp-content\/uploads\/2025\/09\/fiat-ducato-mageo-30-768x1024.jpg 768w, https:\/\/mcautocaravanas.com\/wp-content\/uploads\/2025\/09\/fiat-ducato-mageo-30-1152x1536.jpg 1152w, https:\/\/mcautocaravanas.com\/wp-content\/uploads\/2025\/09\/fiat-ducato-mageo-30-9x12.jpg 9w, https:\/\/mcautocaravanas.com\/wp-content\/uploads\/2025\/09\/fiat-ducato-mageo-30.jpg 1200w\" sizes=\"(max-width: 225px) 100vw, 225px\" \/>\n\t\t\t<\/div><\/figure><figure class='gallery-item'>\n\t\t\t<div class='gallery-icon portrait'>\n\t\t\t\t<img loading=\"lazy\" decoding=\"async\" width=\"225\" height=\"300\" src=\"https:\/\/mcautocaravanas.com\/wp-content\/uploads\/2025\/09\/fiat-ducato-mageo-31-225x300.jpg\" class=\"attachment-medium size-medium\" alt=\"\" srcset=\"https:\/\/mcautocaravanas.com\/wp-content\/uploads\/2025\/09\/fiat-ducato-mageo-31-225x300.jpg 225w, https:\/\/mcautocaravanas.com\/wp-content\/uploads\/2025\/09\/fiat-ducato-mageo-31-768x1024.jpg 768w, https:\/\/mcautocaravanas.com\/wp-content\/uploads\/2025\/09\/fiat-ducato-mageo-31-1152x1536.jpg 1152w, https:\/\/mcautocaravanas.com\/wp-content\/uploads\/2025\/09\/fiat-ducato-mageo-31-9x12.jpg 9w, https:\/\/mcautocaravanas.com\/wp-content\/uploads\/2025\/09\/fiat-ducato-mageo-31.jpg 1200w\" sizes=\"(max-width: 225px) 100vw, 225px\" \/>\n\t\t\t<\/div><\/figure><figure class='gallery-item'>\n\t\t\t<div class='gallery-icon portrait'>\n\t\t\t\t<img loading=\"lazy\" decoding=\"async\" width=\"225\" height=\"300\" src=\"https:\/\/mcautocaravanas.com\/wp-content\/uploads\/2025\/09\/fiat-ducato-mageo-32-225x300.jpg\" class=\"attachment-medium size-medium\" alt=\"\" srcset=\"https:\/\/mcautocaravanas.com\/wp-content\/uploads\/2025\/09\/fiat-ducato-mageo-32-225x300.jpg 225w, https:\/\/mcautocaravanas.com\/wp-content\/uploads\/2025\/09\/fiat-ducato-mageo-32-768x1024.jpg 768w, https:\/\/mcautocaravanas.com\/wp-content\/uploads\/2025\/09\/fiat-ducato-mageo-32-1152x1536.jpg 1152w, https:\/\/mcautocaravanas.com\/wp-content\/uploads\/2025\/09\/fiat-ducato-mageo-32-9x12.jpg 9w, https:\/\/mcautocaravanas.com\/wp-content\/uploads\/2025\/09\/fiat-ducato-mageo-32.jpg 1200w\" sizes=\"(max-width: 225px) 100vw, 225px\" \/>\n\t\t\t<\/div><\/figure><figure class='gallery-item'>\n\t\t\t<div class='gallery-icon portrait'>\n\t\t\t\t<img loading=\"lazy\" decoding=\"async\" width=\"169\" height=\"300\" src=\"https:\/\/mcautocaravanas.com\/wp-content\/uploads\/2025\/09\/fiat-ducato-mageo-33-169x300.jpg\" class=\"attachment-medium size-medium\" alt=\"\" srcset=\"https:\/\/mcautocaravanas.com\/wp-content\/uploads\/2025\/09\/fiat-ducato-mageo-33-169x300.jpg 169w, https:\/\/mcautocaravanas.com\/wp-content\/uploads\/2025\/09\/fiat-ducato-mageo-33-576x1024.jpg 576w, https:\/\/mcautocaravanas.com\/wp-content\/uploads\/2025\/09\/fiat-ducato-mageo-33-768x1365.jpg 768w, https:\/\/mcautocaravanas.com\/wp-content\/uploads\/2025\/09\/fiat-ducato-mageo-33-864x1536.jpg 864w, https:\/\/mcautocaravanas.com\/wp-content\/uploads\/2025\/09\/fiat-ducato-mageo-33-7x12.jpg 7w, https:\/\/mcautocaravanas.com\/wp-content\/uploads\/2025\/09\/fiat-ducato-mageo-33.jpg 900w\" sizes=\"(max-width: 169px) 100vw, 169px\" \/>\n\t\t\t<\/div><\/figure><figure class='gallery-item'>\n\t\t\t<div class='gallery-icon portrait'>\n\t\t\t\t<img loading=\"lazy\" decoding=\"async\" width=\"225\" height=\"300\" src=\"https:\/\/mcautocaravanas.com\/wp-content\/uploads\/2025\/09\/fiat-ducato-mageo-34-225x300.jpg\" class=\"attachment-medium size-medium\" alt=\"\" srcset=\"https:\/\/mcautocaravanas.com\/wp-content\/uploads\/2025\/09\/fiat-ducato-mageo-34-225x300.jpg 225w, https:\/\/mcautocaravanas.com\/wp-content\/uploads\/2025\/09\/fiat-ducato-mageo-34-768x1024.jpg 768w, https:\/\/mcautocaravanas.com\/wp-content\/uploads\/2025\/09\/fiat-ducato-mageo-34-1152x1536.jpg 1152w, https:\/\/mcautocaravanas.com\/wp-content\/uploads\/2025\/09\/fiat-ducato-mageo-34-9x12.jpg 9w, https:\/\/mcautocaravanas.com\/wp-content\/uploads\/2025\/09\/fiat-ducato-mageo-34.jpg 1200w\" sizes=\"(max-width: 225px) 100vw, 225px\" \/>\n\t\t\t<\/div><\/figure><figure class='gallery-item'>\n\t\t\t<div class='gallery-icon portrait'>\n\t\t\t\t<img loading=\"lazy\" decoding=\"async\" width=\"225\" height=\"300\" src=\"https:\/\/mcautocaravanas.com\/wp-content\/uploads\/2025\/09\/fiat-ducato-mageo-35-225x300.jpg\" class=\"attachment-medium size-medium\" alt=\"\" srcset=\"https:\/\/mcautocaravanas.com\/wp-content\/uploads\/2025\/09\/fiat-ducato-mageo-35-225x300.jpg 225w, https:\/\/mcautocaravanas.com\/wp-content\/uploads\/2025\/09\/fiat-ducato-mageo-35-768x1024.jpg 768w, https:\/\/mcautocaravanas.com\/wp-content\/uploads\/2025\/09\/fiat-ducato-mageo-35-1152x1536.jpg 1152w, https:\/\/mcautocaravanas.com\/wp-content\/uploads\/2025\/09\/fiat-ducato-mageo-35-9x12.jpg 9w, https:\/\/mcautocaravanas.com\/wp-content\/uploads\/2025\/09\/fiat-ducato-mageo-35.jpg 1200w\" sizes=\"(max-width: 225px) 100vw, 225px\" \/>\n\t\t\t<\/div><\/figure><figure class='gallery-item'>\n\t\t\t<div class='gallery-icon portrait'>\n\t\t\t\t<img loading=\"lazy\" decoding=\"async\" width=\"225\" height=\"300\" src=\"https:\/\/mcautocaravanas.com\/wp-content\/uploads\/2025\/09\/fiat-ducato-mageo-36-225x300.jpg\" class=\"attachment-medium size-medium\" alt=\"\" srcset=\"https:\/\/mcautocaravanas.com\/wp-content\/uploads\/2025\/09\/fiat-ducato-mageo-36-225x300.jpg 225w, https:\/\/mcautocaravanas.com\/wp-content\/uploads\/2025\/09\/fiat-ducato-mageo-36-768x1024.jpg 768w, https:\/\/mcautocaravanas.com\/wp-content\/uploads\/2025\/09\/fiat-ducato-mageo-36-1152x1536.jpg 1152w, https:\/\/mcautocaravanas.com\/wp-content\/uploads\/2025\/09\/fiat-ducato-mageo-36-9x12.jpg 9w, https:\/\/mcautocaravanas.com\/wp-content\/uploads\/2025\/09\/fiat-ducato-mageo-36.jpg 1200w\" sizes=\"(max-width: 225px) 100vw, 225px\" \/>\n\t\t\t<\/div><\/figure><figure class='gallery-item'>\n\t\t\t<div class='gallery-icon portrait'>\n\t\t\t\t<img loading=\"lazy\" decoding=\"async\" width=\"225\" height=\"300\" src=\"https:\/\/mcautocaravanas.com\/wp-content\/uploads\/2025\/09\/fiat-ducato-mageo-37-225x300.jpg\" class=\"attachment-medium size-medium\" alt=\"\" srcset=\"https:\/\/mcautocaravanas.com\/wp-content\/uploads\/2025\/09\/fiat-ducato-mageo-37-225x300.jpg 225w, https:\/\/mcautocaravanas.com\/wp-content\/uploads\/2025\/09\/fiat-ducato-mageo-37-768x1024.jpg 768w, https:\/\/mcautocaravanas.com\/wp-content\/uploads\/2025\/09\/fiat-ducato-mageo-37-1152x1536.jpg 1152w, https:\/\/mcautocaravanas.com\/wp-content\/uploads\/2025\/09\/fiat-ducato-mageo-37-9x12.jpg 9w, https:\/\/mcautocaravanas.com\/wp-content\/uploads\/2025\/09\/fiat-ducato-mageo-37.jpg 1200w\" sizes=\"(max-width: 225px) 100vw, 225px\" \/>\n\t\t\t<\/div><\/figure><figure class='gallery-item'>\n\t\t\t<div class='gallery-icon portrait'>\n\t\t\t\t<img loading=\"lazy\" decoding=\"async\" width=\"225\" height=\"300\" src=\"https:\/\/mcautocaravanas.com\/wp-content\/uploads\/2025\/09\/fiat-ducato-mageo-38-225x300.jpg\" class=\"attachment-medium size-medium\" alt=\"\" srcset=\"https:\/\/mcautocaravanas.com\/wp-content\/uploads\/2025\/09\/fiat-ducato-mageo-38-225x300.jpg 225w, https:\/\/mcautocaravanas.com\/wp-content\/uploads\/2025\/09\/fiat-ducato-mageo-38-768x1024.jpg 768w, https:\/\/mcautocaravanas.com\/wp-content\/uploads\/2025\/09\/fiat-ducato-mageo-38-1152x1536.jpg 1152w, https:\/\/mcautocaravanas.com\/wp-content\/uploads\/2025\/09\/fiat-ducato-mageo-38-9x12.jpg 9w, https:\/\/mcautocaravanas.com\/wp-content\/uploads\/2025\/09\/fiat-ducato-mageo-38.jpg 1200w\" sizes=\"(max-width: 225px) 100vw, 225px\" \/>\n\t\t\t<\/div><\/figure><figure class='gallery-item'>\n\t\t\t<div class='gallery-icon portrait'>\n\t\t\t\t<img loading=\"lazy\" decoding=\"async\" width=\"225\" height=\"300\" src=\"https:\/\/mcautocaravanas.com\/wp-content\/uploads\/2025\/09\/fiat-ducato-mageo-39-225x300.jpg\" class=\"attachment-medium size-medium\" alt=\"\" srcset=\"https:\/\/mcautocaravanas.com\/wp-content\/uploads\/2025\/09\/fiat-ducato-mageo-39-225x300.jpg 225w, https:\/\/mcautocaravanas.com\/wp-content\/uploads\/2025\/09\/fiat-ducato-mageo-39-768x1024.jpg 768w, https:\/\/mcautocaravanas.com\/wp-content\/uploads\/2025\/09\/fiat-ducato-mageo-39-1152x1536.jpg 1152w, https:\/\/mcautocaravanas.com\/wp-content\/uploads\/2025\/09\/fiat-ducato-mageo-39-9x12.jpg 9w, https:\/\/mcautocaravanas.com\/wp-content\/uploads\/2025\/09\/fiat-ducato-mageo-39.jpg 1200w\" sizes=\"(max-width: 225px) 100vw, 225px\" \/>\n\t\t\t<\/div><\/figure><figure class='gallery-item'>\n\t\t\t<div class='gallery-icon portrait'>\n\t\t\t\t<img loading=\"lazy\" decoding=\"async\" width=\"225\" height=\"300\" src=\"https:\/\/mcautocaravanas.com\/wp-content\/uploads\/2025\/09\/fiat-ducato-mageo-40-225x300.jpg\" class=\"attachment-medium size-medium\" alt=\"\" srcset=\"https:\/\/mcautocaravanas.com\/wp-content\/uploads\/2025\/09\/fiat-ducato-mageo-40-225x300.jpg 225w, https:\/\/mcautocaravanas.com\/wp-content\/uploads\/2025\/09\/fiat-ducato-mageo-40-768x1024.jpg 768w, https:\/\/mcautocaravanas.com\/wp-content\/uploads\/2025\/09\/fiat-ducato-mageo-40-1152x1536.jpg 1152w, https:\/\/mcautocaravanas.com\/wp-content\/uploads\/2025\/09\/fiat-ducato-mageo-40-9x12.jpg 9w, https:\/\/mcautocaravanas.com\/wp-content\/uploads\/2025\/09\/fiat-ducato-mageo-40.jpg 1200w\" sizes=\"(max-width: 225px) 100vw, 225px\" \/>\n\t\t\t<\/div><\/figure><figure class='gallery-item'>\n\t\t\t<div class='gallery-icon portrait'>\n\t\t\t\t<img loading=\"lazy\" decoding=\"async\" width=\"225\" height=\"300\" src=\"https:\/\/mcautocaravanas.com\/wp-content\/uploads\/2025\/09\/fiat-ducato-mageo-41-225x300.jpg\" class=\"attachment-medium size-medium\" alt=\"\" srcset=\"https:\/\/mcautocaravanas.com\/wp-content\/uploads\/2025\/09\/fiat-ducato-mageo-41-225x300.jpg 225w, https:\/\/mcautocaravanas.com\/wp-content\/uploads\/2025\/09\/fiat-ducato-mageo-41-768x1024.jpg 768w, https:\/\/mcautocaravanas.com\/wp-content\/uploads\/2025\/09\/fiat-ducato-mageo-41-1152x1536.jpg 1152w, https:\/\/mcautocaravanas.com\/wp-content\/uploads\/2025\/09\/fiat-ducato-mageo-41-9x12.jpg 9w, https:\/\/mcautocaravanas.com\/wp-content\/uploads\/2025\/09\/fiat-ducato-mageo-41.jpg 1200w\" sizes=\"(max-width: 225px) 100vw, 225px\" \/>\n\t\t\t<\/div><\/figure><figure class='gallery-item'>\n\t\t\t<div class='gallery-icon landscape'>\n\t\t\t\t<img loading=\"lazy\" decoding=\"async\" width=\"300\" height=\"169\" src=\"https:\/\/mcautocaravanas.com\/wp-content\/uploads\/2025\/09\/fiat-ducato-mageo-42-300x169.jpg\" class=\"attachment-medium size-medium\" alt=\"\" srcset=\"https:\/\/mcautocaravanas.com\/wp-content\/uploads\/2025\/09\/fiat-ducato-mageo-42-300x169.jpg 300w, https:\/\/mcautocaravanas.com\/wp-content\/uploads\/2025\/09\/fiat-ducato-mageo-42-1024x576.jpg 1024w, https:\/\/mcautocaravanas.com\/wp-content\/uploads\/2025\/09\/fiat-ducato-mageo-42-768x432.jpg 768w, https:\/\/mcautocaravanas.com\/wp-content\/uploads\/2025\/09\/fiat-ducato-mageo-42-1536x864.jpg 1536w, https:\/\/mcautocaravanas.com\/wp-content\/uploads\/2025\/09\/fiat-ducato-mageo-42-18x10.jpg 18w, https:\/\/mcautocaravanas.com\/wp-content\/uploads\/2025\/09\/fiat-ducato-mageo-42.jpg 1600w\" sizes=\"(max-width: 300px) 100vw, 300px\" \/>\n\t\t\t<\/div><\/figure><figure class='gallery-item'>\n\t\t\t<div class='gallery-icon portrait'>\n\t\t\t\t<img loading=\"lazy\" decoding=\"async\" width=\"225\" height=\"300\" src=\"https:\/\/mcautocaravanas.com\/wp-content\/uploads\/2025\/09\/fiat-ducato-mageo-43-225x300.jpg\" class=\"attachment-medium size-medium\" alt=\"\" srcset=\"https:\/\/mcautocaravanas.com\/wp-content\/uploads\/2025\/09\/fiat-ducato-mageo-43-225x300.jpg 225w, https:\/\/mcautocaravanas.com\/wp-content\/uploads\/2025\/09\/fiat-ducato-mageo-43-768x1024.jpg 768w, https:\/\/mcautocaravanas.com\/wp-content\/uploads\/2025\/09\/fiat-ducato-mageo-43-1152x1536.jpg 1152w, https:\/\/mcautocaravanas.com\/wp-content\/uploads\/2025\/09\/fiat-ducato-mageo-43-9x12.jpg 9w, https:\/\/mcautocaravanas.com\/wp-content\/uploads\/2025\/09\/fiat-ducato-mageo-43.jpg 1200w\" sizes=\"(max-width: 225px) 100vw, 225px\" \/>\n\t\t\t<\/div><\/figure><figure class='gallery-item'>\n\t\t\t<div class='gallery-icon portrait'>\n\t\t\t\t<img loading=\"lazy\" decoding=\"async\" width=\"169\" height=\"300\" src=\"https:\/\/mcautocaravanas.com\/wp-content\/uploads\/2025\/09\/fiat-ducato-mageo-44-169x300.jpg\" class=\"attachment-medium size-medium\" alt=\"\" srcset=\"https:\/\/mcautocaravanas.com\/wp-content\/uploads\/2025\/09\/fiat-ducato-mageo-44-169x300.jpg 169w, https:\/\/mcautocaravanas.com\/wp-content\/uploads\/2025\/09\/fiat-ducato-mageo-44-576x1024.jpg 576w, https:\/\/mcautocaravanas.com\/wp-content\/uploads\/2025\/09\/fiat-ducato-mageo-44-768x1365.jpg 768w, https:\/\/mcautocaravanas.com\/wp-content\/uploads\/2025\/09\/fiat-ducato-mageo-44-864x1536.jpg 864w, https:\/\/mcautocaravanas.com\/wp-content\/uploads\/2025\/09\/fiat-ducato-mageo-44-7x12.jpg 7w, https:\/\/mcautocaravanas.com\/wp-content\/uploads\/2025\/09\/fiat-ducato-mageo-44.jpg 900w\" sizes=\"(max-width: 169px) 100vw, 169px\" \/>\n\t\t\t<\/div><\/figure><figure class='gallery-item'>\n\t\t\t<div class='gallery-icon portrait'>\n\t\t\t\t<img loading=\"lazy\" decoding=\"async\" width=\"169\" height=\"300\" src=\"https:\/\/mcautocaravanas.com\/wp-content\/uploads\/2025\/09\/fiat-ducato-mageo-45-169x300.jpg\" class=\"attachment-medium size-medium\" alt=\"\" srcset=\"https:\/\/mcautocaravanas.com\/wp-content\/uploads\/2025\/09\/fiat-ducato-mageo-45-169x300.jpg 169w, https:\/\/mcautocaravanas.com\/wp-content\/uploads\/2025\/09\/fiat-ducato-mageo-45-576x1024.jpg 576w, https:\/\/mcautocaravanas.com\/wp-content\/uploads\/2025\/09\/fiat-ducato-mageo-45-768x1365.jpg 768w, https:\/\/mcautocaravanas.com\/wp-content\/uploads\/2025\/09\/fiat-ducato-mageo-45-864x1536.jpg 864w, https:\/\/mcautocaravanas.com\/wp-content\/uploads\/2025\/09\/fiat-ducato-mageo-45-7x12.jpg 7w, https:\/\/mcautocaravanas.com\/wp-content\/uploads\/2025\/09\/fiat-ducato-mageo-45.jpg 900w\" sizes=\"(max-width: 169px) 100vw, 169px\" \/>\n\t\t\t<\/div><\/figure><figure class='gallery-item'>\n\t\t\t<div class='gallery-icon portrait'>\n\t\t\t\t<img loading=\"lazy\" decoding=\"async\" width=\"169\" height=\"300\" src=\"https:\/\/mcautocaravanas.com\/wp-content\/uploads\/2025\/09\/fiat-ducato-mageo-46-169x300.jpg\" class=\"attachment-medium size-medium\" alt=\"\" srcset=\"https:\/\/mcautocaravanas.com\/wp-content\/uploads\/2025\/09\/fiat-ducato-mageo-46-169x300.jpg 169w, https:\/\/mcautocaravanas.com\/wp-content\/uploads\/2025\/09\/fiat-ducato-mageo-46-576x1024.jpg 576w, https:\/\/mcautocaravanas.com\/wp-content\/uploads\/2025\/09\/fiat-ducato-mageo-46-768x1365.jpg 768w, https:\/\/mcautocaravanas.com\/wp-content\/uploads\/2025\/09\/fiat-ducato-mageo-46-864x1536.jpg 864w, https:\/\/mcautocaravanas.com\/wp-content\/uploads\/2025\/09\/fiat-ducato-mageo-46-7x12.jpg 7w, https:\/\/mcautocaravanas.com\/wp-content\/uploads\/2025\/09\/fiat-ducato-mageo-46.jpg 900w\" sizes=\"(max-width: 169px) 100vw, 169px\" \/>\n\t\t\t<\/div><\/figure><figure class='gallery-item'>\n\t\t\t<div class='gallery-icon portrait'>\n\t\t\t\t<img loading=\"lazy\" decoding=\"async\" width=\"169\" height=\"300\" src=\"https:\/\/mcautocaravanas.com\/wp-content\/uploads\/2025\/09\/fiat-ducato-mageo-47-169x300.jpg\" class=\"attachment-medium size-medium\" alt=\"\" srcset=\"https:\/\/mcautocaravanas.com\/wp-content\/uploads\/2025\/09\/fiat-ducato-mageo-47-169x300.jpg 169w, https:\/\/mcautocaravanas.com\/wp-content\/uploads\/2025\/09\/fiat-ducato-mageo-47-576x1024.jpg 576w, https:\/\/mcautocaravanas.com\/wp-content\/uploads\/2025\/09\/fiat-ducato-mageo-47-768x1365.jpg 768w, https:\/\/mcautocaravanas.com\/wp-content\/uploads\/2025\/09\/fiat-ducato-mageo-47-864x1536.jpg 864w, https:\/\/mcautocaravanas.com\/wp-content\/uploads\/2025\/09\/fiat-ducato-mageo-47-7x12.jpg 7w, https:\/\/mcautocaravanas.com\/wp-content\/uploads\/2025\/09\/fiat-ducato-mageo-47.jpg 900w\" sizes=\"(max-width: 169px) 100vw, 169px\" \/>\n\t\t\t<\/div><\/figure><figure class='gallery-item'>\n\t\t\t<div class='gallery-icon portrait'>\n\t\t\t\t<img loading=\"lazy\" decoding=\"async\" width=\"169\" height=\"300\" src=\"https:\/\/mcautocaravanas.com\/wp-content\/uploads\/2025\/09\/fiat-ducato-mageo-48-169x300.jpg\" class=\"attachment-medium size-medium\" alt=\"\" srcset=\"https:\/\/mcautocaravanas.com\/wp-content\/uploads\/2025\/09\/fiat-ducato-mageo-48-169x300.jpg 169w, https:\/\/mcautocaravanas.com\/wp-content\/uploads\/2025\/09\/fiat-ducato-mageo-48-576x1024.jpg 576w, https:\/\/mcautocaravanas.com\/wp-content\/uploads\/2025\/09\/fiat-ducato-mageo-48-768x1365.jpg 768w, https:\/\/mcautocaravanas.com\/wp-content\/uploads\/2025\/09\/fiat-ducato-mageo-48-864x1536.jpg 864w, https:\/\/mcautocaravanas.com\/wp-content\/uploads\/2025\/09\/fiat-ducato-mageo-48-7x12.jpg 7w, https:\/\/mcautocaravanas.com\/wp-content\/uploads\/2025\/09\/fiat-ducato-mageo-48.jpg 900w\" sizes=\"(max-width: 169px) 100vw, 169px\" \/>\n\t\t\t<\/div><\/figure><figure class='gallery-item'>\n\t\t\t<div class='gallery-icon portrait'>\n\t\t\t\t<img loading=\"lazy\" decoding=\"async\" width=\"169\" height=\"300\" src=\"https:\/\/mcautocaravanas.com\/wp-content\/uploads\/2025\/09\/fiat-ducato-mageo-49-169x300.jpg\" class=\"attachment-medium size-medium\" alt=\"\" srcset=\"https:\/\/mcautocaravanas.com\/wp-content\/uploads\/2025\/09\/fiat-ducato-mageo-49-169x300.jpg 169w, https:\/\/mcautocaravanas.com\/wp-content\/uploads\/2025\/09\/fiat-ducato-mageo-49-576x1024.jpg 576w, https:\/\/mcautocaravanas.com\/wp-content\/uploads\/2025\/09\/fiat-ducato-mageo-49-768x1365.jpg 768w, https:\/\/mcautocaravanas.com\/wp-content\/uploads\/2025\/09\/fiat-ducato-mageo-49-864x1536.jpg 864w, https:\/\/mcautocaravanas.com\/wp-content\/uploads\/2025\/09\/fiat-ducato-mageo-49-7x12.jpg 7w, https:\/\/mcautocaravanas.com\/wp-content\/uploads\/2025\/09\/fiat-ducato-mageo-49.jpg 900w\" sizes=\"(max-width: 169px) 100vw, 169px\" \/>\n\t\t\t<\/div><\/figure><figure class='gallery-item'>\n\t\t\t<div class='gallery-icon portrait'>\n\t\t\t\t<img loading=\"lazy\" decoding=\"async\" width=\"169\" height=\"300\" src=\"https:\/\/mcautocaravanas.com\/wp-content\/uploads\/2025\/09\/fiat-ducato-mageo-50-169x300.jpg\" class=\"attachment-medium size-medium\" alt=\"\" srcset=\"https:\/\/mcautocaravanas.com\/wp-content\/uploads\/2025\/09\/fiat-ducato-mageo-50-169x300.jpg 169w, https:\/\/mcautocaravanas.com\/wp-content\/uploads\/2025\/09\/fiat-ducato-mageo-50-576x1024.jpg 576w, https:\/\/mcautocaravanas.com\/wp-content\/uploads\/2025\/09\/fiat-ducato-mageo-50-768x1365.jpg 768w, https:\/\/mcautocaravanas.com\/wp-content\/uploads\/2025\/09\/fiat-ducato-mageo-50-864x1536.jpg 864w, https:\/\/mcautocaravanas.com\/wp-content\/uploads\/2025\/09\/fiat-ducato-mageo-50-7x12.jpg 7w, https:\/\/mcautocaravanas.com\/wp-content\/uploads\/2025\/09\/fiat-ducato-mageo-50.jpg 900w\" sizes=\"(max-width: 169px) 100vw, 169px\" \/>\n\t\t\t<\/div><\/figure><figure class='gallery-item'>\n\t\t\t<div class='gallery-icon portrait'>\n\t\t\t\t<img loading=\"lazy\" decoding=\"async\" width=\"225\" height=\"300\" src=\"https:\/\/mcautocaravanas.com\/wp-content\/uploads\/2025\/09\/fiat-ducato-mageo-51-225x300.jpg\" class=\"attachment-medium size-medium\" alt=\"\" srcset=\"https:\/\/mcautocaravanas.com\/wp-content\/uploads\/2025\/09\/fiat-ducato-mageo-51-225x300.jpg 225w, https:\/\/mcautocaravanas.com\/wp-content\/uploads\/2025\/09\/fiat-ducato-mageo-51-768x1024.jpg 768w, https:\/\/mcautocaravanas.com\/wp-content\/uploads\/2025\/09\/fiat-ducato-mageo-51-1152x1536.jpg 1152w, https:\/\/mcautocaravanas.com\/wp-content\/uploads\/2025\/09\/fiat-ducato-mageo-51-9x12.jpg 9w, https:\/\/mcautocaravanas.com\/wp-content\/uploads\/2025\/09\/fiat-ducato-mageo-51.jpg 1200w\" sizes=\"(max-width: 225px) 100vw, 225px\" \/>\n\t\t\t<\/div><\/figure><figure class='gallery-item'>\n\t\t\t<div class='gallery-icon portrait'>\n\t\t\t\t<img loading=\"lazy\" decoding=\"async\" width=\"226\" height=\"300\" src=\"https:\/\/mcautocaravanas.com\/wp-content\/uploads\/2025\/09\/fiat-ducato-mageo-53-226x300.jpg\" class=\"attachment-medium size-medium\" alt=\"\" srcset=\"https:\/\/mcautocaravanas.com\/wp-content\/uploads\/2025\/09\/fiat-ducato-mageo-53-226x300.jpg 226w, https:\/\/mcautocaravanas.com\/wp-content\/uploads\/2025\/09\/fiat-ducato-mageo-53-771x1024.jpg 771w, https:\/\/mcautocaravanas.com\/wp-content\/uploads\/2025\/09\/fiat-ducato-mageo-53-768x1020.jpg 768w, https:\/\/mcautocaravanas.com\/wp-content\/uploads\/2025\/09\/fiat-ducato-mageo-53-1157x1536.jpg 1157w, https:\/\/mcautocaravanas.com\/wp-content\/uploads\/2025\/09\/fiat-ducato-mageo-53-9x12.jpg 9w, https:\/\/mcautocaravanas.com\/wp-content\/uploads\/2025\/09\/fiat-ducato-mageo-53.jpg 1536w\" sizes=\"(max-width: 226px) 100vw, 226px\" \/>\n\t\t\t<\/div><\/figure><figure class='gallery-item'>\n\t\t\t<div class='gallery-icon portrait'>\n\t\t\t\t<img loading=\"lazy\" decoding=\"async\" width=\"169\" height=\"300\" src=\"https:\/\/mcautocaravanas.com\/wp-content\/uploads\/2025\/09\/fiat-ducato-mageo-54-169x300.jpg\" class=\"attachment-medium size-medium\" alt=\"\" srcset=\"https:\/\/mcautocaravanas.com\/wp-content\/uploads\/2025\/09\/fiat-ducato-mageo-54-169x300.jpg 169w, https:\/\/mcautocaravanas.com\/wp-content\/uploads\/2025\/09\/fiat-ducato-mageo-54-576x1024.jpg 576w, https:\/\/mcautocaravanas.com\/wp-content\/uploads\/2025\/09\/fiat-ducato-mageo-54-768x1365.jpg 768w, https:\/\/mcautocaravanas.com\/wp-content\/uploads\/2025\/09\/fiat-ducato-mageo-54-864x1536.jpg 864w, https:\/\/mcautocaravanas.com\/wp-content\/uploads\/2025\/09\/fiat-ducato-mageo-54-7x12.jpg 7w, https:\/\/mcautocaravanas.com\/wp-content\/uploads\/2025\/09\/fiat-ducato-mageo-54.jpg 900w\" sizes=\"(max-width: 169px) 100vw, 169px\" \/>\n\t\t\t<\/div><\/figure><figure class='gallery-item'>\n\t\t\t<div class='gallery-icon portrait'>\n\t\t\t\t<img loading=\"lazy\" decoding=\"async\" width=\"226\" height=\"300\" src=\"https:\/\/mcautocaravanas.com\/wp-content\/uploads\/2025\/09\/fiat-ducato-mageo-55-226x300.jpg\" class=\"attachment-medium size-medium\" alt=\"\" srcset=\"https:\/\/mcautocaravanas.com\/wp-content\/uploads\/2025\/09\/fiat-ducato-mageo-55-226x300.jpg 226w, https:\/\/mcautocaravanas.com\/wp-content\/uploads\/2025\/09\/fiat-ducato-mageo-55-771x1024.jpg 771w, https:\/\/mcautocaravanas.com\/wp-content\/uploads\/2025\/09\/fiat-ducato-mageo-55-768x1020.jpg 768w, https:\/\/mcautocaravanas.com\/wp-content\/uploads\/2025\/09\/fiat-ducato-mageo-55-1157x1536.jpg 1157w, https:\/\/mcautocaravanas.com\/wp-content\/uploads\/2025\/09\/fiat-ducato-mageo-55-9x12.jpg 9w, https:\/\/mcautocaravanas.com\/wp-content\/uploads\/2025\/09\/fiat-ducato-mageo-55.jpg 1536w\" sizes=\"(max-width: 226px) 100vw, 226px\" \/>\n\t\t\t<\/div><\/figure><figure class='gallery-item'>\n\t\t\t<div class='gallery-icon portrait'>\n\t\t\t\t<img loading=\"lazy\" decoding=\"async\" width=\"226\" height=\"300\" src=\"https:\/\/mcautocaravanas.com\/wp-content\/uploads\/2025\/09\/fiat-ducato-mageo-56-226x300.jpg\" class=\"attachment-medium size-medium\" alt=\"\" srcset=\"https:\/\/mcautocaravanas.com\/wp-content\/uploads\/2025\/09\/fiat-ducato-mageo-56-226x300.jpg 226w, https:\/\/mcautocaravanas.com\/wp-content\/uploads\/2025\/09\/fiat-ducato-mageo-56-771x1024.jpg 771w, https:\/\/mcautocaravanas.com\/wp-content\/uploads\/2025\/09\/fiat-ducato-mageo-56-768x1020.jpg 768w, https:\/\/mcautocaravanas.com\/wp-content\/uploads\/2025\/09\/fiat-ducato-mageo-56-1157x1536.jpg 1157w, https:\/\/mcautocaravanas.com\/wp-content\/uploads\/2025\/09\/fiat-ducato-mageo-56-9x12.jpg 9w, https:\/\/mcautocaravanas.com\/wp-content\/uploads\/2025\/09\/fiat-ducato-mageo-56.jpg 1536w\" sizes=\"(max-width: 226px) 100vw, 226px\" \/>\n\t\t\t<\/div><\/figure><figure class='gallery-item'>\n\t\t\t<div class='gallery-icon portrait'>\n\t\t\t\t<img loading=\"lazy\" decoding=\"async\" width=\"169\" height=\"300\" src=\"https:\/\/mcautocaravanas.com\/wp-content\/uploads\/2025\/09\/fiat-ducato-mageo-57-169x300.jpg\" class=\"attachment-medium size-medium\" alt=\"\" srcset=\"https:\/\/mcautocaravanas.com\/wp-content\/uploads\/2025\/09\/fiat-ducato-mageo-57-169x300.jpg 169w, https:\/\/mcautocaravanas.com\/wp-content\/uploads\/2025\/09\/fiat-ducato-mageo-57-576x1024.jpg 576w, https:\/\/mcautocaravanas.com\/wp-content\/uploads\/2025\/09\/fiat-ducato-mageo-57-768x1365.jpg 768w, https:\/\/mcautocaravanas.com\/wp-content\/uploads\/2025\/09\/fiat-ducato-mageo-57-864x1536.jpg 864w, https:\/\/mcautocaravanas.com\/wp-content\/uploads\/2025\/09\/fiat-ducato-mageo-57-7x12.jpg 7w, https:\/\/mcautocaravanas.com\/wp-content\/uploads\/2025\/09\/fiat-ducato-mageo-57.jpg 900w\" sizes=\"(max-width: 169px) 100vw, 169px\" \/>\n\t\t\t<\/div><\/figure><figure class='gallery-item'>\n\t\t\t<div class='gallery-icon landscape'>\n\t\t\t\t<img loading=\"lazy\" decoding=\"async\" width=\"300\" height=\"169\" src=\"https:\/\/mcautocaravanas.com\/wp-content\/uploads\/2025\/09\/fiat-ducato-mageo-58-300x169.jpg\" class=\"attachment-medium size-medium\" alt=\"\" srcset=\"https:\/\/mcautocaravanas.com\/wp-content\/uploads\/2025\/09\/fiat-ducato-mageo-58-300x169.jpg 300w, https:\/\/mcautocaravanas.com\/wp-content\/uploads\/2025\/09\/fiat-ducato-mageo-58-1024x576.jpg 1024w, https:\/\/mcautocaravanas.com\/wp-content\/uploads\/2025\/09\/fiat-ducato-mageo-58-768x432.jpg 768w, https:\/\/mcautocaravanas.com\/wp-content\/uploads\/2025\/09\/fiat-ducato-mageo-58-1536x864.jpg 1536w, https:\/\/mcautocaravanas.com\/wp-content\/uploads\/2025\/09\/fiat-ducato-mageo-58-18x10.jpg 18w, https:\/\/mcautocaravanas.com\/wp-content\/uploads\/2025\/09\/fiat-ducato-mageo-58.jpg 1600w\" sizes=\"(max-width: 300px) 100vw, 300px\" \/>\n\t\t\t<\/div><\/figure><figure class='gallery-item'>\n\t\t\t<div class='gallery-icon portrait'>\n\t\t\t\t<img loading=\"lazy\" decoding=\"async\" width=\"169\" height=\"300\" src=\"https:\/\/mcautocaravanas.com\/wp-content\/uploads\/2025\/09\/fiat-ducato-mageo-59-169x300.jpg\" class=\"attachment-medium size-medium\" alt=\"\" srcset=\"https:\/\/mcautocaravanas.com\/wp-content\/uploads\/2025\/09\/fiat-ducato-mageo-59-169x300.jpg 169w, https:\/\/mcautocaravanas.com\/wp-content\/uploads\/2025\/09\/fiat-ducato-mageo-59-576x1024.jpg 576w, https:\/\/mcautocaravanas.com\/wp-content\/uploads\/2025\/09\/fiat-ducato-mageo-59-768x1365.jpg 768w, https:\/\/mcautocaravanas.com\/wp-content\/uploads\/2025\/09\/fiat-ducato-mageo-59-864x1536.jpg 864w, https:\/\/mcautocaravanas.com\/wp-content\/uploads\/2025\/09\/fiat-ducato-mageo-59-7x12.jpg 7w, https:\/\/mcautocaravanas.com\/wp-content\/uploads\/2025\/09\/fiat-ducato-mageo-59.jpg 900w\" sizes=\"(max-width: 169px) 100vw, 169px\" \/>\n\t\t\t<\/div><\/figure><figure class='gallery-item'>\n\t\t\t<div class='gallery-icon portrait'>\n\t\t\t\t<img loading=\"lazy\" decoding=\"async\" width=\"225\" height=\"300\" src=\"https:\/\/mcautocaravanas.com\/wp-content\/uploads\/2025\/09\/fiat-ducato-mageo-60-225x300.jpg\" class=\"attachment-medium size-medium\" alt=\"\" srcset=\"https:\/\/mcautocaravanas.com\/wp-content\/uploads\/2025\/09\/fiat-ducato-mageo-60-225x300.jpg 225w, https:\/\/mcautocaravanas.com\/wp-content\/uploads\/2025\/09\/fiat-ducato-mageo-60-768x1024.jpg 768w, https:\/\/mcautocaravanas.com\/wp-content\/uploads\/2025\/09\/fiat-ducato-mageo-60-1152x1536.jpg 1152w, https:\/\/mcautocaravanas.com\/wp-content\/uploads\/2025\/09\/fiat-ducato-mageo-60-9x12.jpg 9w, https:\/\/mcautocaravanas.com\/wp-content\/uploads\/2025\/09\/fiat-ducato-mageo-60.jpg 1200w\" sizes=\"(max-width: 225px) 100vw, 225px\" \/>\n\t\t\t<\/div><\/figure><figure class='gallery-item'>\n\t\t\t<div class='gallery-icon portrait'>\n\t\t\t\t<img loading=\"lazy\" decoding=\"async\" width=\"225\" height=\"300\" src=\"https:\/\/mcautocaravanas.com\/wp-content\/uploads\/2025\/09\/fiat-ducato-mageo-61-225x300.jpg\" class=\"attachment-medium size-medium\" alt=\"\" srcset=\"https:\/\/mcautocaravanas.com\/wp-content\/uploads\/2025\/09\/fiat-ducato-mageo-61-225x300.jpg 225w, https:\/\/mcautocaravanas.com\/wp-content\/uploads\/2025\/09\/fiat-ducato-mageo-61-768x1024.jpg 768w, https:\/\/mcautocaravanas.com\/wp-content\/uploads\/2025\/09\/fiat-ducato-mageo-61-1152x1536.jpg 1152w, https:\/\/mcautocaravanas.com\/wp-content\/uploads\/2025\/09\/fiat-ducato-mageo-61-9x12.jpg 9w, https:\/\/mcautocaravanas.com\/wp-content\/uploads\/2025\/09\/fiat-ducato-mageo-61.jpg 1200w\" sizes=\"(max-width: 225px) 100vw, 225px\" \/>\n\t\t\t<\/div><\/figure><figure class='gallery-item'>\n\t\t\t<div class='gallery-icon portrait'>\n\t\t\t\t<img loading=\"lazy\" decoding=\"async\" width=\"169\" height=\"300\" src=\"https:\/\/mcautocaravanas.com\/wp-content\/uploads\/2025\/09\/fiat-ducato-mageo-62-169x300.jpg\" class=\"attachment-medium size-medium\" alt=\"\" srcset=\"https:\/\/mcautocaravanas.com\/wp-content\/uploads\/2025\/09\/fiat-ducato-mageo-62-169x300.jpg 169w, https:\/\/mcautocaravanas.com\/wp-content\/uploads\/2025\/09\/fiat-ducato-mageo-62-576x1024.jpg 576w, https:\/\/mcautocaravanas.com\/wp-content\/uploads\/2025\/09\/fiat-ducato-mageo-62-768x1365.jpg 768w, https:\/\/mcautocaravanas.com\/wp-content\/uploads\/2025\/09\/fiat-ducato-mageo-62-864x1536.jpg 864w, https:\/\/mcautocaravanas.com\/wp-content\/uploads\/2025\/09\/fiat-ducato-mageo-62-7x12.jpg 7w, https:\/\/mcautocaravanas.com\/wp-content\/uploads\/2025\/09\/fiat-ducato-mageo-62.jpg 900w\" sizes=\"(max-width: 169px) 100vw, 169px\" \/>\n\t\t\t<\/div><\/figure><figure class='gallery-item'>\n\t\t\t<div class='gallery-icon portrait'>\n\t\t\t\t<img loading=\"lazy\" decoding=\"async\" width=\"225\" height=\"300\" src=\"https:\/\/mcautocaravanas.com\/wp-content\/uploads\/2025\/09\/fiat-ducato-mageo-63-225x300.jpg\" class=\"attachment-medium size-medium\" alt=\"\" srcset=\"https:\/\/mcautocaravanas.com\/wp-content\/uploads\/2025\/09\/fiat-ducato-mageo-63-225x300.jpg 225w, https:\/\/mcautocaravanas.com\/wp-content\/uploads\/2025\/09\/fiat-ducato-mageo-63-768x1024.jpg 768w, https:\/\/mcautocaravanas.com\/wp-content\/uploads\/2025\/09\/fiat-ducato-mageo-63-1152x1536.jpg 1152w, https:\/\/mcautocaravanas.com\/wp-content\/uploads\/2025\/09\/fiat-ducato-mageo-63-9x12.jpg 9w, https:\/\/mcautocaravanas.com\/wp-content\/uploads\/2025\/09\/fiat-ducato-mageo-63.jpg 1200w\" sizes=\"(max-width: 225px) 100vw, 225px\" \/>\n\t\t\t<\/div><\/figure>\n\t\t<\/div>\n\t\t<\/div>\n\t\t\t\t\t\t<\/div>\n\t\t\t\t<\/div>\n\t\t\t\t\t<\/div>\n\t\t\t\t<\/div>\n\t\t\t\t<\/div>","protected":false},"excerpt":{"rendered":"<p>40.000\u20ac CARACTER\u00cdSTICAS A\u00f1o 2010\u00a0\u00a0\u00a0 con 50.300 km Mantenimiento de aceite, filtros, correa de distribuci\u00f3n, bomba de agua, certificado de prueba estanqueidad y mono control de gas nuevo en abril 2025. + Ruedas nuevas. \u00danico propietario Distribuci\u00f3n de vivienda: Cama Reyna Queen gemelas detr\u00e1s con triple grande central de 210 X 210. Sal\u00f3n convertible en cama [&hellip;]<\/p>\n","protected":false},"author":1,"featured_media":3869,"comment_status":"open","ping_status":"closed","sticky":false,"template":"","format":"standard","meta":{"footnotes":""},"categories":[8,9],"tags":[],"class_list":["post-3725","post","type-post","status-publish","format-standard","has-post-thumbnail","hentry","category-autocaravanas-y-furgocamper","category-venta"],"yoast_head":"<!-- This site is optimized with the Yoast SEO plugin v27.5 - https:\/\/yoast.com\/product\/yoast-seo-wordpress\/ -->\n<title>Fiat Ducato Mageo 109 - M.C. Autocaravanas Getxo S.L<\/title>\n<meta name=\"description\" content=\"Financiaci\u00f3n 100%Puedes visitarla en nuestras instalaciones, concertando una cita telef\u00f3nica. \u00a1Estaremos encantados de atenderte y asesorarte!\" \/>\n<meta name=\"robots\" content=\"index, follow, max-snippet:-1, max-image-preview:large, max-video-preview:-1\" \/>\n<link rel=\"canonical\" href=\"https:\/\/mcautocaravanas.com\/eus\/fiat-ducato-mageo-109\/\" \/>\n<meta property=\"og:locale\" content=\"en_US\" \/>\n<meta property=\"og:type\" content=\"article\" \/>\n<meta property=\"og:title\" content=\"Fiat Ducato Mageo 109 - M.C. Autocaravanas Getxo S.L\" \/>\n<meta property=\"og:description\" content=\"Financiaci\u00f3n 100%Puedes visitarla en nuestras instalaciones, concertando una cita telef\u00f3nica. \u00a1Estaremos encantados de atenderte y asesorarte!\" \/>\n<meta property=\"og:url\" content=\"https:\/\/mcautocaravanas.com\/eus\/fiat-ducato-mageo-109\/\" \/>\n<meta property=\"og:site_name\" content=\"M.C. Autocaravanas Getxo S.L\" \/>\n<meta property=\"article:author\" content=\"https:\/\/www.facebook.com\/people\/McAutocaravanas-Getxo\/100086353929860\/?_rdr\" \/>\n<meta property=\"article:published_time\" content=\"2025-09-19T11:40:48+00:00\" \/>\n<meta property=\"article:modified_time\" content=\"2025-10-20T18:50:47+00:00\" \/>\n<meta property=\"og:image\" content=\"https:\/\/mcautocaravanas.com\/wp-content\/uploads\/2025\/09\/VENDIDA-20.jpg\" \/>\n\t<meta property=\"og:image:width\" content=\"1536\" \/>\n\t<meta property=\"og:image:height\" content=\"1052\" \/>\n\t<meta property=\"og:image:type\" content=\"image\/jpeg\" \/>\n<meta name=\"author\" content=\"mcautocaravanas\" \/>\n<meta name=\"twitter:card\" content=\"summary_large_image\" \/>\n<meta name=\"twitter:label1\" content=\"Written by\" \/>\n\t<meta name=\"twitter:data1\" content=\"mcautocaravanas\" \/>\n\t<meta name=\"twitter:label2\" content=\"Est. reading time\" \/>\n\t<meta name=\"twitter:data2\" content=\"14 minutua\" \/>\n<script type=\"application\/ld+json\" class=\"yoast-schema-graph\">{\"@context\":\"https:\\\/\\\/schema.org\",\"@graph\":[{\"@type\":\"Article\",\"@id\":\"https:\\\/\\\/mcautocaravanas.com\\\/fiat-ducato-mageo-109\\\/#article\",\"isPartOf\":{\"@id\":\"https:\\\/\\\/mcautocaravanas.com\\\/fiat-ducato-mageo-109\\\/\"},\"author\":{\"name\":\"mcautocaravanas\",\"@id\":\"https:\\\/\\\/mcautocaravanas.com\\\/#\\\/schema\\\/person\\\/a52f2c7d5cbfcc2609bc27222231ad9a\"},\"headline\":\"Fiat Ducato Mageo 109\",\"datePublished\":\"2025-09-19T11:40:48+00:00\",\"dateModified\":\"2025-10-20T18:50:47+00:00\",\"mainEntityOfPage\":{\"@id\":\"https:\\\/\\\/mcautocaravanas.com\\\/fiat-ducato-mageo-109\\\/\"},\"wordCount\":102,\"commentCount\":0,\"publisher\":{\"@id\":\"https:\\\/\\\/mcautocaravanas.com\\\/#organization\"},\"image\":{\"@id\":\"https:\\\/\\\/mcautocaravanas.com\\\/fiat-ducato-mageo-109\\\/#primaryimage\"},\"thumbnailUrl\":\"https:\\\/\\\/mcautocaravanas.com\\\/wp-content\\\/uploads\\\/2025\\\/09\\\/VENDIDA-20.jpg\",\"articleSection\":[\"Autocaravanas y furgocamper de segunda mano\",\"Venta\"],\"inLanguage\":\"eu\",\"potentialAction\":[{\"@type\":\"CommentAction\",\"name\":\"Comment\",\"target\":[\"https:\\\/\\\/mcautocaravanas.com\\\/fiat-ducato-mageo-109\\\/#respond\"]}]},{\"@type\":\"WebPage\",\"@id\":\"https:\\\/\\\/mcautocaravanas.com\\\/fiat-ducato-mageo-109\\\/\",\"url\":\"https:\\\/\\\/mcautocaravanas.com\\\/fiat-ducato-mageo-109\\\/\",\"name\":\"Fiat Ducato Mageo 109 - M.C. Autocaravanas Getxo S.L\",\"isPartOf\":{\"@id\":\"https:\\\/\\\/mcautocaravanas.com\\\/#website\"},\"primaryImageOfPage\":{\"@id\":\"https:\\\/\\\/mcautocaravanas.com\\\/fiat-ducato-mageo-109\\\/#primaryimage\"},\"image\":{\"@id\":\"https:\\\/\\\/mcautocaravanas.com\\\/fiat-ducato-mageo-109\\\/#primaryimage\"},\"thumbnailUrl\":\"https:\\\/\\\/mcautocaravanas.com\\\/wp-content\\\/uploads\\\/2025\\\/09\\\/VENDIDA-20.jpg\",\"datePublished\":\"2025-09-19T11:40:48+00:00\",\"dateModified\":\"2025-10-20T18:50:47+00:00\",\"description\":\"Financiaci\u00f3n 100%Puedes visitarla en nuestras instalaciones, concertando una cita telef\u00f3nica. \u00a1Estaremos encantados de atenderte y asesorarte!\",\"breadcrumb\":{\"@id\":\"https:\\\/\\\/mcautocaravanas.com\\\/fiat-ducato-mageo-109\\\/#breadcrumb\"},\"inLanguage\":\"eu\",\"potentialAction\":[{\"@type\":\"ReadAction\",\"target\":[\"https:\\\/\\\/mcautocaravanas.com\\\/fiat-ducato-mageo-109\\\/\"]}]},{\"@type\":\"ImageObject\",\"inLanguage\":\"eu\",\"@id\":\"https:\\\/\\\/mcautocaravanas.com\\\/fiat-ducato-mageo-109\\\/#primaryimage\",\"url\":\"https:\\\/\\\/mcautocaravanas.com\\\/wp-content\\\/uploads\\\/2025\\\/09\\\/VENDIDA-20.jpg\",\"contentUrl\":\"https:\\\/\\\/mcautocaravanas.com\\\/wp-content\\\/uploads\\\/2025\\\/09\\\/VENDIDA-20.jpg\",\"width\":1536,\"height\":1052},{\"@type\":\"BreadcrumbList\",\"@id\":\"https:\\\/\\\/mcautocaravanas.com\\\/fiat-ducato-mageo-109\\\/#breadcrumb\",\"itemListElement\":[{\"@type\":\"ListItem\",\"position\":1,\"name\":\"Portada\",\"item\":\"https:\\\/\\\/mcautocaravanas.com\\\/\"},{\"@type\":\"ListItem\",\"position\":2,\"name\":\"Fiat Ducato Mageo 109\"}]},{\"@type\":\"WebSite\",\"@id\":\"https:\\\/\\\/mcautocaravanas.com\\\/#website\",\"url\":\"https:\\\/\\\/mcautocaravanas.com\\\/\",\"name\":\"M.C. Autocaravanas Getxo S.L\",\"description\":\"\u00bfListo para una aventura inolvidable? En M.C Autocaravanas Getxo, te ofrecemos la oportunidad de explorar el mundo a tu ritmo con nuestras autocaravanas de \u00faltima generaci\u00f3n.\",\"publisher\":{\"@id\":\"https:\\\/\\\/mcautocaravanas.com\\\/#organization\"},\"potentialAction\":[{\"@type\":\"SearchAction\",\"target\":{\"@type\":\"EntryPoint\",\"urlTemplate\":\"https:\\\/\\\/mcautocaravanas.com\\\/?s={search_term_string}\"},\"query-input\":{\"@type\":\"PropertyValueSpecification\",\"valueRequired\":true,\"valueName\":\"search_term_string\"}}],\"inLanguage\":\"eu\"},{\"@type\":\"Organization\",\"@id\":\"https:\\\/\\\/mcautocaravanas.com\\\/#organization\",\"name\":\"M.C. Autocaravanas Getxo S.L\",\"url\":\"https:\\\/\\\/mcautocaravanas.com\\\/\",\"logo\":{\"@type\":\"ImageObject\",\"inLanguage\":\"eu\",\"@id\":\"https:\\\/\\\/mcautocaravanas.com\\\/#\\\/schema\\\/logo\\\/image\\\/\",\"url\":\"https:\\\/\\\/mcautocaravanas.com\\\/wp-content\\\/uploads\\\/2024\\\/06\\\/cropped-cropped-M.C-AUTOCARAVANAS-1-2.png\",\"contentUrl\":\"https:\\\/\\\/mcautocaravanas.com\\\/wp-content\\\/uploads\\\/2024\\\/06\\\/cropped-cropped-M.C-AUTOCARAVANAS-1-2.png\",\"width\":512,\"height\":484,\"caption\":\"M.C. Autocaravanas Getxo S.L\"},\"image\":{\"@id\":\"https:\\\/\\\/mcautocaravanas.com\\\/#\\\/schema\\\/logo\\\/image\\\/\"}},{\"@type\":\"Person\",\"@id\":\"https:\\\/\\\/mcautocaravanas.com\\\/#\\\/schema\\\/person\\\/a52f2c7d5cbfcc2609bc27222231ad9a\",\"name\":\"mcautocaravanas\",\"image\":{\"@type\":\"ImageObject\",\"inLanguage\":\"eu\",\"@id\":\"https:\\\/\\\/secure.gravatar.com\\\/avatar\\\/07d32fc839bf9372083edbc2691f268c25b349229c1eadb54048150c3db6bd0d?s=96&d=mm&r=g\",\"url\":\"https:\\\/\\\/secure.gravatar.com\\\/avatar\\\/07d32fc839bf9372083edbc2691f268c25b349229c1eadb54048150c3db6bd0d?s=96&d=mm&r=g\",\"contentUrl\":\"https:\\\/\\\/secure.gravatar.com\\\/avatar\\\/07d32fc839bf9372083edbc2691f268c25b349229c1eadb54048150c3db6bd0d?s=96&d=mm&r=g\",\"caption\":\"mcautocaravanas\"},\"sameAs\":[\"https:\\\/\\\/mcautocaravanas.com\",\"https:\\\/\\\/www.facebook.com\\\/people\\\/McAutocaravanas-Getxo\\\/100086353929860\\\/?_rdr\",\"https:\\\/\\\/www.instagram.com\\\/mc_autocaravanas_getxo\\\/\"],\"url\":\"https:\\\/\\\/mcautocaravanas.com\\\/eus\\\/author\\\/mcautocaravanas\\\/\"}]}<\/script>\n<!-- \/ Yoast SEO plugin. -->","yoast_head_json":{"title":"Fiat Ducato Mageo 109 - M.C. Autocaravanas Getxo S.L","description":"Financiaci\u00f3n 100%Puedes visitarla en nuestras instalaciones, concertando una cita telef\u00f3nica. \u00a1Estaremos encantados de atenderte y asesorarte!","robots":{"index":"index","follow":"follow","max-snippet":"max-snippet:-1","max-image-preview":"max-image-preview:large","max-video-preview":"max-video-preview:-1"},"canonical":"https:\/\/mcautocaravanas.com\/eus\/fiat-ducato-mageo-109\/","og_locale":"en_US","og_type":"article","og_title":"Fiat Ducato Mageo 109 - M.C. Autocaravanas Getxo S.L","og_description":"Financiaci\u00f3n 100%Puedes visitarla en nuestras instalaciones, concertando una cita telef\u00f3nica. \u00a1Estaremos encantados de atenderte y asesorarte!","og_url":"https:\/\/mcautocaravanas.com\/eus\/fiat-ducato-mageo-109\/","og_site_name":"M.C. Autocaravanas Getxo S.L","article_author":"https:\/\/www.facebook.com\/people\/McAutocaravanas-Getxo\/100086353929860\/?_rdr","article_published_time":"2025-09-19T11:40:48+00:00","article_modified_time":"2025-10-20T18:50:47+00:00","og_image":[{"width":1536,"height":1052,"url":"https:\/\/mcautocaravanas.com\/wp-content\/uploads\/2025\/09\/VENDIDA-20.jpg","type":"image\/jpeg"}],"author":"mcautocaravanas","twitter_card":"summary_large_image","twitter_misc":{"Written by":"mcautocaravanas","Est. reading time":"14 minutua"},"schema":{"@context":"https:\/\/schema.org","@graph":[{"@type":"Article","@id":"https:\/\/mcautocaravanas.com\/fiat-ducato-mageo-109\/#article","isPartOf":{"@id":"https:\/\/mcautocaravanas.com\/fiat-ducato-mageo-109\/"},"author":{"name":"mcautocaravanas","@id":"https:\/\/mcautocaravanas.com\/#\/schema\/person\/a52f2c7d5cbfcc2609bc27222231ad9a"},"headline":"Fiat Ducato Mageo 109","datePublished":"2025-09-19T11:40:48+00:00","dateModified":"2025-10-20T18:50:47+00:00","mainEntityOfPage":{"@id":"https:\/\/mcautocaravanas.com\/fiat-ducato-mageo-109\/"},"wordCount":102,"commentCount":0,"publisher":{"@id":"https:\/\/mcautocaravanas.com\/#organization"},"image":{"@id":"https:\/\/mcautocaravanas.com\/fiat-ducato-mageo-109\/#primaryimage"},"thumbnailUrl":"https:\/\/mcautocaravanas.com\/wp-content\/uploads\/2025\/09\/VENDIDA-20.jpg","articleSection":["Autocaravanas y furgocamper de segunda mano","Venta"],"inLanguage":"eu","potentialAction":[{"@type":"CommentAction","name":"Comment","target":["https:\/\/mcautocaravanas.com\/fiat-ducato-mageo-109\/#respond"]}]},{"@type":"WebPage","@id":"https:\/\/mcautocaravanas.com\/fiat-ducato-mageo-109\/","url":"https:\/\/mcautocaravanas.com\/fiat-ducato-mageo-109\/","name":"Fiat Ducato Mageo 109 - M.C. Autocaravanas Getxo S.L","isPartOf":{"@id":"https:\/\/mcautocaravanas.com\/#website"},"primaryImageOfPage":{"@id":"https:\/\/mcautocaravanas.com\/fiat-ducato-mageo-109\/#primaryimage"},"image":{"@id":"https:\/\/mcautocaravanas.com\/fiat-ducato-mageo-109\/#primaryimage"},"thumbnailUrl":"https:\/\/mcautocaravanas.com\/wp-content\/uploads\/2025\/09\/VENDIDA-20.jpg","datePublished":"2025-09-19T11:40:48+00:00","dateModified":"2025-10-20T18:50:47+00:00","description":"Financiaci\u00f3n 100%Puedes visitarla en nuestras instalaciones, concertando una cita telef\u00f3nica. \u00a1Estaremos encantados de atenderte y asesorarte!","breadcrumb":{"@id":"https:\/\/mcautocaravanas.com\/fiat-ducato-mageo-109\/#breadcrumb"},"inLanguage":"eu","potentialAction":[{"@type":"ReadAction","target":["https:\/\/mcautocaravanas.com\/fiat-ducato-mageo-109\/"]}]},{"@type":"ImageObject","inLanguage":"eu","@id":"https:\/\/mcautocaravanas.com\/fiat-ducato-mageo-109\/#primaryimage","url":"https:\/\/mcautocaravanas.com\/wp-content\/uploads\/2025\/09\/VENDIDA-20.jpg","contentUrl":"https:\/\/mcautocaravanas.com\/wp-content\/uploads\/2025\/09\/VENDIDA-20.jpg","width":1536,"height":1052},{"@type":"BreadcrumbList","@id":"https:\/\/mcautocaravanas.com\/fiat-ducato-mageo-109\/#breadcrumb","itemListElement":[{"@type":"ListItem","position":1,"name":"Portada","item":"https:\/\/mcautocaravanas.com\/"},{"@type":"ListItem","position":2,"name":"Fiat Ducato Mageo 109"}]},{"@type":"WebSite","@id":"https:\/\/mcautocaravanas.com\/#website","url":"https:\/\/mcautocaravanas.com\/","name":"M.C. Autocaravanas Getxo S.L","description":"Abentura ahaztezin baterako prest? M.C Autocaravanas Getxon, mundua zure erritmoan esploratzeko aukera eskaintzen dizugu gure azken belaunaldiko autokarabanekin.","publisher":{"@id":"https:\/\/mcautocaravanas.com\/#organization"},"potentialAction":[{"@type":"SearchAction","target":{"@type":"EntryPoint","urlTemplate":"https:\/\/mcautocaravanas.com\/?s={search_term_string}"},"query-input":{"@type":"PropertyValueSpecification","valueRequired":true,"valueName":"search_term_string"}}],"inLanguage":"eu"},{"@type":"Organization","@id":"https:\/\/mcautocaravanas.com\/#organization","name":"M.C. Autocaravanas Getxo S.L","url":"https:\/\/mcautocaravanas.com\/","logo":{"@type":"ImageObject","inLanguage":"eu","@id":"https:\/\/mcautocaravanas.com\/#\/schema\/logo\/image\/","url":"https:\/\/mcautocaravanas.com\/wp-content\/uploads\/2024\/06\/cropped-cropped-M.C-AUTOCARAVANAS-1-2.png","contentUrl":"https:\/\/mcautocaravanas.com\/wp-content\/uploads\/2024\/06\/cropped-cropped-M.C-AUTOCARAVANAS-1-2.png","width":512,"height":484,"caption":"M.C. Autocaravanas Getxo S.L"},"image":{"@id":"https:\/\/mcautocaravanas.com\/#\/schema\/logo\/image\/"}},{"@type":"Person","@id":"https:\/\/mcautocaravanas.com\/#\/schema\/person\/a52f2c7d5cbfcc2609bc27222231ad9a","name":"mcautocaravanas","image":{"@type":"ImageObject","inLanguage":"eu","@id":"https:\/\/secure.gravatar.com\/avatar\/07d32fc839bf9372083edbc2691f268c25b349229c1eadb54048150c3db6bd0d?s=96&d=mm&r=g","url":"https:\/\/secure.gravatar.com\/avatar\/07d32fc839bf9372083edbc2691f268c25b349229c1eadb54048150c3db6bd0d?s=96&d=mm&r=g","contentUrl":"https:\/\/secure.gravatar.com\/avatar\/07d32fc839bf9372083edbc2691f268c25b349229c1eadb54048150c3db6bd0d?s=96&d=mm&r=g","caption":"mcautocaravanas"},"sameAs":["https:\/\/mcautocaravanas.com","https:\/\/www.facebook.com\/people\/McAutocaravanas-Getxo\/100086353929860\/?_rdr","https:\/\/www.instagram.com\/mc_autocaravanas_getxo\/"],"url":"https:\/\/mcautocaravanas.com\/eus\/author\/mcautocaravanas\/"}]}},"jetpack_featured_media_url":"https:\/\/mcautocaravanas.com\/wp-content\/uploads\/2025\/09\/VENDIDA-20.jpg","_links":{"self":[{"href":"https:\/\/mcautocaravanas.com\/eus\/wp-json\/wp\/v2\/posts\/3725","targetHints":{"allow":["GET"]}}],"collection":[{"href":"https:\/\/mcautocaravanas.com\/eus\/wp-json\/wp\/v2\/posts"}],"about":[{"href":"https:\/\/mcautocaravanas.com\/eus\/wp-json\/wp\/v2\/types\/post"}],"author":[{"embeddable":true,"href":"https:\/\/mcautocaravanas.com\/eus\/wp-json\/wp\/v2\/users\/1"}],"replies":[{"embeddable":true,"href":"https:\/\/mcautocaravanas.com\/eus\/wp-json\/wp\/v2\/comments?post=3725"}],"version-history":[{"count":7,"href":"https:\/\/mcautocaravanas.com\/eus\/wp-json\/wp\/v2\/posts\/3725\/revisions"}],"predecessor-version":[{"id":3872,"href":"https:\/\/mcautocaravanas.com\/eus\/wp-json\/wp\/v2\/posts\/3725\/revisions\/3872"}],"wp:featuredmedia":[{"embeddable":true,"href":"https:\/\/mcautocaravanas.com\/eus\/wp-json\/wp\/v2\/media\/3869"}],"wp:attachment":[{"href":"https:\/\/mcautocaravanas.com\/eus\/wp-json\/wp\/v2\/media?parent=3725"}],"wp:term":[{"taxonomy":"category","embeddable":true,"href":"https:\/\/mcautocaravanas.com\/eus\/wp-json\/wp\/v2\/categories?post=3725"},{"taxonomy":"post_tag","embeddable":true,"href":"https:\/\/mcautocaravanas.com\/eus\/wp-json\/wp\/v2\/tags?post=3725"}],"curies":[{"name":"wp","href":"https:\/\/api.w.org\/{rel}","templated":true}]}}