{"id":3115,"date":"2025-07-11T22:09:15","date_gmt":"2025-07-11T22:09:15","guid":{"rendered":"https:\/\/mcautocaravanas.com\/?p=3115"},"modified":"2025-09-10T20:46:02","modified_gmt":"2025-09-10T20:46:02","slug":"volkswagen-multivan-outdoor-corto-2-0-tdi-bmt","status":"publish","type":"post","link":"https:\/\/mcautocaravanas.com\/eus\/volkswagen-multivan-outdoor-corto-2-0-tdi-bmt\/","title":{"rendered":"VOLKSWAGEN Multivan Outdoor Corto 2.0 TDI BMT"},"content":{"rendered":"<div data-elementor-type=\"wp-post\" data-elementor-id=\"3115\" class=\"elementor elementor-3115\" data-elementor-post-type=\"post\">\n\t\t\t\t<div class=\"elementor-element elementor-element-91d6c64 e-flex e-con-boxed e-con e-parent\" data-id=\"91d6c64\" data-element_type=\"container\" data-e-type=\"container\">\n\t\t\t\t\t<div class=\"e-con-inner\">\n\t\t\t\t<div class=\"elementor-element elementor-element-c293d15 elementor-widget elementor-widget-image\" data-id=\"c293d15\" data-element_type=\"widget\" data-e-type=\"widget\" data-widget_type=\"image.default\">\n\t\t\t\t<div class=\"elementor-widget-container\">\n\t\t\t\t\t\t\t\t\t\t\t\t\t\t\t<img fetchpriority=\"high\" decoding=\"async\" width=\"800\" height=\"548\" src=\"https:\/\/mcautocaravanas.com\/wp-content\/uploads\/2025\/07\/VENDIDA-1024x701.png\" class=\"attachment-large size-large wp-image-3661\" alt=\"\" srcset=\"https:\/\/mcautocaravanas.com\/wp-content\/uploads\/2025\/07\/VENDIDA-1024x701.png 1024w, https:\/\/mcautocaravanas.com\/wp-content\/uploads\/2025\/07\/VENDIDA-300x205.png 300w, https:\/\/mcautocaravanas.com\/wp-content\/uploads\/2025\/07\/VENDIDA-768x526.png 768w, https:\/\/mcautocaravanas.com\/wp-content\/uploads\/2025\/07\/VENDIDA-18x12.png 18w, https:\/\/mcautocaravanas.com\/wp-content\/uploads\/2025\/07\/VENDIDA.png 1536w\" sizes=\"(max-width: 800px) 100vw, 800px\" \/>\t\t\t\t\t\t\t\t\t\t\t\t\t\t\t<\/div>\n\t\t\t\t<\/div>\n\t\t\t\t\t<\/div>\n\t\t\t\t<\/div>\n\t\t<div class=\"elementor-element elementor-element-6a34a19 e-flex e-con-boxed e-con e-parent\" data-id=\"6a34a19\" data-element_type=\"container\" data-e-type=\"container\">\n\t\t\t\t\t<div class=\"e-con-inner\">\n\t\t\t\t<div class=\"elementor-element elementor-element-c64a612 elementor-headline--style-highlight elementor-widget elementor-widget-animated-headline\" data-id=\"c64a612\" data-element_type=\"widget\" data-e-type=\"widget\" data-settings=\"{&quot;marker&quot;:&quot;strikethrough&quot;,&quot;highlighted_text&quot;:&quot;31.000\\u20ac&quot;,&quot;headline_style&quot;:&quot;highlight&quot;,&quot;loop&quot;:&quot;yes&quot;,&quot;highlight_animation_duration&quot;:1200,&quot;highlight_iteration_delay&quot;:8000}\" data-widget_type=\"animated-headline.default\">\n\t\t\t\t<div class=\"elementor-widget-container\">\n\t\t\t\t\t\t\t<h3 class=\"elementor-headline\">\n\t\t\t\t<span class=\"elementor-headline-dynamic-wrapper elementor-headline-text-wrapper\">\n\t\t\t\t\t<span class=\"elementor-headline-dynamic-text elementor-headline-text-active\">31.000\u20ac<\/span>\n\t\t\t\t<\/span>\n\t\t\t\t\t<span class=\"elementor-headline-plain-text elementor-headline-text-wrapper\">26.900\u20ac<\/span>\n\t\t\t\t\t<\/h3>\n\t\t\t\t\t\t<\/div>\n\t\t\t\t<\/div>\n\t\t\t\t\t<\/div>\n\t\t\t\t<\/div>\n\t\t<div class=\"elementor-element elementor-element-34eec96 e-flex e-con-boxed e-con e-parent\" data-id=\"34eec96\" data-element_type=\"container\" data-e-type=\"container\">\n\t\t\t\t\t<div class=\"e-con-inner\">\n\t\t\t\t<div class=\"elementor-element elementor-element-2582b38 elementor-widget elementor-widget-image\" data-id=\"2582b38\" data-element_type=\"widget\" data-e-type=\"widget\" data-widget_type=\"image.default\">\n\t\t\t\t<div class=\"elementor-widget-container\">\n\t\t\t\t\t\t\t\t\t\t\t\t\t\t\t<img decoding=\"async\" width=\"690\" height=\"177\" src=\"https:\/\/mcautocaravanas.com\/wp-content\/uploads\/2025\/05\/Captura-de-pantalla-2025-05-15-130035.png\" class=\"attachment-large size-large wp-image-3034\" alt=\"\" srcset=\"https:\/\/mcautocaravanas.com\/wp-content\/uploads\/2025\/05\/Captura-de-pantalla-2025-05-15-130035.png 690w, https:\/\/mcautocaravanas.com\/wp-content\/uploads\/2025\/05\/Captura-de-pantalla-2025-05-15-130035-300x77.png 300w, https:\/\/mcautocaravanas.com\/wp-content\/uploads\/2025\/05\/Captura-de-pantalla-2025-05-15-130035-18x5.png 18w\" sizes=\"(max-width: 690px) 100vw, 690px\" \/>\t\t\t\t\t\t\t\t\t\t\t\t\t\t\t<\/div>\n\t\t\t\t<\/div>\n\t\t\t\t\t<\/div>\n\t\t\t\t<\/div>\n\t\t<div class=\"elementor-element elementor-element-2df71c2 e-grid e-con-boxed e-con e-parent\" data-id=\"2df71c2\" data-element_type=\"container\" data-e-type=\"container\">\n\t\t\t\t\t<div class=\"e-con-inner\">\n\t\t\t\t<div class=\"elementor-element elementor-element-5b3d8aa elementor-widget elementor-widget-text-editor\" data-id=\"5b3d8aa\" data-element_type=\"widget\" data-e-type=\"widget\" data-widget_type=\"text-editor.default\">\n\t\t\t\t<div class=\"elementor-widget-container\">\n\t\t\t\t\t\t\t\t\t<p style=\"text-align: center;\"><strong>CARACTER\u00cdSTICAS<\/strong><\/p><hr \/><div class=\"mt-PanelAdDetails-comments\"><div class=\"mt-PanelAdDetails-commentsContent\" data-testid=\"mt-PanelAdDetails-description\">Volkswagen Multivan Outdoor 2016 Modelo:<\/div><div class=\"mt-PanelAdDetails-commentsContent\" data-testid=\"mt-PanelAdDetails-description\">\u2022 Motor 2.0 TDI, 150 CV<\/div><div class=\"mt-PanelAdDetails-commentsContent\" data-testid=\"mt-PanelAdDetails-description\">\u2022 A\u00f1o 2016 200.000 km<\/div><div class=\"mt-PanelAdDetails-commentsContent\" data-testid=\"mt-PanelAdDetails-description\">\u2022 Di\u00e9sel, transmisi\u00f3n manual, 5 plazas, ITV al d\u00eda<\/div><div class=\"mt-PanelAdDetails-commentsContent\" data-testid=\"mt-PanelAdDetails-description\">Equipamiento:<\/div><div class=\"mt-PanelAdDetails-commentsContent\" data-testid=\"mt-PanelAdDetails-description\">\u2022 Cama Multiflex con colch\u00f3n<\/div><div class=\"mt-PanelAdDetails-commentsContent\" data-testid=\"mt-PanelAdDetails-description\">\u2022 Port\u00f3n lateral electr\u00f3nico<\/div><div class=\"mt-PanelAdDetails-commentsContent\" data-testid=\"mt-PanelAdDetails-description\">\u2022 Pantalla con navegador y climatizador trizona<\/div><div class=\"mt-PanelAdDetails-commentsContent\" data-testid=\"mt-PanelAdDetails-description\">\u2022 C\u00e1mara trasera, sensores de aparcamiento \u2022 Calefacci\u00f3n estacionaria de la casa vw oficial<\/div><div class=\"mt-PanelAdDetails-commentsContent\" data-testid=\"mt-PanelAdDetails-description\">\u2022 Asientos giratorios conductor y copiloto + mesa interior<\/div><div class=\"mt-PanelAdDetails-commentsContent\" data-testid=\"mt-PanelAdDetails-description\">\u2022 Control de crucero<\/div><div class=\"mt-PanelAdDetails-commentsContent\" data-testid=\"mt-PanelAdDetails-description\">\u2022 2 bater\u00edas motor + avitaculo.<\/div><div class=\"mt-PanelAdDetails-commentsContent\" data-testid=\"mt-PanelAdDetails-description\">Mantenimiento al d\u00eda.<\/div><div class=\"mt-PanelAdDetails-commentsContent\" data-testid=\"mt-PanelAdDetails-description\">GARANTIA 12 MESES<\/div><\/div><div class=\"mt-PanelAdDetails-optionalEquipment\"><div class=\"mt-TitleBasic-titleWrapper mt-TitleBasic-titleWrapper--black mt-TitleBasic-titleWrapper--left\"><h2 class=\"mt-TitleBasic-title mt-TitleBasic-title--xs mt-TitleBasic-title--black\">Equipamiento extra<\/h2><\/div><div class=\"mt-PanelAdDetails-optionalEquipmentGroup\"><div class=\"mt-TitleBasic-titleWrapper mt-TitleBasic-titleWrapper--gray mt-TitleBasic-titleWrapper--left\"><h5 class=\"mt-TitleBasic-title mt-TitleBasic-title--xxs mt-TitleBasic-title--gray\">Otros extras<\/h5><\/div><ul class=\"mt-ListBasic-list is-iconList mt-ListBasic-list--cols2\"><li class=\"mt-ListBasic-listItem mt-ListBasic-listItem--marginBottomL mt-ListBasic-listItem-icon\"><div><div class=\"mt-ListBasic-listItemContent\">Volkswagen Media Control y App-Connect<\/div><\/div><\/li><\/ul><\/div><div class=\"mt-PanelAdDetails-optionalEquipmentGroup\"><div class=\"mt-TitleBasic-titleWrapper mt-TitleBasic-titleWrapper--gray mt-TitleBasic-titleWrapper--left\"><h5 class=\"mt-TitleBasic-title mt-TitleBasic-title--xxs mt-TitleBasic-title--gray\">Acabado Interior<\/h5><\/div><ul class=\"mt-ListBasic-list is-iconList mt-ListBasic-list--cols2\"><li class=\"mt-ListBasic-listItem mt-ListBasic-listItem--marginBottomL mt-ListBasic-listItem-icon\"><div><div class=\"mt-ListBasic-listItemContent\">Alfombrilla reversible para maletero<\/div><\/div><\/li><li class=\"mt-ListBasic-listItem mt-ListBasic-listItem--marginBottomL mt-ListBasic-listItem-icon\"><div><div class=\"mt-ListBasic-listItemContent\">Alfombrillas (velours) en la cabina<\/div><\/div><\/li><li class=\"mt-ListBasic-listItem mt-ListBasic-listItem--marginBottomL mt-ListBasic-listItem-icon\"><div><div class=\"mt-ListBasic-listItemContent\">Calefacci\u00f3n para asientos en la cabina, izquierda y derecha, regulable por separado<\/div><\/div><\/li><li class=\"mt-ListBasic-listItem mt-ListBasic-listItem--marginBottomL mt-ListBasic-listItem-icon\"><div><div class=\"mt-ListBasic-listItemContent\">Moldura decorativa \u00abDark Silver Brushed\u00bb banda decorativa en color de parte inferior de pintura exterior<\/div><\/div><\/li><li class=\"mt-ListBasic-listItem mt-ListBasic-listItem--marginBottomL mt-ListBasic-listItem-icon\"><div><div class=\"mt-ListBasic-listItemContent\">Multiflexboard acolchado (si existe, se elimina la bandeja delmaletero)<\/div><\/div><\/li><li class=\"mt-ListBasic-listItem mt-ListBasic-listItem--marginBottomL mt-ListBasic-listItem-icon\"><div><div class=\"mt-ListBasic-listItemContent\">Revestimiento de moqueta para protecci\u00f3n antirroce en el suelo del habit\u00e1culo<\/div><\/div><\/li><li class=\"mt-ListBasic-listItem mt-ListBasic-listItem--marginBottomL mt-ListBasic-listItem-icon\"><div><div class=\"mt-ListBasic-listItemContent\">Versi\u00f3n fumador (enchufe de 12 V con encendedor, cenicero y 2portavasos en el cuadro de mandos)<\/div><\/div><\/li><li class=\"mt-ListBasic-listItem mt-ListBasic-listItem--marginBottomL mt-ListBasic-listItem-icon\"><div><div class=\"mt-ListBasic-listItemContent\">Volante y pomo cambio en cuero<\/div><\/div><\/li><\/ul><\/div><div class=\"mt-PanelAdDetails-optionalEquipmentGroup\"><div class=\"mt-TitleBasic-titleWrapper mt-TitleBasic-titleWrapper--gray mt-TitleBasic-titleWrapper--left\"><h5 class=\"mt-TitleBasic-title mt-TitleBasic-title--xxs mt-TitleBasic-title--gray\">Multimedia y Audio<\/h5><\/div><ul class=\"mt-ListBasic-list is-iconList mt-ListBasic-list--cols2\"><li class=\"mt-ListBasic-listItem mt-ListBasic-listItem--marginBottomL mt-ListBasic-listItem-icon\"><div><div class=\"mt-ListBasic-listItemContent\">2 Interfaces USB (para iPod-\/iPhone-\/iPad) y enchufe multimedia AUX-IN<\/div><\/div><\/li><li class=\"mt-ListBasic-listItem mt-ListBasic-listItem--marginBottomL mt-ListBasic-listItem-icon\"><div><div class=\"mt-ListBasic-listItemContent\">Interfaz para tel\u00e9fono m\u00f3vil \u00abComfort\u00bb<\/div><\/div><\/li><li class=\"mt-ListBasic-listItem mt-ListBasic-listItem--marginBottomL mt-ListBasic-listItem-icon\"><div><div class=\"mt-ListBasic-listItemContent\">Receptor de radio digital (DAB+)<\/div><\/div><\/li><li class=\"mt-ListBasic-listItem mt-ListBasic-listItem--marginBottomL mt-ListBasic-listItem-icon\"><div><div class=\"mt-ListBasic-listItemContent\">Sistema de navegaci\u00f3n \u00abDiscover Media\u00bb<\/div><\/div><\/li><li class=\"mt-ListBasic-listItem mt-ListBasic-listItem--marginBottomL mt-ListBasic-listItem-icon\"><div><div class=\"mt-ListBasic-listItemContent\">Volkswagen Media Control<\/div><\/div><\/li><\/ul><\/div><div class=\"mt-PanelAdDetails-optionalEquipmentGroup\"><div class=\"mt-TitleBasic-titleWrapper mt-TitleBasic-titleWrapper--gray mt-TitleBasic-titleWrapper--left\"><h5 class=\"mt-TitleBasic-title mt-TitleBasic-title--xxs mt-TitleBasic-title--gray\">Datos no clasificados<\/h5><\/div><ul class=\"mt-ListBasic-list is-iconList mt-ListBasic-list--cols2\"><li class=\"mt-ListBasic-listItem mt-ListBasic-listItem--marginBottomL mt-ListBasic-listItem-icon\"><div><div class=\"mt-ListBasic-listItemContent\">2 Asientos individuales giratorios con regulaci\u00f3n longitudinal en 2\u00aa fila<\/div><\/div><\/li><\/ul><\/div><div class=\"mt-PanelAdDetails-optionalEquipmentGroup\"><div class=\"mt-TitleBasic-titleWrapper mt-TitleBasic-titleWrapper--gray mt-TitleBasic-titleWrapper--left\"><h5 class=\"mt-TitleBasic-title mt-TitleBasic-title--xxs mt-TitleBasic-title--gray\">Confort<\/h5><\/div><ul class=\"mt-ListBasic-list is-iconList mt-ListBasic-list--cols2\"><li class=\"mt-ListBasic-listItem mt-ListBasic-listItem--marginBottomL mt-ListBasic-listItem-icon\"><div><div class=\"mt-ListBasic-listItemContent\">Alarma antirrobo con vigilancia del habit\u00e1culo, sirena de alarmay protecci\u00f3n contra remolque<\/div><\/div><\/li><li class=\"mt-ListBasic-listItem mt-ListBasic-listItem--marginBottomL mt-ListBasic-listItem-icon\"><div><div class=\"mt-ListBasic-listItemContent\">Amplificaci\u00f3n electr\u00f3nica de voz<\/div><\/div><\/li><li class=\"mt-ListBasic-listItem mt-ListBasic-listItem--marginBottomL mt-ListBasic-listItem-icon\"><div><div class=\"mt-ListBasic-listItemContent\">Calefacci\u00f3n auxiliar de agua con temporizador<\/div><\/div><\/li><li class=\"mt-ListBasic-listItem mt-ListBasic-listItem--marginBottomL mt-ListBasic-listItem-icon\"><div><div class=\"mt-ListBasic-listItemContent\">Calefacci\u00f3n de aire estacionaria programable<\/div><\/div><\/li><li class=\"mt-ListBasic-listItem mt-ListBasic-listItem--marginBottomL mt-ListBasic-listItem-icon\"><div><div class=\"mt-ListBasic-listItemContent\">Calefacci\u00f3n de aire estacionaria programable; calefacci\u00f3n adicional<\/div><\/div><\/li><li class=\"mt-ListBasic-listItem mt-ListBasic-listItem--marginBottomL mt-ListBasic-listItem-icon\"><div><div class=\"mt-ListBasic-listItemContent\">Cierre centralizado con control remoto, accionamiento desde el interior y cierre de seguridad<\/div><\/div><\/li><li class=\"mt-ListBasic-listItem mt-ListBasic-listItem--marginBottomL mt-ListBasic-listItem-icon\"><div><div class=\"mt-ListBasic-listItemContent\">Climatizador \u00abAir Care Climatronic\u00bb + reg. temperatura 3 zonas, filtro al\u00e9rgenos, calefacci\u00f3n adic. y techo clima.<\/div><\/div><\/li><li class=\"mt-ListBasic-listItem mt-ListBasic-listItem--marginBottomL mt-ListBasic-listItem-icon\"><div><div class=\"mt-ListBasic-listItemContent\">Control por voz y amplificaci\u00f3n electr\u00f3nica de voz<\/div><\/div><\/li><li class=\"mt-ListBasic-listItem mt-ListBasic-listItem--marginBottomL mt-ListBasic-listItem-icon\"><div><div class=\"mt-ListBasic-listItemContent\">Cortinillas laterales extensibles antideslumbrantes<\/div><\/div><\/li><li class=\"mt-ListBasic-listItem mt-ListBasic-listItem--marginBottomL mt-ListBasic-listItem-icon\"><div><div class=\"mt-ListBasic-listItemContent\">Difusores t\u00e9rmicos de lavado delante<\/div><\/div><\/li><li class=\"mt-ListBasic-listItem mt-ListBasic-listItem--marginBottomL mt-ListBasic-listItem-icon\"><div><div class=\"mt-ListBasic-listItemContent\">Difusores t\u00e9rmicos de lavado delante e indicador del nivel deagua<\/div><\/div><\/li><li class=\"mt-ListBasic-listItem mt-ListBasic-listItem--marginBottomL mt-ListBasic-listItem-icon\"><div><div class=\"mt-ListBasic-listItemContent\">Direcci\u00f3n asistida dependiendo de la velocidad (Servotronic)<\/div><\/div><\/li><li class=\"mt-ListBasic-listItem mt-ListBasic-listItem--marginBottomL mt-ListBasic-listItem-icon\"><div><div class=\"mt-ListBasic-listItemContent\">Faros principales y traseros LED<\/div><\/div><\/li><li class=\"mt-ListBasic-listItem mt-ListBasic-listItem--marginBottomL mt-ListBasic-listItem-icon\"><div><div class=\"mt-ListBasic-listItemContent\">Manilla de cierre para el port\u00f3n del maletero<\/div><\/div><\/li><li class=\"mt-ListBasic-listItem mt-ListBasic-listItem--marginBottomL mt-ListBasic-listItem-icon\"><div><div class=\"mt-ListBasic-listItemContent\">Regulaci\u00f3n de las luces de carretera \u00abLight Assist\u00bb<\/div><\/div><\/li><li class=\"mt-ListBasic-listItem mt-ListBasic-listItem--marginBottomL mt-ListBasic-listItem-icon\"><div><div class=\"mt-ListBasic-listItemContent\">Seguro para ni\u00f1os en las puertas y tapas en el habit\u00e1culo<\/div><\/div><\/li><\/ul><\/div><div class=\"mt-PanelAdDetails-optionalEquipmentGroup\"><div class=\"mt-TitleBasic-titleWrapper mt-TitleBasic-titleWrapper--gray mt-TitleBasic-titleWrapper--left\"><h5 class=\"mt-TitleBasic-title mt-TitleBasic-title--xxs mt-TitleBasic-title--gray\">Dimensiones<\/h5><\/div><ul class=\"mt-ListBasic-list is-iconList mt-ListBasic-list--cols2\"><li class=\"mt-ListBasic-listItem mt-ListBasic-listItem--marginBottomL mt-ListBasic-listItem-icon\"><div><div class=\"mt-ListBasic-listItemContent\">Dep\u00f3sito de combustible de 80 litros<\/div><\/div><\/li><li class=\"mt-ListBasic-listItem mt-ListBasic-listItem--marginBottomL mt-ListBasic-listItem-icon\"><div><div class=\"mt-ListBasic-listItemContent\">Enganche de remolque r\u00edgido<\/div><\/div><\/li><\/ul><\/div><div class=\"mt-PanelAdDetails-optionalEquipmentGroup\"><div class=\"mt-TitleBasic-titleWrapper mt-TitleBasic-titleWrapper--gray mt-TitleBasic-titleWrapper--left\"><h5 class=\"mt-TitleBasic-title mt-TitleBasic-title--xxs mt-TitleBasic-title--gray\">Acabado Exterior<\/h5><\/div><ul class=\"mt-ListBasic-list is-iconList mt-ListBasic-list--cols2\"><li class=\"mt-ListBasic-listItem mt-ListBasic-listItem--marginBottomL mt-ListBasic-listItem-icon\"><div><div class=\"mt-ListBasic-listItemContent\">Cierre asistido de la puerta derecha<\/div><\/div><\/li><li class=\"mt-ListBasic-listItem mt-ListBasic-listItem--marginBottomL mt-ListBasic-listItem-icon\"><div><div class=\"mt-ListBasic-listItemContent\">Pintura metalizada<\/div><\/div><\/li><li class=\"mt-ListBasic-listItem mt-ListBasic-listItem--marginBottomL mt-ListBasic-listItem-icon\"><div><div class=\"mt-ListBasic-listItemContent\">Puerta corredera derecha el\u00e9ctrica<\/div><\/div><\/li><li class=\"mt-ListBasic-listItem mt-ListBasic-listItem--marginBottomL mt-ListBasic-listItem-icon\"><div><div class=\"mt-ListBasic-listItemContent\">Tornillos de ruedas con seguro antirrobo<\/div><\/div><\/li><\/ul><\/div><div class=\"mt-PanelAdDetails-optionalEquipmentGroup\"><div class=\"mt-TitleBasic-titleWrapper mt-TitleBasic-titleWrapper--gray mt-TitleBasic-titleWrapper--left\"><h5 class=\"mt-TitleBasic-title mt-TitleBasic-title--xxs mt-TitleBasic-title--gray\">Ficha T\u00e9cnica<\/h5><\/div><ul class=\"mt-ListBasic-list is-iconList mt-ListBasic-list--cols2\"><li class=\"mt-ListBasic-listItem mt-ListBasic-listItem--marginBottomL mt-ListBasic-listItem-icon\"><div><div class=\"mt-ListBasic-listItemContent\">2\u00aa bater\u00eda con rel\u00e9 separador, libre de mantenimiento<\/div><\/div><\/li><li class=\"mt-ListBasic-listItem mt-ListBasic-listItem--marginBottomL mt-ListBasic-listItem-icon\"><div><div class=\"mt-ListBasic-listItemContent\">Bater\u00eda m\u00e1s potente<\/div><\/div><\/li><li class=\"mt-ListBasic-listItem mt-ListBasic-listItem--marginBottomL mt-ListBasic-listItem-icon\"><div><div class=\"mt-ListBasic-listItemContent\">Calefacci\u00f3n de aire estacionaria programable; con control remoto<\/div><\/div><\/li><li class=\"mt-ListBasic-listItem mt-ListBasic-listItem--marginBottomL mt-ListBasic-listItem-icon\"><div><div class=\"mt-ListBasic-listItemContent\">Calefacci\u00f3n estacionaria con calefacci\u00f3n adcional de agua con temporizador y control remoto<\/div><\/div><\/li><li class=\"mt-ListBasic-listItem mt-ListBasic-listItem--marginBottomL mt-ListBasic-listItem-icon\"><div><div class=\"mt-ListBasic-listItemContent\">Calefaci\u00f3n auxiliar de agua con temporizador y control remoto (incluye 2\u00aa bater\u00eda)<\/div><\/div><\/li><\/ul><\/div><div class=\"mt-PanelAdDetails-optionalEquipmentGroup\"><div class=\"mt-TitleBasic-titleWrapper mt-TitleBasic-titleWrapper--gray mt-TitleBasic-titleWrapper--left\"><h5 class=\"mt-TitleBasic-title mt-TitleBasic-title--xxs mt-TitleBasic-title--gray\">Seguridad<\/h5><\/div><ul class=\"mt-ListBasic-list is-iconList mt-ListBasic-list--cols2\"><li class=\"mt-ListBasic-listItem mt-ListBasic-listItem--marginBottomL mt-ListBasic-listItem-icon\"><div><div class=\"mt-ListBasic-listItemContent\">Airbags laterales y cabeza frontales y traseros de cabeza en plazas exteriores del habit\u00e1culo<\/div><\/div><\/li><li class=\"mt-ListBasic-listItem mt-ListBasic-listItem--marginBottomL mt-ListBasic-listItem-icon\"><div><div class=\"mt-ListBasic-listItemContent\">C\u00e1mara para marcha atr\u00e1s \u00abRear View\u00bb<\/div><\/div><\/li><li class=\"mt-ListBasic-listItem mt-ListBasic-listItem--marginBottomL mt-ListBasic-listItem-icon\"><div><div class=\"mt-ListBasic-listItemContent\">Enganche de remolque extraible<\/div><\/div><\/li><li class=\"mt-ListBasic-listItem mt-ListBasic-listItem--marginBottomL mt-ListBasic-listItem-icon\"><div><div class=\"mt-ListBasic-listItemContent\">Sensor de parking delantero y trasero con c\u00e1mara de marcha atr\u00e1s \u00abRear View\u00bb<\/div><\/div><\/li><\/ul><\/div><\/div>\t\t\t\t\t\t\t\t<\/div>\n\t\t\t\t<\/div>\n\t\t\t\t<div class=\"elementor-element elementor-element-8c20efc elementor-widget elementor-widget-image-gallery\" data-id=\"8c20efc\" data-element_type=\"widget\" data-e-type=\"widget\" data-widget_type=\"image-gallery.default\">\n\t\t\t\t<div class=\"elementor-widget-container\">\n\t\t\t\t\t\t\t<div class=\"elementor-image-gallery\">\n\t\t\t<div id='gallery-1' class='gallery galleryid-3115 gallery-columns-4 gallery-size-thumbnail'><figure class='gallery-item'>\n\t\t\t<div class='gallery-icon portrait'>\n\t\t\t\t<img decoding=\"async\" width=\"150\" height=\"150\" src=\"https:\/\/mcautocaravanas.com\/wp-content\/uploads\/2025\/05\/VOLKSWAGEN-Multivan-Outdoor-Corto-2.0-TDI-BMT-41-150x150.jpg\" class=\"attachment-thumbnail size-thumbnail\" alt=\"\" \/>\n\t\t\t<\/div><\/figure><figure class='gallery-item'>\n\t\t\t<div class='gallery-icon portrait'>\n\t\t\t\t<img loading=\"lazy\" decoding=\"async\" width=\"150\" height=\"150\" src=\"https:\/\/mcautocaravanas.com\/wp-content\/uploads\/2025\/05\/VOLKSWAGEN-Multivan-Outdoor-Corto-2.0-TDI-BMT-1-150x150.jpg\" class=\"attachment-thumbnail size-thumbnail\" alt=\"\" \/>\n\t\t\t<\/div><\/figure><figure class='gallery-item'>\n\t\t\t<div class='gallery-icon portrait'>\n\t\t\t\t<img loading=\"lazy\" decoding=\"async\" width=\"150\" height=\"150\" src=\"https:\/\/mcautocaravanas.com\/wp-content\/uploads\/2025\/05\/VOLKSWAGEN-Multivan-Outdoor-Corto-2.0-TDI-BMT-40-150x150.jpg\" class=\"attachment-thumbnail size-thumbnail\" alt=\"\" \/>\n\t\t\t<\/div><\/figure><figure class='gallery-item'>\n\t\t\t<div class='gallery-icon portrait'>\n\t\t\t\t<img loading=\"lazy\" decoding=\"async\" width=\"150\" height=\"150\" src=\"https:\/\/mcautocaravanas.com\/wp-content\/uploads\/2025\/05\/VOLKSWAGEN-Multivan-Outdoor-Corto-2.0-TDI-BMT-39-150x150.jpg\" class=\"attachment-thumbnail size-thumbnail\" alt=\"\" \/>\n\t\t\t<\/div><\/figure><figure class='gallery-item'>\n\t\t\t<div class='gallery-icon portrait'>\n\t\t\t\t<img loading=\"lazy\" decoding=\"async\" width=\"150\" height=\"150\" src=\"https:\/\/mcautocaravanas.com\/wp-content\/uploads\/2025\/05\/VOLKSWAGEN-Multivan-Outdoor-Corto-2.0-TDI-BMT-38-150x150.jpg\" class=\"attachment-thumbnail size-thumbnail\" alt=\"\" \/>\n\t\t\t<\/div><\/figure><figure class='gallery-item'>\n\t\t\t<div class='gallery-icon portrait'>\n\t\t\t\t<img loading=\"lazy\" decoding=\"async\" width=\"150\" height=\"150\" src=\"https:\/\/mcautocaravanas.com\/wp-content\/uploads\/2025\/05\/VOLKSWAGEN-Multivan-Outdoor-Corto-2.0-TDI-BMT-37-150x150.jpg\" class=\"attachment-thumbnail size-thumbnail\" alt=\"\" \/>\n\t\t\t<\/div><\/figure><figure class='gallery-item'>\n\t\t\t<div class='gallery-icon portrait'>\n\t\t\t\t<img loading=\"lazy\" decoding=\"async\" width=\"150\" height=\"150\" src=\"https:\/\/mcautocaravanas.com\/wp-content\/uploads\/2025\/05\/VOLKSWAGEN-Multivan-Outdoor-Corto-2.0-TDI-BMT-36-150x150.jpg\" class=\"attachment-thumbnail size-thumbnail\" alt=\"\" \/>\n\t\t\t<\/div><\/figure><figure class='gallery-item'>\n\t\t\t<div class='gallery-icon portrait'>\n\t\t\t\t<img loading=\"lazy\" decoding=\"async\" width=\"150\" height=\"150\" src=\"https:\/\/mcautocaravanas.com\/wp-content\/uploads\/2025\/05\/VOLKSWAGEN-Multivan-Outdoor-Corto-2.0-TDI-BMT-35-150x150.jpg\" class=\"attachment-thumbnail size-thumbnail\" alt=\"\" \/>\n\t\t\t<\/div><\/figure><figure class='gallery-item'>\n\t\t\t<div class='gallery-icon portrait'>\n\t\t\t\t<img loading=\"lazy\" decoding=\"async\" width=\"150\" height=\"150\" src=\"https:\/\/mcautocaravanas.com\/wp-content\/uploads\/2025\/05\/VOLKSWAGEN-Multivan-Outdoor-Corto-2.0-TDI-BMT-34-150x150.jpg\" class=\"attachment-thumbnail size-thumbnail\" alt=\"\" \/>\n\t\t\t<\/div><\/figure><figure class='gallery-item'>\n\t\t\t<div class='gallery-icon portrait'>\n\t\t\t\t<img loading=\"lazy\" decoding=\"async\" width=\"150\" height=\"150\" src=\"https:\/\/mcautocaravanas.com\/wp-content\/uploads\/2025\/05\/VOLKSWAGEN-Multivan-Outdoor-Corto-2.0-TDI-BMT-33-150x150.jpg\" class=\"attachment-thumbnail size-thumbnail\" alt=\"\" \/>\n\t\t\t<\/div><\/figure><figure class='gallery-item'>\n\t\t\t<div class='gallery-icon landscape'>\n\t\t\t\t<img loading=\"lazy\" decoding=\"async\" width=\"150\" height=\"150\" src=\"https:\/\/mcautocaravanas.com\/wp-content\/uploads\/2025\/05\/VOLKSWAGEN-Multivan-Outdoor-Corto-2.0-TDI-BMT-32-e1747655029690-150x150.jpg\" class=\"attachment-thumbnail size-thumbnail\" alt=\"\" \/>\n\t\t\t<\/div><\/figure><figure class='gallery-item'>\n\t\t\t<div class='gallery-icon portrait'>\n\t\t\t\t<img loading=\"lazy\" decoding=\"async\" width=\"150\" height=\"150\" src=\"https:\/\/mcautocaravanas.com\/wp-content\/uploads\/2025\/05\/VOLKSWAGEN-Multivan-Outdoor-Corto-2.0-TDI-BMT-31-150x150.jpg\" class=\"attachment-thumbnail size-thumbnail\" alt=\"\" \/>\n\t\t\t<\/div><\/figure><figure class='gallery-item'>\n\t\t\t<div class='gallery-icon portrait'>\n\t\t\t\t<img loading=\"lazy\" decoding=\"async\" width=\"150\" height=\"150\" src=\"https:\/\/mcautocaravanas.com\/wp-content\/uploads\/2025\/05\/VOLKSWAGEN-Multivan-Outdoor-Corto-2.0-TDI-BMT-30-150x150.jpg\" class=\"attachment-thumbnail size-thumbnail\" alt=\"\" \/>\n\t\t\t<\/div><\/figure><figure class='gallery-item'>\n\t\t\t<div class='gallery-icon portrait'>\n\t\t\t\t<img loading=\"lazy\" decoding=\"async\" width=\"150\" height=\"150\" src=\"https:\/\/mcautocaravanas.com\/wp-content\/uploads\/2025\/05\/VOLKSWAGEN-Multivan-Outdoor-Corto-2.0-TDI-BMT-29-150x150.jpg\" class=\"attachment-thumbnail size-thumbnail\" alt=\"\" \/>\n\t\t\t<\/div><\/figure><figure class='gallery-item'>\n\t\t\t<div class='gallery-icon portrait'>\n\t\t\t\t<img loading=\"lazy\" decoding=\"async\" width=\"150\" height=\"150\" src=\"https:\/\/mcautocaravanas.com\/wp-content\/uploads\/2025\/05\/VOLKSWAGEN-Multivan-Outdoor-Corto-2.0-TDI-BMT-28-150x150.jpg\" class=\"attachment-thumbnail size-thumbnail\" alt=\"\" \/>\n\t\t\t<\/div><\/figure><figure class='gallery-item'>\n\t\t\t<div class='gallery-icon portrait'>\n\t\t\t\t<img loading=\"lazy\" decoding=\"async\" width=\"150\" height=\"150\" src=\"https:\/\/mcautocaravanas.com\/wp-content\/uploads\/2025\/05\/VOLKSWAGEN-Multivan-Outdoor-Corto-2.0-TDI-BMT-27-150x150.jpg\" class=\"attachment-thumbnail size-thumbnail\" alt=\"\" \/>\n\t\t\t<\/div><\/figure><figure class='gallery-item'>\n\t\t\t<div class='gallery-icon portrait'>\n\t\t\t\t<img loading=\"lazy\" decoding=\"async\" width=\"150\" height=\"150\" src=\"https:\/\/mcautocaravanas.com\/wp-content\/uploads\/2025\/05\/VOLKSWAGEN-Multivan-Outdoor-Corto-2.0-TDI-BMT-26-150x150.jpg\" class=\"attachment-thumbnail size-thumbnail\" alt=\"\" \/>\n\t\t\t<\/div><\/figure><figure class='gallery-item'>\n\t\t\t<div class='gallery-icon portrait'>\n\t\t\t\t<img loading=\"lazy\" decoding=\"async\" width=\"150\" height=\"150\" src=\"https:\/\/mcautocaravanas.com\/wp-content\/uploads\/2025\/05\/VOLKSWAGEN-Multivan-Outdoor-Corto-2.0-TDI-BMT-25-150x150.jpg\" class=\"attachment-thumbnail size-thumbnail\" alt=\"\" \/>\n\t\t\t<\/div><\/figure><figure class='gallery-item'>\n\t\t\t<div class='gallery-icon portrait'>\n\t\t\t\t<img loading=\"lazy\" decoding=\"async\" width=\"150\" height=\"150\" src=\"https:\/\/mcautocaravanas.com\/wp-content\/uploads\/2025\/05\/VOLKSWAGEN-Multivan-Outdoor-Corto-2.0-TDI-BMT-24-150x150.jpg\" class=\"attachment-thumbnail size-thumbnail\" alt=\"\" \/>\n\t\t\t<\/div><\/figure><figure class='gallery-item'>\n\t\t\t<div class='gallery-icon portrait'>\n\t\t\t\t<img loading=\"lazy\" decoding=\"async\" width=\"150\" height=\"150\" src=\"https:\/\/mcautocaravanas.com\/wp-content\/uploads\/2025\/05\/VOLKSWAGEN-Multivan-Outdoor-Corto-2.0-TDI-BMT-23-150x150.jpg\" class=\"attachment-thumbnail size-thumbnail\" alt=\"\" \/>\n\t\t\t<\/div><\/figure><figure class='gallery-item'>\n\t\t\t<div class='gallery-icon portrait'>\n\t\t\t\t<img loading=\"lazy\" decoding=\"async\" width=\"150\" height=\"150\" src=\"https:\/\/mcautocaravanas.com\/wp-content\/uploads\/2025\/05\/VOLKSWAGEN-Multivan-Outdoor-Corto-2.0-TDI-BMT-22-150x150.jpg\" class=\"attachment-thumbnail size-thumbnail\" alt=\"\" \/>\n\t\t\t<\/div><\/figure><figure class='gallery-item'>\n\t\t\t<div class='gallery-icon portrait'>\n\t\t\t\t<img loading=\"lazy\" decoding=\"async\" width=\"150\" height=\"150\" src=\"https:\/\/mcautocaravanas.com\/wp-content\/uploads\/2025\/05\/VOLKSWAGEN-Multivan-Outdoor-Corto-2.0-TDI-BMT-21-150x150.jpg\" class=\"attachment-thumbnail size-thumbnail\" alt=\"\" \/>\n\t\t\t<\/div><\/figure><figure class='gallery-item'>\n\t\t\t<div class='gallery-icon portrait'>\n\t\t\t\t<img loading=\"lazy\" decoding=\"async\" width=\"150\" height=\"150\" src=\"https:\/\/mcautocaravanas.com\/wp-content\/uploads\/2025\/05\/VOLKSWAGEN-Multivan-Outdoor-Corto-2.0-TDI-BMT-20-150x150.jpg\" class=\"attachment-thumbnail size-thumbnail\" alt=\"\" \/>\n\t\t\t<\/div><\/figure><figure class='gallery-item'>\n\t\t\t<div class='gallery-icon portrait'>\n\t\t\t\t<img loading=\"lazy\" decoding=\"async\" width=\"150\" height=\"150\" src=\"https:\/\/mcautocaravanas.com\/wp-content\/uploads\/2025\/05\/VOLKSWAGEN-Multivan-Outdoor-Corto-2.0-TDI-BMT-19-150x150.jpg\" class=\"attachment-thumbnail size-thumbnail\" alt=\"\" \/>\n\t\t\t<\/div><\/figure><figure class='gallery-item'>\n\t\t\t<div class='gallery-icon portrait'>\n\t\t\t\t<img loading=\"lazy\" decoding=\"async\" width=\"150\" height=\"150\" src=\"https:\/\/mcautocaravanas.com\/wp-content\/uploads\/2025\/05\/VOLKSWAGEN-Multivan-Outdoor-Corto-2.0-TDI-BMT-18-150x150.jpg\" class=\"attachment-thumbnail size-thumbnail\" alt=\"\" \/>\n\t\t\t<\/div><\/figure><figure class='gallery-item'>\n\t\t\t<div class='gallery-icon portrait'>\n\t\t\t\t<img loading=\"lazy\" decoding=\"async\" width=\"150\" height=\"150\" src=\"https:\/\/mcautocaravanas.com\/wp-content\/uploads\/2025\/05\/VOLKSWAGEN-Multivan-Outdoor-Corto-2.0-TDI-BMT-17-150x150.jpg\" class=\"attachment-thumbnail size-thumbnail\" alt=\"\" \/>\n\t\t\t<\/div><\/figure><figure class='gallery-item'>\n\t\t\t<div class='gallery-icon portrait'>\n\t\t\t\t<img loading=\"lazy\" decoding=\"async\" width=\"150\" height=\"150\" src=\"https:\/\/mcautocaravanas.com\/wp-content\/uploads\/2025\/05\/VOLKSWAGEN-Multivan-Outdoor-Corto-2.0-TDI-BMT-16-150x150.jpg\" class=\"attachment-thumbnail size-thumbnail\" alt=\"\" \/>\n\t\t\t<\/div><\/figure><figure class='gallery-item'>\n\t\t\t<div class='gallery-icon portrait'>\n\t\t\t\t<img loading=\"lazy\" decoding=\"async\" width=\"150\" height=\"150\" src=\"https:\/\/mcautocaravanas.com\/wp-content\/uploads\/2025\/05\/VOLKSWAGEN-Multivan-Outdoor-Corto-2.0-TDI-BMT-15-150x150.jpg\" class=\"attachment-thumbnail size-thumbnail\" alt=\"\" \/>\n\t\t\t<\/div><\/figure><figure class='gallery-item'>\n\t\t\t<div class='gallery-icon portrait'>\n\t\t\t\t<img loading=\"lazy\" decoding=\"async\" width=\"150\" height=\"150\" src=\"https:\/\/mcautocaravanas.com\/wp-content\/uploads\/2025\/05\/VOLKSWAGEN-Multivan-Outdoor-Corto-2.0-TDI-BMT-14-150x150.jpg\" class=\"attachment-thumbnail size-thumbnail\" alt=\"\" \/>\n\t\t\t<\/div><\/figure><figure class='gallery-item'>\n\t\t\t<div class='gallery-icon portrait'>\n\t\t\t\t<img loading=\"lazy\" decoding=\"async\" width=\"150\" height=\"150\" src=\"https:\/\/mcautocaravanas.com\/wp-content\/uploads\/2025\/05\/VOLKSWAGEN-Multivan-Outdoor-Corto-2.0-TDI-BMT-13-150x150.jpg\" class=\"attachment-thumbnail size-thumbnail\" alt=\"\" \/>\n\t\t\t<\/div><\/figure><figure class='gallery-item'>\n\t\t\t<div class='gallery-icon portrait'>\n\t\t\t\t<img loading=\"lazy\" decoding=\"async\" width=\"150\" height=\"150\" src=\"https:\/\/mcautocaravanas.com\/wp-content\/uploads\/2025\/05\/VOLKSWAGEN-Multivan-Outdoor-Corto-2.0-TDI-BMT-12-150x150.jpg\" class=\"attachment-thumbnail size-thumbnail\" alt=\"\" \/>\n\t\t\t<\/div><\/figure><figure class='gallery-item'>\n\t\t\t<div class='gallery-icon portrait'>\n\t\t\t\t<img loading=\"lazy\" decoding=\"async\" width=\"150\" height=\"150\" src=\"https:\/\/mcautocaravanas.com\/wp-content\/uploads\/2025\/05\/VOLKSWAGEN-Multivan-Outdoor-Corto-2.0-TDI-BMT-11-150x150.jpg\" class=\"attachment-thumbnail size-thumbnail\" alt=\"\" \/>\n\t\t\t<\/div><\/figure><figure class='gallery-item'>\n\t\t\t<div class='gallery-icon portrait'>\n\t\t\t\t<img loading=\"lazy\" decoding=\"async\" width=\"150\" height=\"150\" src=\"https:\/\/mcautocaravanas.com\/wp-content\/uploads\/2025\/05\/VOLKSWAGEN-Multivan-Outdoor-Corto-2.0-TDI-BMT-10-150x150.jpg\" class=\"attachment-thumbnail size-thumbnail\" alt=\"\" \/>\n\t\t\t<\/div><\/figure><figure class='gallery-item'>\n\t\t\t<div class='gallery-icon portrait'>\n\t\t\t\t<img loading=\"lazy\" decoding=\"async\" width=\"150\" height=\"150\" src=\"https:\/\/mcautocaravanas.com\/wp-content\/uploads\/2025\/05\/VOLKSWAGEN-Multivan-Outdoor-Corto-2.0-TDI-BMT-9-150x150.jpg\" class=\"attachment-thumbnail size-thumbnail\" alt=\"\" \/>\n\t\t\t<\/div><\/figure><figure class='gallery-item'>\n\t\t\t<div class='gallery-icon portrait'>\n\t\t\t\t<img loading=\"lazy\" decoding=\"async\" width=\"150\" height=\"150\" src=\"https:\/\/mcautocaravanas.com\/wp-content\/uploads\/2025\/05\/VOLKSWAGEN-Multivan-Outdoor-Corto-2.0-TDI-BMT-8-150x150.jpg\" class=\"attachment-thumbnail size-thumbnail\" alt=\"\" \/>\n\t\t\t<\/div><\/figure><figure class='gallery-item'>\n\t\t\t<div class='gallery-icon portrait'>\n\t\t\t\t<img loading=\"lazy\" decoding=\"async\" width=\"150\" height=\"150\" src=\"https:\/\/mcautocaravanas.com\/wp-content\/uploads\/2025\/05\/VOLKSWAGEN-Multivan-Outdoor-Corto-2.0-TDI-BMT-7-150x150.jpg\" class=\"attachment-thumbnail size-thumbnail\" alt=\"\" \/>\n\t\t\t<\/div><\/figure><figure class='gallery-item'>\n\t\t\t<div class='gallery-icon portrait'>\n\t\t\t\t<img loading=\"lazy\" decoding=\"async\" width=\"150\" height=\"150\" src=\"https:\/\/mcautocaravanas.com\/wp-content\/uploads\/2025\/05\/VOLKSWAGEN-Multivan-Outdoor-Corto-2.0-TDI-BMT-6-150x150.jpg\" class=\"attachment-thumbnail size-thumbnail\" alt=\"\" \/>\n\t\t\t<\/div><\/figure><figure class='gallery-item'>\n\t\t\t<div class='gallery-icon portrait'>\n\t\t\t\t<img loading=\"lazy\" decoding=\"async\" width=\"150\" height=\"150\" src=\"https:\/\/mcautocaravanas.com\/wp-content\/uploads\/2025\/05\/VOLKSWAGEN-Multivan-Outdoor-Corto-2.0-TDI-BMT-5-150x150.jpg\" class=\"attachment-thumbnail size-thumbnail\" alt=\"\" \/>\n\t\t\t<\/div><\/figure><figure class='gallery-item'>\n\t\t\t<div class='gallery-icon portrait'>\n\t\t\t\t<img loading=\"lazy\" decoding=\"async\" width=\"150\" height=\"150\" src=\"https:\/\/mcautocaravanas.com\/wp-content\/uploads\/2025\/05\/VOLKSWAGEN-Multivan-Outdoor-Corto-2.0-TDI-BMT-4-150x150.jpg\" class=\"attachment-thumbnail size-thumbnail\" alt=\"\" \/>\n\t\t\t<\/div><\/figure><figure class='gallery-item'>\n\t\t\t<div class='gallery-icon portrait'>\n\t\t\t\t<img loading=\"lazy\" decoding=\"async\" width=\"150\" height=\"150\" src=\"https:\/\/mcautocaravanas.com\/wp-content\/uploads\/2025\/05\/VOLKSWAGEN-Multivan-Outdoor-Corto-2.0-TDI-BMT-3-150x150.jpg\" class=\"attachment-thumbnail size-thumbnail\" alt=\"\" \/>\n\t\t\t<\/div><\/figure><figure class='gallery-item'>\n\t\t\t<div class='gallery-icon portrait'>\n\t\t\t\t<img loading=\"lazy\" decoding=\"async\" width=\"150\" height=\"150\" src=\"https:\/\/mcautocaravanas.com\/wp-content\/uploads\/2025\/05\/VOLKSWAGEN-Multivan-Outdoor-Corto-2.0-TDI-BMT-2-150x150.jpg\" class=\"attachment-thumbnail size-thumbnail\" alt=\"\" \/>\n\t\t\t<\/div><\/figure>\n\t\t<\/div>\n\t\t<\/div>\n\t\t\t\t\t\t<\/div>\n\t\t\t\t<\/div>\n\t\t\t\t\t<\/div>\n\t\t\t\t<\/div>\n\t\t\t\t<\/div>","protected":false},"excerpt":{"rendered":"<p>31.000\u20ac 26.900\u20ac CARACTER\u00cdSTICAS Volkswagen Multivan Outdoor 2016 Modelo:\u2022 Motor 2.0 TDI, 150 CV\u2022 A\u00f1o 2016 200.000 km\u2022 Di\u00e9sel, transmisi\u00f3n manual, 5 plazas, ITV al d\u00edaEquipamiento:\u2022 Cama Multiflex con colch\u00f3n\u2022 Port\u00f3n lateral electr\u00f3nico\u2022 Pantalla con navegador y climatizador trizona\u2022 C\u00e1mara trasera, sensores de aparcamiento \u2022 Calefacci\u00f3n estacionaria de la casa vw oficial\u2022 Asientos giratorios conductor y [&hellip;]<\/p>\n","protected":false},"author":1,"featured_media":3661,"comment_status":"open","ping_status":"closed","sticky":true,"template":"","format":"standard","meta":{"footnotes":""},"categories":[8,9],"tags":[],"class_list":["post-3115","post","type-post","status-publish","format-standard","has-post-thumbnail","hentry","category-autocaravanas-y-furgocamper","category-venta"],"yoast_head":"<!-- This site is optimized with the Yoast SEO plugin v27.5 - https:\/\/yoast.com\/product\/yoast-seo-wordpress\/ -->\n<title>VOLKSWAGEN Multivan Outdoor Corto 2.0 TDI BMT - M.C. Autocaravanas Getxo S.L<\/title>\n<meta name=\"description\" content=\"VOLKSWAGEN Multivan Outdoor Corto 2.0 TDI BMT. Seguridad Airbags laterales y cabeza frontales y traseros de cabeza en plazas exteriores del habit\u00e1culo C\u00e1mara para marcha atr\u00e1s \u00abRear View\u00bb Enganche de remolque extraible Sensor de parking delantero y trasero con c\u00e1mara de marcha atr\u00e1s \u00abRear View\u00bb\" \/>\n<meta name=\"robots\" content=\"index, follow, max-snippet:-1, max-image-preview:large, max-video-preview:-1\" \/>\n<link rel=\"canonical\" href=\"https:\/\/mcautocaravanas.com\/eus\/volkswagen-multivan-outdoor-corto-2-0-tdi-bmt\/\" \/>\n<meta property=\"og:locale\" content=\"en_US\" \/>\n<meta property=\"og:type\" content=\"article\" \/>\n<meta property=\"og:title\" content=\"VOLKSWAGEN Multivan Outdoor Corto 2.0 TDI BMT - M.C. Autocaravanas Getxo S.L\" \/>\n<meta property=\"og:description\" content=\"VOLKSWAGEN Multivan Outdoor Corto 2.0 TDI BMT. Seguridad Airbags laterales y cabeza frontales y traseros de cabeza en plazas exteriores del habit\u00e1culo C\u00e1mara para marcha atr\u00e1s \u00abRear View\u00bb Enganche de remolque extraible Sensor de parking delantero y trasero con c\u00e1mara de marcha atr\u00e1s \u00abRear View\u00bb\" \/>\n<meta property=\"og:url\" content=\"https:\/\/mcautocaravanas.com\/eus\/volkswagen-multivan-outdoor-corto-2-0-tdi-bmt\/\" \/>\n<meta property=\"og:site_name\" content=\"M.C. Autocaravanas Getxo S.L\" \/>\n<meta property=\"article:author\" content=\"https:\/\/www.facebook.com\/people\/McAutocaravanas-Getxo\/100086353929860\/?_rdr\" \/>\n<meta property=\"article:published_time\" content=\"2025-07-11T22:09:15+00:00\" \/>\n<meta property=\"article:modified_time\" content=\"2025-09-10T20:46:02+00:00\" \/>\n<meta property=\"og:image\" content=\"https:\/\/mcautocaravanas.com\/wp-content\/uploads\/2025\/07\/VENDIDA.png\" \/>\n\t<meta property=\"og:image:width\" content=\"1536\" \/>\n\t<meta property=\"og:image:height\" content=\"1052\" \/>\n\t<meta property=\"og:image:type\" content=\"image\/png\" \/>\n<meta name=\"author\" content=\"mcautocaravanas\" \/>\n<meta name=\"twitter:card\" content=\"summary_large_image\" \/>\n<meta name=\"twitter:label1\" content=\"Written by\" \/>\n\t<meta name=\"twitter:data1\" content=\"mcautocaravanas\" \/>\n\t<meta name=\"twitter:label2\" content=\"Est. reading time\" \/>\n\t<meta name=\"twitter:data2\" content=\"3 minutua\" \/>\n<script type=\"application\/ld+json\" class=\"yoast-schema-graph\">{\"@context\":\"https:\\\/\\\/schema.org\",\"@graph\":[{\"@type\":\"Article\",\"@id\":\"https:\\\/\\\/mcautocaravanas.com\\\/volkswagen-multivan-outdoor-corto-2-0-tdi-bmt\\\/#article\",\"isPartOf\":{\"@id\":\"https:\\\/\\\/mcautocaravanas.com\\\/volkswagen-multivan-outdoor-corto-2-0-tdi-bmt\\\/\"},\"author\":{\"name\":\"mcautocaravanas\",\"@id\":\"https:\\\/\\\/mcautocaravanas.com\\\/#\\\/schema\\\/person\\\/a52f2c7d5cbfcc2609bc27222231ad9a\"},\"headline\":\"VOLKSWAGEN Multivan Outdoor Corto 2.0 TDI BMT\",\"datePublished\":\"2025-07-11T22:09:15+00:00\",\"dateModified\":\"2025-09-10T20:46:02+00:00\",\"mainEntityOfPage\":{\"@id\":\"https:\\\/\\\/mcautocaravanas.com\\\/volkswagen-multivan-outdoor-corto-2-0-tdi-bmt\\\/\"},\"wordCount\":490,\"commentCount\":0,\"publisher\":{\"@id\":\"https:\\\/\\\/mcautocaravanas.com\\\/#organization\"},\"image\":{\"@id\":\"https:\\\/\\\/mcautocaravanas.com\\\/volkswagen-multivan-outdoor-corto-2-0-tdi-bmt\\\/#primaryimage\"},\"thumbnailUrl\":\"https:\\\/\\\/mcautocaravanas.com\\\/wp-content\\\/uploads\\\/2025\\\/07\\\/VENDIDA.png\",\"articleSection\":[\"Autocaravanas y furgocamper de segunda mano\",\"Venta\"],\"inLanguage\":\"eu\",\"potentialAction\":[{\"@type\":\"CommentAction\",\"name\":\"Comment\",\"target\":[\"https:\\\/\\\/mcautocaravanas.com\\\/volkswagen-multivan-outdoor-corto-2-0-tdi-bmt\\\/#respond\"]}]},{\"@type\":\"WebPage\",\"@id\":\"https:\\\/\\\/mcautocaravanas.com\\\/volkswagen-multivan-outdoor-corto-2-0-tdi-bmt\\\/\",\"url\":\"https:\\\/\\\/mcautocaravanas.com\\\/volkswagen-multivan-outdoor-corto-2-0-tdi-bmt\\\/\",\"name\":\"VOLKSWAGEN Multivan Outdoor Corto 2.0 TDI BMT - M.C. Autocaravanas Getxo S.L\",\"isPartOf\":{\"@id\":\"https:\\\/\\\/mcautocaravanas.com\\\/#website\"},\"primaryImageOfPage\":{\"@id\":\"https:\\\/\\\/mcautocaravanas.com\\\/volkswagen-multivan-outdoor-corto-2-0-tdi-bmt\\\/#primaryimage\"},\"image\":{\"@id\":\"https:\\\/\\\/mcautocaravanas.com\\\/volkswagen-multivan-outdoor-corto-2-0-tdi-bmt\\\/#primaryimage\"},\"thumbnailUrl\":\"https:\\\/\\\/mcautocaravanas.com\\\/wp-content\\\/uploads\\\/2025\\\/07\\\/VENDIDA.png\",\"datePublished\":\"2025-07-11T22:09:15+00:00\",\"dateModified\":\"2025-09-10T20:46:02+00:00\",\"description\":\"VOLKSWAGEN Multivan Outdoor Corto 2.0 TDI BMT. Seguridad Airbags laterales y cabeza frontales y traseros de cabeza en plazas exteriores del habit\u00e1culo C\u00e1mara para marcha atr\u00e1s \u00abRear View\u00bb Enganche de remolque extraible Sensor de parking delantero y trasero con c\u00e1mara de marcha atr\u00e1s \u00abRear View\u00bb\",\"breadcrumb\":{\"@id\":\"https:\\\/\\\/mcautocaravanas.com\\\/volkswagen-multivan-outdoor-corto-2-0-tdi-bmt\\\/#breadcrumb\"},\"inLanguage\":\"eu\",\"potentialAction\":[{\"@type\":\"ReadAction\",\"target\":[\"https:\\\/\\\/mcautocaravanas.com\\\/volkswagen-multivan-outdoor-corto-2-0-tdi-bmt\\\/\"]}]},{\"@type\":\"ImageObject\",\"inLanguage\":\"eu\",\"@id\":\"https:\\\/\\\/mcautocaravanas.com\\\/volkswagen-multivan-outdoor-corto-2-0-tdi-bmt\\\/#primaryimage\",\"url\":\"https:\\\/\\\/mcautocaravanas.com\\\/wp-content\\\/uploads\\\/2025\\\/07\\\/VENDIDA.png\",\"contentUrl\":\"https:\\\/\\\/mcautocaravanas.com\\\/wp-content\\\/uploads\\\/2025\\\/07\\\/VENDIDA.png\",\"width\":1536,\"height\":1052},{\"@type\":\"BreadcrumbList\",\"@id\":\"https:\\\/\\\/mcautocaravanas.com\\\/volkswagen-multivan-outdoor-corto-2-0-tdi-bmt\\\/#breadcrumb\",\"itemListElement\":[{\"@type\":\"ListItem\",\"position\":1,\"name\":\"Portada\",\"item\":\"https:\\\/\\\/mcautocaravanas.com\\\/\"},{\"@type\":\"ListItem\",\"position\":2,\"name\":\"VOLKSWAGEN Multivan Outdoor Corto 2.0 TDI BMT\"}]},{\"@type\":\"WebSite\",\"@id\":\"https:\\\/\\\/mcautocaravanas.com\\\/#website\",\"url\":\"https:\\\/\\\/mcautocaravanas.com\\\/\",\"name\":\"M.C. Autocaravanas Getxo S.L\",\"description\":\"\u00bfListo para una aventura inolvidable? En M.C Autocaravanas Getxo, te ofrecemos la oportunidad de explorar el mundo a tu ritmo con nuestras autocaravanas de \u00faltima generaci\u00f3n.\",\"publisher\":{\"@id\":\"https:\\\/\\\/mcautocaravanas.com\\\/#organization\"},\"potentialAction\":[{\"@type\":\"SearchAction\",\"target\":{\"@type\":\"EntryPoint\",\"urlTemplate\":\"https:\\\/\\\/mcautocaravanas.com\\\/?s={search_term_string}\"},\"query-input\":{\"@type\":\"PropertyValueSpecification\",\"valueRequired\":true,\"valueName\":\"search_term_string\"}}],\"inLanguage\":\"eu\"},{\"@type\":\"Organization\",\"@id\":\"https:\\\/\\\/mcautocaravanas.com\\\/#organization\",\"name\":\"M.C. Autocaravanas Getxo S.L\",\"url\":\"https:\\\/\\\/mcautocaravanas.com\\\/\",\"logo\":{\"@type\":\"ImageObject\",\"inLanguage\":\"eu\",\"@id\":\"https:\\\/\\\/mcautocaravanas.com\\\/#\\\/schema\\\/logo\\\/image\\\/\",\"url\":\"https:\\\/\\\/mcautocaravanas.com\\\/wp-content\\\/uploads\\\/2024\\\/06\\\/cropped-cropped-M.C-AUTOCARAVANAS-1-2.png\",\"contentUrl\":\"https:\\\/\\\/mcautocaravanas.com\\\/wp-content\\\/uploads\\\/2024\\\/06\\\/cropped-cropped-M.C-AUTOCARAVANAS-1-2.png\",\"width\":512,\"height\":484,\"caption\":\"M.C. Autocaravanas Getxo S.L\"},\"image\":{\"@id\":\"https:\\\/\\\/mcautocaravanas.com\\\/#\\\/schema\\\/logo\\\/image\\\/\"}},{\"@type\":\"Person\",\"@id\":\"https:\\\/\\\/mcautocaravanas.com\\\/#\\\/schema\\\/person\\\/a52f2c7d5cbfcc2609bc27222231ad9a\",\"name\":\"mcautocaravanas\",\"image\":{\"@type\":\"ImageObject\",\"inLanguage\":\"eu\",\"@id\":\"https:\\\/\\\/secure.gravatar.com\\\/avatar\\\/07d32fc839bf9372083edbc2691f268c25b349229c1eadb54048150c3db6bd0d?s=96&d=mm&r=g\",\"url\":\"https:\\\/\\\/secure.gravatar.com\\\/avatar\\\/07d32fc839bf9372083edbc2691f268c25b349229c1eadb54048150c3db6bd0d?s=96&d=mm&r=g\",\"contentUrl\":\"https:\\\/\\\/secure.gravatar.com\\\/avatar\\\/07d32fc839bf9372083edbc2691f268c25b349229c1eadb54048150c3db6bd0d?s=96&d=mm&r=g\",\"caption\":\"mcautocaravanas\"},\"sameAs\":[\"https:\\\/\\\/mcautocaravanas.com\",\"https:\\\/\\\/www.facebook.com\\\/people\\\/McAutocaravanas-Getxo\\\/100086353929860\\\/?_rdr\",\"https:\\\/\\\/www.instagram.com\\\/mc_autocaravanas_getxo\\\/\"],\"url\":\"https:\\\/\\\/mcautocaravanas.com\\\/eus\\\/author\\\/mcautocaravanas\\\/\"}]}<\/script>\n<!-- \/ Yoast SEO plugin. -->","yoast_head_json":{"title":"VOLKSWAGEN Multivan Outdoor Corto 2.0 TDI BMT - M.C. Autocaravanas Getxo S.L","description":"VOLKSWAGEN Multivan Outdoor Corto 2.0 TDI BMT. Seguridad Airbags laterales y cabeza frontales y traseros de cabeza en plazas exteriores del habit\u00e1culo C\u00e1mara para marcha atr\u00e1s \u00abRear View\u00bb Enganche de remolque extraible Sensor de parking delantero y trasero con c\u00e1mara de marcha atr\u00e1s \u00abRear View\u00bb","robots":{"index":"index","follow":"follow","max-snippet":"max-snippet:-1","max-image-preview":"max-image-preview:large","max-video-preview":"max-video-preview:-1"},"canonical":"https:\/\/mcautocaravanas.com\/eus\/volkswagen-multivan-outdoor-corto-2-0-tdi-bmt\/","og_locale":"en_US","og_type":"article","og_title":"VOLKSWAGEN Multivan Outdoor Corto 2.0 TDI BMT - M.C. Autocaravanas Getxo S.L","og_description":"VOLKSWAGEN Multivan Outdoor Corto 2.0 TDI BMT. Seguridad Airbags laterales y cabeza frontales y traseros de cabeza en plazas exteriores del habit\u00e1culo C\u00e1mara para marcha atr\u00e1s \u00abRear View\u00bb Enganche de remolque extraible Sensor de parking delantero y trasero con c\u00e1mara de marcha atr\u00e1s \u00abRear View\u00bb","og_url":"https:\/\/mcautocaravanas.com\/eus\/volkswagen-multivan-outdoor-corto-2-0-tdi-bmt\/","og_site_name":"M.C. Autocaravanas Getxo S.L","article_author":"https:\/\/www.facebook.com\/people\/McAutocaravanas-Getxo\/100086353929860\/?_rdr","article_published_time":"2025-07-11T22:09:15+00:00","article_modified_time":"2025-09-10T20:46:02+00:00","og_image":[{"width":1536,"height":1052,"url":"https:\/\/mcautocaravanas.com\/wp-content\/uploads\/2025\/07\/VENDIDA.png","type":"image\/png"}],"author":"mcautocaravanas","twitter_card":"summary_large_image","twitter_misc":{"Written by":"mcautocaravanas","Est. reading time":"3 minutua"},"schema":{"@context":"https:\/\/schema.org","@graph":[{"@type":"Article","@id":"https:\/\/mcautocaravanas.com\/volkswagen-multivan-outdoor-corto-2-0-tdi-bmt\/#article","isPartOf":{"@id":"https:\/\/mcautocaravanas.com\/volkswagen-multivan-outdoor-corto-2-0-tdi-bmt\/"},"author":{"name":"mcautocaravanas","@id":"https:\/\/mcautocaravanas.com\/#\/schema\/person\/a52f2c7d5cbfcc2609bc27222231ad9a"},"headline":"VOLKSWAGEN Multivan Outdoor Corto 2.0 TDI BMT","datePublished":"2025-07-11T22:09:15+00:00","dateModified":"2025-09-10T20:46:02+00:00","mainEntityOfPage":{"@id":"https:\/\/mcautocaravanas.com\/volkswagen-multivan-outdoor-corto-2-0-tdi-bmt\/"},"wordCount":490,"commentCount":0,"publisher":{"@id":"https:\/\/mcautocaravanas.com\/#organization"},"image":{"@id":"https:\/\/mcautocaravanas.com\/volkswagen-multivan-outdoor-corto-2-0-tdi-bmt\/#primaryimage"},"thumbnailUrl":"https:\/\/mcautocaravanas.com\/wp-content\/uploads\/2025\/07\/VENDIDA.png","articleSection":["Autocaravanas y furgocamper de segunda mano","Venta"],"inLanguage":"eu","potentialAction":[{"@type":"CommentAction","name":"Comment","target":["https:\/\/mcautocaravanas.com\/volkswagen-multivan-outdoor-corto-2-0-tdi-bmt\/#respond"]}]},{"@type":"WebPage","@id":"https:\/\/mcautocaravanas.com\/volkswagen-multivan-outdoor-corto-2-0-tdi-bmt\/","url":"https:\/\/mcautocaravanas.com\/volkswagen-multivan-outdoor-corto-2-0-tdi-bmt\/","name":"VOLKSWAGEN Multivan Outdoor Corto 2.0 TDI BMT - M.C. Autocaravanas Getxo S.L","isPartOf":{"@id":"https:\/\/mcautocaravanas.com\/#website"},"primaryImageOfPage":{"@id":"https:\/\/mcautocaravanas.com\/volkswagen-multivan-outdoor-corto-2-0-tdi-bmt\/#primaryimage"},"image":{"@id":"https:\/\/mcautocaravanas.com\/volkswagen-multivan-outdoor-corto-2-0-tdi-bmt\/#primaryimage"},"thumbnailUrl":"https:\/\/mcautocaravanas.com\/wp-content\/uploads\/2025\/07\/VENDIDA.png","datePublished":"2025-07-11T22:09:15+00:00","dateModified":"2025-09-10T20:46:02+00:00","description":"VOLKSWAGEN Multivan Outdoor Corto 2.0 TDI BMT. Seguridad Airbags laterales y cabeza frontales y traseros de cabeza en plazas exteriores del habit\u00e1culo C\u00e1mara para marcha atr\u00e1s \u00abRear View\u00bb Enganche de remolque extraible Sensor de parking delantero y trasero con c\u00e1mara de marcha atr\u00e1s \u00abRear View\u00bb","breadcrumb":{"@id":"https:\/\/mcautocaravanas.com\/volkswagen-multivan-outdoor-corto-2-0-tdi-bmt\/#breadcrumb"},"inLanguage":"eu","potentialAction":[{"@type":"ReadAction","target":["https:\/\/mcautocaravanas.com\/volkswagen-multivan-outdoor-corto-2-0-tdi-bmt\/"]}]},{"@type":"ImageObject","inLanguage":"eu","@id":"https:\/\/mcautocaravanas.com\/volkswagen-multivan-outdoor-corto-2-0-tdi-bmt\/#primaryimage","url":"https:\/\/mcautocaravanas.com\/wp-content\/uploads\/2025\/07\/VENDIDA.png","contentUrl":"https:\/\/mcautocaravanas.com\/wp-content\/uploads\/2025\/07\/VENDIDA.png","width":1536,"height":1052},{"@type":"BreadcrumbList","@id":"https:\/\/mcautocaravanas.com\/volkswagen-multivan-outdoor-corto-2-0-tdi-bmt\/#breadcrumb","itemListElement":[{"@type":"ListItem","position":1,"name":"Portada","item":"https:\/\/mcautocaravanas.com\/"},{"@type":"ListItem","position":2,"name":"VOLKSWAGEN Multivan Outdoor Corto 2.0 TDI BMT"}]},{"@type":"WebSite","@id":"https:\/\/mcautocaravanas.com\/#website","url":"https:\/\/mcautocaravanas.com\/","name":"M.C. Autocaravanas Getxo S.L","description":"Abentura ahaztezin baterako prest? M.C Autocaravanas Getxon, mundua zure erritmoan esploratzeko aukera eskaintzen dizugu gure azken belaunaldiko autokarabanekin.","publisher":{"@id":"https:\/\/mcautocaravanas.com\/#organization"},"potentialAction":[{"@type":"SearchAction","target":{"@type":"EntryPoint","urlTemplate":"https:\/\/mcautocaravanas.com\/?s={search_term_string}"},"query-input":{"@type":"PropertyValueSpecification","valueRequired":true,"valueName":"search_term_string"}}],"inLanguage":"eu"},{"@type":"Organization","@id":"https:\/\/mcautocaravanas.com\/#organization","name":"M.C. Autocaravanas Getxo S.L","url":"https:\/\/mcautocaravanas.com\/","logo":{"@type":"ImageObject","inLanguage":"eu","@id":"https:\/\/mcautocaravanas.com\/#\/schema\/logo\/image\/","url":"https:\/\/mcautocaravanas.com\/wp-content\/uploads\/2024\/06\/cropped-cropped-M.C-AUTOCARAVANAS-1-2.png","contentUrl":"https:\/\/mcautocaravanas.com\/wp-content\/uploads\/2024\/06\/cropped-cropped-M.C-AUTOCARAVANAS-1-2.png","width":512,"height":484,"caption":"M.C. Autocaravanas Getxo S.L"},"image":{"@id":"https:\/\/mcautocaravanas.com\/#\/schema\/logo\/image\/"}},{"@type":"Person","@id":"https:\/\/mcautocaravanas.com\/#\/schema\/person\/a52f2c7d5cbfcc2609bc27222231ad9a","name":"mcautocaravanas","image":{"@type":"ImageObject","inLanguage":"eu","@id":"https:\/\/secure.gravatar.com\/avatar\/07d32fc839bf9372083edbc2691f268c25b349229c1eadb54048150c3db6bd0d?s=96&d=mm&r=g","url":"https:\/\/secure.gravatar.com\/avatar\/07d32fc839bf9372083edbc2691f268c25b349229c1eadb54048150c3db6bd0d?s=96&d=mm&r=g","contentUrl":"https:\/\/secure.gravatar.com\/avatar\/07d32fc839bf9372083edbc2691f268c25b349229c1eadb54048150c3db6bd0d?s=96&d=mm&r=g","caption":"mcautocaravanas"},"sameAs":["https:\/\/mcautocaravanas.com","https:\/\/www.facebook.com\/people\/McAutocaravanas-Getxo\/100086353929860\/?_rdr","https:\/\/www.instagram.com\/mc_autocaravanas_getxo\/"],"url":"https:\/\/mcautocaravanas.com\/eus\/author\/mcautocaravanas\/"}]}},"jetpack_featured_media_url":"https:\/\/mcautocaravanas.com\/wp-content\/uploads\/2025\/07\/VENDIDA.png","_links":{"self":[{"href":"https:\/\/mcautocaravanas.com\/eus\/wp-json\/wp\/v2\/posts\/3115","targetHints":{"allow":["GET"]}}],"collection":[{"href":"https:\/\/mcautocaravanas.com\/eus\/wp-json\/wp\/v2\/posts"}],"about":[{"href":"https:\/\/mcautocaravanas.com\/eus\/wp-json\/wp\/v2\/types\/post"}],"author":[{"embeddable":true,"href":"https:\/\/mcautocaravanas.com\/eus\/wp-json\/wp\/v2\/users\/1"}],"replies":[{"embeddable":true,"href":"https:\/\/mcautocaravanas.com\/eus\/wp-json\/wp\/v2\/comments?post=3115"}],"version-history":[{"count":21,"href":"https:\/\/mcautocaravanas.com\/eus\/wp-json\/wp\/v2\/posts\/3115\/revisions"}],"predecessor-version":[{"id":3680,"href":"https:\/\/mcautocaravanas.com\/eus\/wp-json\/wp\/v2\/posts\/3115\/revisions\/3680"}],"wp:featuredmedia":[{"embeddable":true,"href":"https:\/\/mcautocaravanas.com\/eus\/wp-json\/wp\/v2\/media\/3661"}],"wp:attachment":[{"href":"https:\/\/mcautocaravanas.com\/eus\/wp-json\/wp\/v2\/media?parent=3115"}],"wp:term":[{"taxonomy":"category","embeddable":true,"href":"https:\/\/mcautocaravanas.com\/eus\/wp-json\/wp\/v2\/categories?post=3115"},{"taxonomy":"post_tag","embeddable":true,"href":"https:\/\/mcautocaravanas.com\/eus\/wp-json\/wp\/v2\/tags?post=3115"}],"curies":[{"name":"wp","href":"https:\/\/api.w.org\/{rel}","templated":true}]}}