{"id":3104,"date":"2025-05-27T17:25:11","date_gmt":"2025-05-27T17:25:11","guid":{"rendered":"https:\/\/mcautocaravanas.com\/?p=3104"},"modified":"2025-05-30T10:29:13","modified_gmt":"2025-05-30T10:29:13","slug":"autocaravana-citroen-jumper-2-0","status":"publish","type":"post","link":"https:\/\/mcautocaravanas.com\/eus\/autocaravana-citroen-jumper-2-0\/","title":{"rendered":"Autocaravana Citro\u00ebn Jumper 2.0"},"content":{"rendered":"<div data-elementor-type=\"wp-post\" data-elementor-id=\"3104\" class=\"elementor elementor-3104\" data-elementor-post-type=\"post\">\n\t\t\t\t<div class=\"elementor-element elementor-element-91d6c64 e-flex e-con-boxed e-con e-parent\" data-id=\"91d6c64\" data-element_type=\"container\" data-e-type=\"container\">\n\t\t\t\t\t<div class=\"e-con-inner\">\n\t\t\t\t<div class=\"elementor-element elementor-element-c293d15 elementor-widget elementor-widget-image\" data-id=\"c293d15\" data-element_type=\"widget\" data-e-type=\"widget\" data-widget_type=\"image.default\">\n\t\t\t\t<div class=\"elementor-widget-container\">\n\t\t\t\t\t\t\t\t\t\t\t\t\t\t\t<img fetchpriority=\"high\" decoding=\"async\" width=\"800\" height=\"548\" src=\"https:\/\/mcautocaravanas.com\/wp-content\/uploads\/2025\/05\/VENDIDA-1024x701.jpg\" class=\"attachment-large size-large wp-image-2982\" alt=\"\" srcset=\"https:\/\/mcautocaravanas.com\/wp-content\/uploads\/2025\/05\/VENDIDA-1024x701.jpg 1024w, https:\/\/mcautocaravanas.com\/wp-content\/uploads\/2025\/05\/VENDIDA-300x205.jpg 300w, https:\/\/mcautocaravanas.com\/wp-content\/uploads\/2025\/05\/VENDIDA-768x526.jpg 768w, https:\/\/mcautocaravanas.com\/wp-content\/uploads\/2025\/05\/VENDIDA-18x12.jpg 18w, https:\/\/mcautocaravanas.com\/wp-content\/uploads\/2025\/05\/VENDIDA.jpg 1536w\" sizes=\"(max-width: 800px) 100vw, 800px\" \/>\t\t\t\t\t\t\t\t\t\t\t\t\t\t\t<\/div>\n\t\t\t\t<\/div>\n\t\t\t\t\t<\/div>\n\t\t\t\t<\/div>\n\t\t<div class=\"elementor-element elementor-element-6a34a19 e-flex e-con-boxed e-con e-parent\" data-id=\"6a34a19\" data-element_type=\"container\" data-e-type=\"container\">\n\t\t\t\t\t<div class=\"e-con-inner\">\n\t\t\t\t<div class=\"elementor-element elementor-element-c64a612 elementor-headline--style-highlight elementor-widget elementor-widget-animated-headline\" data-id=\"c64a612\" data-element_type=\"widget\" data-e-type=\"widget\" data-settings=\"{&quot;marker&quot;:&quot;underline&quot;,&quot;highlighted_text&quot;:&quot;49.000\\u20ac&quot;,&quot;headline_style&quot;:&quot;highlight&quot;,&quot;loop&quot;:&quot;yes&quot;,&quot;highlight_animation_duration&quot;:1200,&quot;highlight_iteration_delay&quot;:8000}\" data-widget_type=\"animated-headline.default\">\n\t\t\t\t<div class=\"elementor-widget-container\">\n\t\t\t\t\t\t\t<h3 class=\"elementor-headline\">\n\t\t\t\t<span class=\"elementor-headline-dynamic-wrapper elementor-headline-text-wrapper\">\n\t\t\t\t\t<span class=\"elementor-headline-dynamic-text elementor-headline-text-active\">49.000\u20ac<\/span>\n\t\t\t\t<\/span>\n\t\t\t\t<\/h3>\n\t\t\t\t\t\t<\/div>\n\t\t\t\t<\/div>\n\t\t\t\t\t<\/div>\n\t\t\t\t<\/div>\n\t\t<div class=\"elementor-element elementor-element-2df71c2 e-grid e-con-boxed e-con e-parent\" data-id=\"2df71c2\" data-element_type=\"container\" data-e-type=\"container\">\n\t\t\t\t\t<div class=\"e-con-inner\">\n\t\t\t\t<div class=\"elementor-element elementor-element-5b3d8aa elementor-widget elementor-widget-text-editor\" data-id=\"5b3d8aa\" data-element_type=\"widget\" data-e-type=\"widget\" data-widget_type=\"text-editor.default\">\n\t\t\t\t<div class=\"elementor-widget-container\">\n\t\t\t\t\t\t\t\t\t<p style=\"text-align: center;\"><strong>CARACTER\u00cdSTICAS<\/strong><\/p><hr \/><p>A\u00f1o 2019<br \/>92.848 km <br \/>Perfilada HAPPY PLA 385<br \/>Muy bien cuidada<br \/>5 viajar \/ 5 dormir<br \/>Aire acondicionado en cabina<br \/>Longitud largo 6,95 metros, compacta.<br \/>C\u00e1mara trasera, llantas 16\u201d<br \/>Cama vasculante el\u00e9ctrica<br \/>Cama trasera gemelar, unida 197 x 214 cm<br \/>Faros antiniebla <br \/>Techo panor\u00e1mico en cabina, techo recubierto de fibra<br \/>Calefacci\u00f3n y agua caliente truma combi 4000<br \/>Ba\u00f1o completo<br \/>Frigor\u00edfico trivalente doble puerta.<br \/>Mosquiteras\/oscurecedores en todas las puertas y ventanas<br \/>Oscurecedores dometic en cabina<br \/>Toldo fiama 45s<br \/>Porta bicis para 4 bicicletas<br \/>Cierre de seguridad fiama en 3 puertas<\/p><p>GARANT\u00cdA 12 meses, lista para viajar.<\/p><p><span style=\"text-decoration: underline;\"><strong>Precio: 49.000 \u20ac<\/strong><\/span><br \/><strong>Financiaci\u00f3n 100%<\/strong><\/p><p>Puedes visitar la autocaravana en nuestras instalaciones, concertando una cita telef\u00f3nica.<br \/>\u00a1Estaremos encantados de atenderte y asesorarte!<\/p>\t\t\t\t\t\t\t\t<\/div>\n\t\t\t\t<\/div>\n\t\t\t\t<div class=\"elementor-element elementor-element-8c20efc elementor-widget elementor-widget-image-gallery\" data-id=\"8c20efc\" data-element_type=\"widget\" data-e-type=\"widget\" data-widget_type=\"image-gallery.default\">\n\t\t\t\t<div class=\"elementor-widget-container\">\n\t\t\t\t\t\t\t<div class=\"elementor-image-gallery\">\n\t\t\t<div id='gallery-1' class='gallery galleryid-3104 gallery-columns-4 gallery-size-thumbnail'><figure class='gallery-item'>\n\t\t\t<div class='gallery-icon portrait'>\n\t\t\t\t<img decoding=\"async\" width=\"150\" height=\"150\" src=\"https:\/\/mcautocaravanas.com\/wp-content\/uploads\/2025\/04\/WhatsApp-Image-2025-04-08-at-12.44.26-150x150.jpeg\" class=\"attachment-thumbnail size-thumbnail\" alt=\"Autocaravana Citro\u00ebn Jumper 2.0 hdi 130 cv\" aria-describedby=\"gallery-1-2811\" \/>\n\t\t\t<\/div>\n\t\t\t\t<figcaption class='wp-caption-text gallery-caption' id='gallery-1-2811'>\n\t\t\t\tAutocaravana Citro\u00ebn Jumper 2.0 hdi 130 cv\n\t\t\t\t<\/figcaption><\/figure><figure class='gallery-item'>\n\t\t\t<div class='gallery-icon portrait'>\n\t\t\t\t<img decoding=\"async\" width=\"150\" height=\"150\" src=\"https:\/\/mcautocaravanas.com\/wp-content\/uploads\/2025\/04\/WhatsApp-Image-2025-04-08-at-12.44.25-150x150.jpeg\" class=\"attachment-thumbnail size-thumbnail\" alt=\"Autocaravana Citro\u00ebn Jumper 2.0 hdi 130 cv\" aria-describedby=\"gallery-1-2810\" \/>\n\t\t\t<\/div>\n\t\t\t\t<figcaption class='wp-caption-text gallery-caption' id='gallery-1-2810'>\n\t\t\t\tAutocaravana Citro\u00ebn Jumper 2.0 hdi 130 cv\n\t\t\t\t<\/figcaption><\/figure><figure class='gallery-item'>\n\t\t\t<div class='gallery-icon portrait'>\n\t\t\t\t<img loading=\"lazy\" decoding=\"async\" width=\"150\" height=\"150\" src=\"https:\/\/mcautocaravanas.com\/wp-content\/uploads\/2025\/04\/WhatsApp-Image-2025-04-08-at-12.44.25-2-150x150.jpeg\" class=\"attachment-thumbnail size-thumbnail\" alt=\"Autocaravana Citro\u00ebn Jumper 2.0 hdi 130 cv\" aria-describedby=\"gallery-1-2809\" \/>\n\t\t\t<\/div>\n\t\t\t\t<figcaption class='wp-caption-text gallery-caption' id='gallery-1-2809'>\n\t\t\t\tAutocaravana Citro\u00ebn Jumper 2.0 hdi 130 cv\n\t\t\t\t<\/figcaption><\/figure><figure class='gallery-item'>\n\t\t\t<div class='gallery-icon landscape'>\n\t\t\t\t<img loading=\"lazy\" decoding=\"async\" width=\"150\" height=\"150\" src=\"https:\/\/mcautocaravanas.com\/wp-content\/uploads\/2025\/04\/WhatsApp-Image-2025-04-08-at-12.44.25-1-150x150.jpeg\" class=\"attachment-thumbnail size-thumbnail\" alt=\"Autocaravana Citro\u00ebn Jumper 2.0 hdi 130 cv\" aria-describedby=\"gallery-1-2808\" \/>\n\t\t\t<\/div>\n\t\t\t\t<figcaption class='wp-caption-text gallery-caption' id='gallery-1-2808'>\n\t\t\t\tAutocaravana Citro\u00ebn Jumper 2.0 hdi 130 cv\n\t\t\t\t<\/figcaption><\/figure><figure class='gallery-item'>\n\t\t\t<div class='gallery-icon portrait'>\n\t\t\t\t<img loading=\"lazy\" decoding=\"async\" width=\"150\" height=\"150\" src=\"https:\/\/mcautocaravanas.com\/wp-content\/uploads\/2025\/04\/WhatsApp-Image-2025-04-08-at-12.44.24-150x150.jpeg\" class=\"attachment-thumbnail size-thumbnail\" alt=\"Autocaravana Citro\u00ebn Jumper 2.0 hdi 130 cv\" aria-describedby=\"gallery-1-2807\" \/>\n\t\t\t<\/div>\n\t\t\t\t<figcaption class='wp-caption-text gallery-caption' id='gallery-1-2807'>\n\t\t\t\tAutocaravana Citro\u00ebn Jumper 2.0 hdi 130 cv\n\t\t\t\t<\/figcaption><\/figure><figure class='gallery-item'>\n\t\t\t<div class='gallery-icon portrait'>\n\t\t\t\t<img loading=\"lazy\" decoding=\"async\" width=\"150\" height=\"150\" src=\"https:\/\/mcautocaravanas.com\/wp-content\/uploads\/2025\/04\/WhatsApp-Image-2025-04-08-at-12.44.24-2-150x150.jpeg\" class=\"attachment-thumbnail size-thumbnail\" alt=\"Autocaravana Citro\u00ebn Jumper 2.0 hdi 130 cv\" aria-describedby=\"gallery-1-2806\" \/>\n\t\t\t<\/div>\n\t\t\t\t<figcaption class='wp-caption-text gallery-caption' id='gallery-1-2806'>\n\t\t\t\tAutocaravana Citro\u00ebn Jumper 2.0 hdi 130 cv\n\t\t\t\t<\/figcaption><\/figure><figure class='gallery-item'>\n\t\t\t<div class='gallery-icon portrait'>\n\t\t\t\t<img loading=\"lazy\" decoding=\"async\" width=\"150\" height=\"150\" src=\"https:\/\/mcautocaravanas.com\/wp-content\/uploads\/2025\/04\/WhatsApp-Image-2025-04-08-at-12.44.24-1-150x150.jpeg\" class=\"attachment-thumbnail size-thumbnail\" alt=\"Autocaravana Citro\u00ebn Jumper 2.0 hdi 130 cv\" aria-describedby=\"gallery-1-2805\" \/>\n\t\t\t<\/div>\n\t\t\t\t<figcaption class='wp-caption-text gallery-caption' id='gallery-1-2805'>\n\t\t\t\tAutocaravana Citro\u00ebn Jumper 2.0 hdi 130 cv\n\t\t\t\t<\/figcaption><\/figure><figure class='gallery-item'>\n\t\t\t<div class='gallery-icon portrait'>\n\t\t\t\t<img loading=\"lazy\" decoding=\"async\" width=\"150\" height=\"150\" src=\"https:\/\/mcautocaravanas.com\/wp-content\/uploads\/2025\/04\/WhatsApp-Image-2025-04-08-at-12.44.23-150x150.jpeg\" class=\"attachment-thumbnail size-thumbnail\" alt=\"Autocaravana Citro\u00ebn Jumper 2.0 hdi 130 cv\" aria-describedby=\"gallery-1-2804\" \/>\n\t\t\t<\/div>\n\t\t\t\t<figcaption class='wp-caption-text gallery-caption' id='gallery-1-2804'>\n\t\t\t\tAutocaravana Citro\u00ebn Jumper 2.0 hdi 130 cv\n\t\t\t\t<\/figcaption><\/figure><figure class='gallery-item'>\n\t\t\t<div class='gallery-icon portrait'>\n\t\t\t\t<img loading=\"lazy\" decoding=\"async\" width=\"150\" height=\"150\" src=\"https:\/\/mcautocaravanas.com\/wp-content\/uploads\/2025\/04\/WhatsApp-Image-2025-04-08-at-12.44.23-3-150x150.jpeg\" class=\"attachment-thumbnail size-thumbnail\" alt=\"Autocaravana Citro\u00ebn Jumper 2.0 hdi 130 cv\" aria-describedby=\"gallery-1-2803\" \/>\n\t\t\t<\/div>\n\t\t\t\t<figcaption class='wp-caption-text gallery-caption' id='gallery-1-2803'>\n\t\t\t\tAutocaravana Citro\u00ebn Jumper 2.0 hdi 130 cv\n\t\t\t\t<\/figcaption><\/figure><figure class='gallery-item'>\n\t\t\t<div class='gallery-icon portrait'>\n\t\t\t\t<img loading=\"lazy\" decoding=\"async\" width=\"150\" height=\"150\" src=\"https:\/\/mcautocaravanas.com\/wp-content\/uploads\/2025\/04\/WhatsApp-Image-2025-04-08-at-12.44.23-2-150x150.jpeg\" class=\"attachment-thumbnail size-thumbnail\" alt=\"Autocaravana Citro\u00ebn Jumper 2.0 hdi 130 cv\" aria-describedby=\"gallery-1-2802\" \/>\n\t\t\t<\/div>\n\t\t\t\t<figcaption class='wp-caption-text gallery-caption' id='gallery-1-2802'>\n\t\t\t\tAutocaravana Citro\u00ebn Jumper 2.0 hdi 130 cv\n\t\t\t\t<\/figcaption><\/figure><figure class='gallery-item'>\n\t\t\t<div class='gallery-icon landscape'>\n\t\t\t\t<img loading=\"lazy\" decoding=\"async\" width=\"150\" height=\"150\" src=\"https:\/\/mcautocaravanas.com\/wp-content\/uploads\/2025\/04\/WhatsApp-Image-2025-04-08-at-12.44.23-1-150x150.jpeg\" class=\"attachment-thumbnail size-thumbnail\" alt=\"Autocaravana Citro\u00ebn Jumper 2.0 hdi 130 cv\" aria-describedby=\"gallery-1-2801\" \/>\n\t\t\t<\/div>\n\t\t\t\t<figcaption class='wp-caption-text gallery-caption' id='gallery-1-2801'>\n\t\t\t\tAutocaravana Citro\u00ebn Jumper 2.0 hdi 130 cv\n\t\t\t\t<\/figcaption><\/figure><figure class='gallery-item'>\n\t\t\t<div class='gallery-icon landscape'>\n\t\t\t\t<img loading=\"lazy\" decoding=\"async\" width=\"150\" height=\"150\" src=\"https:\/\/mcautocaravanas.com\/wp-content\/uploads\/2025\/04\/WhatsApp-Image-2025-04-08-at-12.44.22-150x150.jpeg\" class=\"attachment-thumbnail size-thumbnail\" alt=\"Autocaravana Citro\u00ebn Jumper 2.0 hdi 130 cv\" aria-describedby=\"gallery-1-2800\" \/>\n\t\t\t<\/div>\n\t\t\t\t<figcaption class='wp-caption-text gallery-caption' id='gallery-1-2800'>\n\t\t\t\tAutocaravana Citro\u00ebn Jumper 2.0 hdi 130 cv\n\t\t\t\t<\/figcaption><\/figure><figure class='gallery-item'>\n\t\t\t<div class='gallery-icon portrait'>\n\t\t\t\t<img loading=\"lazy\" decoding=\"async\" width=\"150\" height=\"150\" src=\"https:\/\/mcautocaravanas.com\/wp-content\/uploads\/2025\/04\/WhatsApp-Image-2025-04-08-at-12.44.22-4-150x150.jpeg\" class=\"attachment-thumbnail size-thumbnail\" alt=\"Autocaravana Citro\u00ebn Jumper 2.0 hdi 130 cv\" aria-describedby=\"gallery-1-2799\" \/>\n\t\t\t<\/div>\n\t\t\t\t<figcaption class='wp-caption-text gallery-caption' id='gallery-1-2799'>\n\t\t\t\tAutocaravana Citro\u00ebn Jumper 2.0 hdi 130 cv\n\t\t\t\t<\/figcaption><\/figure><figure class='gallery-item'>\n\t\t\t<div class='gallery-icon landscape'>\n\t\t\t\t<img loading=\"lazy\" decoding=\"async\" width=\"150\" height=\"150\" src=\"https:\/\/mcautocaravanas.com\/wp-content\/uploads\/2025\/04\/WhatsApp-Image-2025-04-08-at-12.44.22-3-150x150.jpeg\" class=\"attachment-thumbnail size-thumbnail\" alt=\"Autocaravana Citro\u00ebn Jumper 2.0 hdi 130 cv\" aria-describedby=\"gallery-1-2798\" \/>\n\t\t\t<\/div>\n\t\t\t\t<figcaption class='wp-caption-text gallery-caption' id='gallery-1-2798'>\n\t\t\t\tAutocaravana Citro\u00ebn Jumper 2.0 hdi 130 cv\n\t\t\t\t<\/figcaption><\/figure><figure class='gallery-item'>\n\t\t\t<div class='gallery-icon portrait'>\n\t\t\t\t<img loading=\"lazy\" decoding=\"async\" width=\"150\" height=\"150\" src=\"https:\/\/mcautocaravanas.com\/wp-content\/uploads\/2025\/04\/WhatsApp-Image-2025-04-08-at-12.44.22-2-150x150.jpeg\" class=\"attachment-thumbnail size-thumbnail\" alt=\"Autocaravana Citro\u00ebn Jumper 2.0 hdi 130 cv\" aria-describedby=\"gallery-1-2797\" \/>\n\t\t\t<\/div>\n\t\t\t\t<figcaption class='wp-caption-text gallery-caption' id='gallery-1-2797'>\n\t\t\t\tAutocaravana Citro\u00ebn Jumper 2.0 hdi 130 cv\n\t\t\t\t<\/figcaption><\/figure><figure class='gallery-item'>\n\t\t\t<div class='gallery-icon landscape'>\n\t\t\t\t<img loading=\"lazy\" decoding=\"async\" width=\"150\" height=\"150\" src=\"https:\/\/mcautocaravanas.com\/wp-content\/uploads\/2025\/04\/WhatsApp-Image-2025-04-08-at-12.44.22-1-150x150.jpeg\" class=\"attachment-thumbnail size-thumbnail\" alt=\"Autocaravana Citro\u00ebn Jumper 2.0 hdi 130 cv\" aria-describedby=\"gallery-1-2796\" \/>\n\t\t\t<\/div>\n\t\t\t\t<figcaption class='wp-caption-text gallery-caption' id='gallery-1-2796'>\n\t\t\t\tAutocaravana Citro\u00ebn Jumper 2.0 hdi 130 cv\n\t\t\t\t<\/figcaption><\/figure><figure class='gallery-item'>\n\t\t\t<div class='gallery-icon portrait'>\n\t\t\t\t<img loading=\"lazy\" decoding=\"async\" width=\"150\" height=\"150\" src=\"https:\/\/mcautocaravanas.com\/wp-content\/uploads\/2025\/04\/WhatsApp-Image-2025-04-08-at-12.44.21-150x150.jpeg\" class=\"attachment-thumbnail size-thumbnail\" alt=\"Autocaravana Citro\u00ebn Jumper 2.0 hdi 130 cv\" aria-describedby=\"gallery-1-2795\" \/>\n\t\t\t<\/div>\n\t\t\t\t<figcaption class='wp-caption-text gallery-caption' id='gallery-1-2795'>\n\t\t\t\tAutocaravana Citro\u00ebn Jumper 2.0 hdi 130 cv\n\t\t\t\t<\/figcaption><\/figure><figure class='gallery-item'>\n\t\t\t<div class='gallery-icon landscape'>\n\t\t\t\t<img loading=\"lazy\" decoding=\"async\" width=\"150\" height=\"150\" src=\"https:\/\/mcautocaravanas.com\/wp-content\/uploads\/2025\/04\/WhatsApp-Image-2025-04-08-at-12.44.21-2-150x150.jpeg\" class=\"attachment-thumbnail size-thumbnail\" alt=\"Autocaravana Citro\u00ebn Jumper 2.0 hdi 130 cv\" aria-describedby=\"gallery-1-2794\" \/>\n\t\t\t<\/div>\n\t\t\t\t<figcaption class='wp-caption-text gallery-caption' id='gallery-1-2794'>\n\t\t\t\tAutocaravana Citro\u00ebn Jumper 2.0 hdi 130 cv\n\t\t\t\t<\/figcaption><\/figure><figure class='gallery-item'>\n\t\t\t<div class='gallery-icon portrait'>\n\t\t\t\t<img loading=\"lazy\" decoding=\"async\" width=\"150\" height=\"150\" src=\"https:\/\/mcautocaravanas.com\/wp-content\/uploads\/2025\/04\/WhatsApp-Image-2025-04-08-at-12.44.21-1-150x150.jpeg\" class=\"attachment-thumbnail size-thumbnail\" alt=\"Autocaravana Citro\u00ebn Jumper 2.0 hdi 130 cv\" aria-describedby=\"gallery-1-2793\" \/>\n\t\t\t<\/div>\n\t\t\t\t<figcaption class='wp-caption-text gallery-caption' id='gallery-1-2793'>\n\t\t\t\tAutocaravana Citro\u00ebn Jumper 2.0 hdi 130 cv\n\t\t\t\t<\/figcaption><\/figure><figure class='gallery-item'>\n\t\t\t<div class='gallery-icon portrait'>\n\t\t\t\t<img loading=\"lazy\" decoding=\"async\" width=\"150\" height=\"150\" src=\"https:\/\/mcautocaravanas.com\/wp-content\/uploads\/2025\/04\/WhatsApp-Image-2025-04-08-at-12.44.20-150x150.jpeg\" class=\"attachment-thumbnail size-thumbnail\" alt=\"Autocaravana Citro\u00ebn Jumper 2.0 hdi 130 cv\" aria-describedby=\"gallery-1-2792\" \/>\n\t\t\t<\/div>\n\t\t\t\t<figcaption class='wp-caption-text gallery-caption' id='gallery-1-2792'>\n\t\t\t\tAutocaravana Citro\u00ebn Jumper 2.0 hdi 130 cv\n\t\t\t\t<\/figcaption><\/figure><figure class='gallery-item'>\n\t\t\t<div class='gallery-icon portrait'>\n\t\t\t\t<img loading=\"lazy\" decoding=\"async\" width=\"150\" height=\"150\" src=\"https:\/\/mcautocaravanas.com\/wp-content\/uploads\/2025\/04\/WhatsApp-Image-2025-04-08-at-12.44.20-2-150x150.jpeg\" class=\"attachment-thumbnail size-thumbnail\" alt=\"Autocaravana Citro\u00ebn Jumper 2.0 hdi 130 cv\" aria-describedby=\"gallery-1-2791\" \/>\n\t\t\t<\/div>\n\t\t\t\t<figcaption class='wp-caption-text gallery-caption' id='gallery-1-2791'>\n\t\t\t\tAutocaravana Citro\u00ebn Jumper 2.0 hdi 130 cv\n\t\t\t\t<\/figcaption><\/figure><figure class='gallery-item'>\n\t\t\t<div class='gallery-icon landscape'>\n\t\t\t\t<img loading=\"lazy\" decoding=\"async\" width=\"150\" height=\"150\" src=\"https:\/\/mcautocaravanas.com\/wp-content\/uploads\/2025\/04\/WhatsApp-Image-2025-04-08-at-12.44.20-1-150x150.jpeg\" class=\"attachment-thumbnail size-thumbnail\" alt=\"Autocaravana Citro\u00ebn Jumper 2.0 hdi 130 cv\" aria-describedby=\"gallery-1-2790\" \/>\n\t\t\t<\/div>\n\t\t\t\t<figcaption class='wp-caption-text gallery-caption' id='gallery-1-2790'>\n\t\t\t\tAutocaravana Citro\u00ebn Jumper 2.0 hdi 130 cv\n\t\t\t\t<\/figcaption><\/figure><figure class='gallery-item'>\n\t\t\t<div class='gallery-icon portrait'>\n\t\t\t\t<img loading=\"lazy\" decoding=\"async\" width=\"150\" height=\"150\" src=\"https:\/\/mcautocaravanas.com\/wp-content\/uploads\/2025\/04\/WhatsApp-Image-2025-04-08-at-12.44.19-150x150.jpeg\" class=\"attachment-thumbnail size-thumbnail\" alt=\"Autocaravana Citro\u00ebn Jumper 2.0 hdi 130 cv\" aria-describedby=\"gallery-1-2788\" \/>\n\t\t\t<\/div>\n\t\t\t\t<figcaption class='wp-caption-text gallery-caption' id='gallery-1-2788'>\n\t\t\t\tAutocaravana Citro\u00ebn Jumper 2.0 hdi 130 cv\n\t\t\t\t<\/figcaption><\/figure><figure class='gallery-item'>\n\t\t\t<div class='gallery-icon portrait'>\n\t\t\t\t<img loading=\"lazy\" decoding=\"async\" width=\"150\" height=\"150\" src=\"https:\/\/mcautocaravanas.com\/wp-content\/uploads\/2025\/04\/WhatsApp-Image-2025-04-08-at-12.44.19-4-150x150.jpeg\" class=\"attachment-thumbnail size-thumbnail\" alt=\"Autocaravana Citro\u00ebn Jumper 2.0 hdi 130 cv\" \/>\n\t\t\t<\/div><\/figure><figure class='gallery-item'>\n\t\t\t<div class='gallery-icon portrait'>\n\t\t\t\t<img loading=\"lazy\" decoding=\"async\" width=\"150\" height=\"150\" src=\"https:\/\/mcautocaravanas.com\/wp-content\/uploads\/2025\/04\/WhatsApp-Image-2025-04-08-at-12.44.19-3-150x150.jpeg\" class=\"attachment-thumbnail size-thumbnail\" alt=\"Autocaravana Citro\u00ebn Jumper 2.0 hdi 130 cv\" aria-describedby=\"gallery-1-2786\" \/>\n\t\t\t<\/div>\n\t\t\t\t<figcaption class='wp-caption-text gallery-caption' id='gallery-1-2786'>\n\t\t\t\tAutocaravana Citro\u00ebn Jumper 2.0 hdi 130 cv\n\t\t\t\t<\/figcaption><\/figure><figure class='gallery-item'>\n\t\t\t<div class='gallery-icon portrait'>\n\t\t\t\t<img loading=\"lazy\" decoding=\"async\" width=\"150\" height=\"150\" src=\"https:\/\/mcautocaravanas.com\/wp-content\/uploads\/2025\/04\/WhatsApp-Image-2025-04-08-at-12.44.19-2-150x150.jpeg\" class=\"attachment-thumbnail size-thumbnail\" alt=\"Autocaravana Citro\u00ebn Jumper 2.0 hdi 130 cv\" aria-describedby=\"gallery-1-2785\" \/>\n\t\t\t<\/div>\n\t\t\t\t<figcaption class='wp-caption-text gallery-caption' id='gallery-1-2785'>\n\t\t\t\tAutocaravana Citro\u00ebn Jumper 2.0 hdi 130 cv\n\t\t\t\t<\/figcaption><\/figure><figure class='gallery-item'>\n\t\t\t<div class='gallery-icon portrait'>\n\t\t\t\t<img loading=\"lazy\" decoding=\"async\" width=\"150\" height=\"150\" src=\"https:\/\/mcautocaravanas.com\/wp-content\/uploads\/2025\/04\/WhatsApp-Image-2025-04-08-at-12.44.19-1-150x150.jpeg\" class=\"attachment-thumbnail size-thumbnail\" alt=\"Autocaravana Citro\u00ebn Jumper 2.0 hdi 130 cv\" aria-describedby=\"gallery-1-2784\" \/>\n\t\t\t<\/div>\n\t\t\t\t<figcaption class='wp-caption-text gallery-caption' id='gallery-1-2784'>\n\t\t\t\tAutocaravana Citro\u00ebn Jumper 2.0 hdi 130 cv\n\t\t\t\t<\/figcaption><\/figure><figure class='gallery-item'>\n\t\t\t<div class='gallery-icon portrait'>\n\t\t\t\t<img loading=\"lazy\" decoding=\"async\" width=\"150\" height=\"150\" src=\"https:\/\/mcautocaravanas.com\/wp-content\/uploads\/2025\/04\/WhatsApp-Image-2025-04-08-at-12.44.18-150x150.jpeg\" class=\"attachment-thumbnail size-thumbnail\" alt=\"Autocaravana Citro\u00ebn Jumper 2.0 hdi 130 cv\" aria-describedby=\"gallery-1-2783\" \/>\n\t\t\t<\/div>\n\t\t\t\t<figcaption class='wp-caption-text gallery-caption' id='gallery-1-2783'>\n\t\t\t\tAutocaravana Citro\u00ebn Jumper 2.0 hdi 130 cv\n\t\t\t\t<\/figcaption><\/figure><figure class='gallery-item'>\n\t\t\t<div class='gallery-icon landscape'>\n\t\t\t\t<img loading=\"lazy\" decoding=\"async\" width=\"150\" height=\"150\" src=\"https:\/\/mcautocaravanas.com\/wp-content\/uploads\/2025\/04\/WhatsApp-Image-2025-04-08-at-12.44.18-4-150x150.jpeg\" class=\"attachment-thumbnail size-thumbnail\" alt=\"Autocaravana Citro\u00ebn Jumper 2.0 hdi 130 cv\" aria-describedby=\"gallery-1-2782\" \/>\n\t\t\t<\/div>\n\t\t\t\t<figcaption class='wp-caption-text gallery-caption' id='gallery-1-2782'>\n\t\t\t\tAutocaravana Citro\u00ebn Jumper 2.0 hdi 130 cv\n\t\t\t\t<\/figcaption><\/figure><figure class='gallery-item'>\n\t\t\t<div class='gallery-icon landscape'>\n\t\t\t\t<img loading=\"lazy\" decoding=\"async\" width=\"150\" height=\"150\" src=\"https:\/\/mcautocaravanas.com\/wp-content\/uploads\/2025\/04\/WhatsApp-Image-2025-04-08-at-12.44.18-3-150x150.jpeg\" class=\"attachment-thumbnail size-thumbnail\" alt=\"Autocaravana Citro\u00ebn Jumper 2.0 hdi 130 cv\" aria-describedby=\"gallery-1-2781\" \/>\n\t\t\t<\/div>\n\t\t\t\t<figcaption class='wp-caption-text gallery-caption' id='gallery-1-2781'>\n\t\t\t\tAutocaravana Citro\u00ebn Jumper 2.0 hdi 130 cv\n\t\t\t\t<\/figcaption><\/figure><figure class='gallery-item'>\n\t\t\t<div class='gallery-icon landscape'>\n\t\t\t\t<img loading=\"lazy\" decoding=\"async\" width=\"150\" height=\"150\" src=\"https:\/\/mcautocaravanas.com\/wp-content\/uploads\/2025\/04\/WhatsApp-Image-2025-04-08-at-12.44.18-2-150x150.jpeg\" class=\"attachment-thumbnail size-thumbnail\" alt=\"Autocaravana Citro\u00ebn Jumper 2.0 hdi 130 cv\" aria-describedby=\"gallery-1-2780\" \/>\n\t\t\t<\/div>\n\t\t\t\t<figcaption class='wp-caption-text gallery-caption' id='gallery-1-2780'>\n\t\t\t\tAutocaravana Citro\u00ebn Jumper 2.0 hdi 130 cv\n\t\t\t\t<\/figcaption><\/figure><figure class='gallery-item'>\n\t\t\t<div class='gallery-icon portrait'>\n\t\t\t\t<img loading=\"lazy\" decoding=\"async\" width=\"150\" height=\"150\" src=\"https:\/\/mcautocaravanas.com\/wp-content\/uploads\/2025\/04\/WhatsApp-Image-2025-04-08-at-12.44.18-1-150x150.jpeg\" class=\"attachment-thumbnail size-thumbnail\" alt=\"Autocaravana Citro\u00ebn Jumper 2.0 hdi 130 cv\" aria-describedby=\"gallery-1-2779\" \/>\n\t\t\t<\/div>\n\t\t\t\t<figcaption class='wp-caption-text gallery-caption' id='gallery-1-2779'>\n\t\t\t\tAutocaravana Citro\u00ebn Jumper 2.0 hdi 130 cv\n\t\t\t\t<\/figcaption><\/figure><figure class='gallery-item'>\n\t\t\t<div class='gallery-icon landscape'>\n\t\t\t\t<img loading=\"lazy\" decoding=\"async\" width=\"150\" height=\"150\" src=\"https:\/\/mcautocaravanas.com\/wp-content\/uploads\/2025\/04\/WhatsApp-Image-2025-04-08-at-12.44.17-5-150x150.jpeg\" class=\"attachment-thumbnail size-thumbnail\" alt=\"Autocaravana Citro\u00ebn Jumper 2.0 hdi 130 cv\" aria-describedby=\"gallery-1-2778\" \/>\n\t\t\t<\/div>\n\t\t\t\t<figcaption class='wp-caption-text gallery-caption' id='gallery-1-2778'>\n\t\t\t\tAutocaravana Citro\u00ebn Jumper 2.0 hdi 130 cv\n\t\t\t\t<\/figcaption><\/figure><figure class='gallery-item'>\n\t\t\t<div class='gallery-icon landscape'>\n\t\t\t\t<img loading=\"lazy\" decoding=\"async\" width=\"150\" height=\"150\" src=\"https:\/\/mcautocaravanas.com\/wp-content\/uploads\/2025\/04\/WhatsApp-Image-2025-04-08-at-12.44.17-4-150x150.jpeg\" class=\"attachment-thumbnail size-thumbnail\" alt=\"Autocaravana Citro\u00ebn Jumper 2.0 hdi 130 cv\" aria-describedby=\"gallery-1-2777\" \/>\n\t\t\t<\/div>\n\t\t\t\t<figcaption class='wp-caption-text gallery-caption' id='gallery-1-2777'>\n\t\t\t\tAutocaravana Citro\u00ebn Jumper 2.0 hdi 130 cv\n\t\t\t\t<\/figcaption><\/figure><figure class='gallery-item'>\n\t\t\t<div class='gallery-icon portrait'>\n\t\t\t\t<img loading=\"lazy\" decoding=\"async\" width=\"150\" height=\"150\" src=\"https:\/\/mcautocaravanas.com\/wp-content\/uploads\/2025\/04\/WhatsApp-Image-2025-04-08-at-12.44.17-3-150x150.jpeg\" class=\"attachment-thumbnail size-thumbnail\" alt=\"Autocaravana Citro\u00ebn Jumper 2.0 hdi 130 cv\" aria-describedby=\"gallery-1-2776\" \/>\n\t\t\t<\/div>\n\t\t\t\t<figcaption class='wp-caption-text gallery-caption' id='gallery-1-2776'>\n\t\t\t\tAutocaravana Citro\u00ebn Jumper 2.0 hdi 130 cv\n\t\t\t\t<\/figcaption><\/figure><figure class='gallery-item'>\n\t\t\t<div class='gallery-icon portrait'>\n\t\t\t\t<img loading=\"lazy\" decoding=\"async\" width=\"150\" height=\"150\" src=\"https:\/\/mcautocaravanas.com\/wp-content\/uploads\/2025\/04\/WhatsApp-Image-2025-04-08-at-12.44.17-2-150x150.jpeg\" class=\"attachment-thumbnail size-thumbnail\" alt=\"Autocaravana Citro\u00ebn Jumper 2.0 hdi 130 cv\" aria-describedby=\"gallery-1-2775\" \/>\n\t\t\t<\/div>\n\t\t\t\t<figcaption class='wp-caption-text gallery-caption' id='gallery-1-2775'>\n\t\t\t\tAutocaravana Citro\u00ebn Jumper 2.0 hdi 130 cv\n\t\t\t\t<\/figcaption><\/figure><figure class='gallery-item'>\n\t\t\t<div class='gallery-icon landscape'>\n\t\t\t\t<img loading=\"lazy\" decoding=\"async\" width=\"150\" height=\"150\" src=\"https:\/\/mcautocaravanas.com\/wp-content\/uploads\/2025\/04\/WhatsApp-Image-2025-04-08-at-12.44.17-1-150x150.jpeg\" class=\"attachment-thumbnail size-thumbnail\" alt=\"Autocaravana Citro\u00ebn Jumper 2.0 hdi 130 cv\" aria-describedby=\"gallery-1-2774\" \/>\n\t\t\t<\/div>\n\t\t\t\t<figcaption class='wp-caption-text gallery-caption' id='gallery-1-2774'>\n\t\t\t\tAutocaravana Citro\u00ebn Jumper 2.0 hdi 130 cv\n\t\t\t\t<\/figcaption><\/figure><figure class='gallery-item'>\n\t\t\t<div class='gallery-icon landscape'>\n\t\t\t\t<img loading=\"lazy\" decoding=\"async\" width=\"150\" height=\"150\" src=\"https:\/\/mcautocaravanas.com\/wp-content\/uploads\/2025\/04\/WhatsApp-Image-2025-04-08-at-12.44.16-150x150.jpeg\" class=\"attachment-thumbnail size-thumbnail\" alt=\"Autocaravana Citro\u00ebn Jumper 2.0 hdi 130 cv\" aria-describedby=\"gallery-1-2773\" \/>\n\t\t\t<\/div>\n\t\t\t\t<figcaption class='wp-caption-text gallery-caption' id='gallery-1-2773'>\n\t\t\t\tAutocaravana Citro\u00ebn Jumper 2.0 hdi 130 cv\n\t\t\t\t<\/figcaption><\/figure><figure class='gallery-item'>\n\t\t\t<div class='gallery-icon portrait'>\n\t\t\t\t<img loading=\"lazy\" decoding=\"async\" width=\"150\" height=\"150\" src=\"https:\/\/mcautocaravanas.com\/wp-content\/uploads\/2025\/04\/WhatsApp-Image-2025-04-08-at-12.44.16-1-150x150.jpeg\" class=\"attachment-thumbnail size-thumbnail\" alt=\"Autocaravana Citro\u00ebn Jumper 2.0 hdi 130 cv\" aria-describedby=\"gallery-1-2772\" \/>\n\t\t\t<\/div>\n\t\t\t\t<figcaption class='wp-caption-text gallery-caption' id='gallery-1-2772'>\n\t\t\t\tAutocaravana Citro\u00ebn Jumper 2.0 hdi 130 cv\n\t\t\t\t<\/figcaption><\/figure>\n\t\t<\/div>\n\t\t<\/div>\n\t\t\t\t\t\t<\/div>\n\t\t\t\t<\/div>\n\t\t\t\t\t<\/div>\n\t\t\t\t<\/div>\n\t\t\t\t<\/div>","protected":false},"excerpt":{"rendered":"<p>49.000\u20ac CARACTER\u00cdSTICAS A\u00f1o 201992.848 km Perfilada HAPPY PLA 385Muy bien cuidada5 viajar \/ 5 dormirAire acondicionado en cabinaLongitud largo 6,95 metros, compacta.C\u00e1mara trasera, llantas 16\u201dCama vasculante el\u00e9ctricaCama trasera gemelar, unida 197 x 214 cmFaros antiniebla Techo panor\u00e1mico en cabina, techo recubierto de fibraCalefacci\u00f3n y agua caliente truma combi 4000Ba\u00f1o completoFrigor\u00edfico trivalente doble puerta.Mosquiteras\/oscurecedores en todas [&hellip;]<\/p>\n","protected":false},"author":1,"featured_media":2982,"comment_status":"open","ping_status":"closed","sticky":false,"template":"","format":"standard","meta":{"footnotes":""},"categories":[8,9],"tags":[],"class_list":["post-3104","post","type-post","status-publish","format-standard","has-post-thumbnail","hentry","category-autocaravanas-y-furgocamper","category-venta"],"yoast_head":"<!-- This site is optimized with the Yoast SEO plugin v27.5 - https:\/\/yoast.com\/product\/yoast-seo-wordpress\/ -->\n<title>Autocaravana Citro\u00ebn Jumper 2.0 - M.C. Autocaravanas Getxo S.L<\/title>\n<meta name=\"description\" content=\"Autocaravana Citro\u00ebn Jumper 2.0. GARANT\u00cdA 12 meses, lista para viajar. Precio: 49.000 \u20acFinanciaci\u00f3n 100%Puedes visitar la autocaravana en nuestras instalaciones, concertando una cita telef\u00f3nica.\u00a1Estaremos encantados de atenderte y asesorarte!\" \/>\n<meta name=\"robots\" content=\"index, follow, max-snippet:-1, max-image-preview:large, max-video-preview:-1\" \/>\n<link rel=\"canonical\" href=\"https:\/\/mcautocaravanas.com\/eus\/autocaravana-citroen-jumper-2-0\/\" \/>\n<meta property=\"og:locale\" content=\"en_US\" \/>\n<meta property=\"og:type\" content=\"article\" \/>\n<meta property=\"og:title\" content=\"Autocaravana Citro\u00ebn Jumper 2.0 - M.C. Autocaravanas Getxo S.L\" \/>\n<meta property=\"og:description\" content=\"Autocaravana Citro\u00ebn Jumper 2.0. GARANT\u00cdA 12 meses, lista para viajar. Precio: 49.000 \u20acFinanciaci\u00f3n 100%Puedes visitar la autocaravana en nuestras instalaciones, concertando una cita telef\u00f3nica.\u00a1Estaremos encantados de atenderte y asesorarte!\" \/>\n<meta property=\"og:url\" content=\"https:\/\/mcautocaravanas.com\/eus\/autocaravana-citroen-jumper-2-0\/\" \/>\n<meta property=\"og:site_name\" content=\"M.C. Autocaravanas Getxo S.L\" \/>\n<meta property=\"article:author\" content=\"https:\/\/www.facebook.com\/people\/McAutocaravanas-Getxo\/100086353929860\/?_rdr\" \/>\n<meta property=\"article:published_time\" content=\"2025-05-27T17:25:11+00:00\" \/>\n<meta property=\"article:modified_time\" content=\"2025-05-30T10:29:13+00:00\" \/>\n<meta property=\"og:image\" content=\"https:\/\/mcautocaravanas.com\/wp-content\/uploads\/2025\/05\/VENDIDA.jpg\" \/>\n\t<meta property=\"og:image:width\" content=\"1536\" \/>\n\t<meta property=\"og:image:height\" content=\"1052\" \/>\n\t<meta property=\"og:image:type\" content=\"image\/jpeg\" \/>\n<meta name=\"author\" content=\"mcautocaravanas\" \/>\n<meta name=\"twitter:card\" content=\"summary_large_image\" \/>\n<meta name=\"twitter:label1\" content=\"Written by\" \/>\n\t<meta name=\"twitter:data1\" content=\"mcautocaravanas\" \/>\n\t<meta name=\"twitter:label2\" content=\"Est. reading time\" \/>\n\t<meta name=\"twitter:data2\" content=\"10 minutua\" \/>\n<script type=\"application\/ld+json\" class=\"yoast-schema-graph\">{\"@context\":\"https:\\\/\\\/schema.org\",\"@graph\":[{\"@type\":\"Article\",\"@id\":\"https:\\\/\\\/mcautocaravanas.com\\\/autocaravana-citroen-jumper-2-0\\\/#article\",\"isPartOf\":{\"@id\":\"https:\\\/\\\/mcautocaravanas.com\\\/autocaravana-citroen-jumper-2-0\\\/\"},\"author\":{\"name\":\"mcautocaravanas\",\"@id\":\"https:\\\/\\\/mcautocaravanas.com\\\/#\\\/schema\\\/person\\\/a52f2c7d5cbfcc2609bc27222231ad9a\"},\"headline\":\"Autocaravana Citro\u00ebn Jumper 2.0\",\"datePublished\":\"2025-05-27T17:25:11+00:00\",\"dateModified\":\"2025-05-30T10:29:13+00:00\",\"mainEntityOfPage\":{\"@id\":\"https:\\\/\\\/mcautocaravanas.com\\\/autocaravana-citroen-jumper-2-0\\\/\"},\"wordCount\":335,\"commentCount\":0,\"publisher\":{\"@id\":\"https:\\\/\\\/mcautocaravanas.com\\\/#organization\"},\"image\":{\"@id\":\"https:\\\/\\\/mcautocaravanas.com\\\/autocaravana-citroen-jumper-2-0\\\/#primaryimage\"},\"thumbnailUrl\":\"https:\\\/\\\/mcautocaravanas.com\\\/wp-content\\\/uploads\\\/2025\\\/05\\\/VENDIDA.jpg\",\"articleSection\":[\"Autocaravanas y furgocamper de segunda mano\",\"Venta\"],\"inLanguage\":\"eu\",\"potentialAction\":[{\"@type\":\"CommentAction\",\"name\":\"Comment\",\"target\":[\"https:\\\/\\\/mcautocaravanas.com\\\/autocaravana-citroen-jumper-2-0\\\/#respond\"]}]},{\"@type\":\"WebPage\",\"@id\":\"https:\\\/\\\/mcautocaravanas.com\\\/autocaravana-citroen-jumper-2-0\\\/\",\"url\":\"https:\\\/\\\/mcautocaravanas.com\\\/autocaravana-citroen-jumper-2-0\\\/\",\"name\":\"Autocaravana Citro\u00ebn Jumper 2.0 - M.C. Autocaravanas Getxo S.L\",\"isPartOf\":{\"@id\":\"https:\\\/\\\/mcautocaravanas.com\\\/#website\"},\"primaryImageOfPage\":{\"@id\":\"https:\\\/\\\/mcautocaravanas.com\\\/autocaravana-citroen-jumper-2-0\\\/#primaryimage\"},\"image\":{\"@id\":\"https:\\\/\\\/mcautocaravanas.com\\\/autocaravana-citroen-jumper-2-0\\\/#primaryimage\"},\"thumbnailUrl\":\"https:\\\/\\\/mcautocaravanas.com\\\/wp-content\\\/uploads\\\/2025\\\/05\\\/VENDIDA.jpg\",\"datePublished\":\"2025-05-27T17:25:11+00:00\",\"dateModified\":\"2025-05-30T10:29:13+00:00\",\"description\":\"Autocaravana Citro\u00ebn Jumper 2.0. GARANT\u00cdA 12 meses, lista para viajar. Precio: 49.000 \u20acFinanciaci\u00f3n 100%Puedes visitar la autocaravana en nuestras instalaciones, concertando una cita telef\u00f3nica.\u00a1Estaremos encantados de atenderte y asesorarte!\",\"breadcrumb\":{\"@id\":\"https:\\\/\\\/mcautocaravanas.com\\\/autocaravana-citroen-jumper-2-0\\\/#breadcrumb\"},\"inLanguage\":\"eu\",\"potentialAction\":[{\"@type\":\"ReadAction\",\"target\":[\"https:\\\/\\\/mcautocaravanas.com\\\/autocaravana-citroen-jumper-2-0\\\/\"]}]},{\"@type\":\"ImageObject\",\"inLanguage\":\"eu\",\"@id\":\"https:\\\/\\\/mcautocaravanas.com\\\/autocaravana-citroen-jumper-2-0\\\/#primaryimage\",\"url\":\"https:\\\/\\\/mcautocaravanas.com\\\/wp-content\\\/uploads\\\/2025\\\/05\\\/VENDIDA.jpg\",\"contentUrl\":\"https:\\\/\\\/mcautocaravanas.com\\\/wp-content\\\/uploads\\\/2025\\\/05\\\/VENDIDA.jpg\",\"width\":1536,\"height\":1052},{\"@type\":\"BreadcrumbList\",\"@id\":\"https:\\\/\\\/mcautocaravanas.com\\\/autocaravana-citroen-jumper-2-0\\\/#breadcrumb\",\"itemListElement\":[{\"@type\":\"ListItem\",\"position\":1,\"name\":\"Portada\",\"item\":\"https:\\\/\\\/mcautocaravanas.com\\\/\"},{\"@type\":\"ListItem\",\"position\":2,\"name\":\"Autocaravana Citro\u00ebn Jumper 2.0\"}]},{\"@type\":\"WebSite\",\"@id\":\"https:\\\/\\\/mcautocaravanas.com\\\/#website\",\"url\":\"https:\\\/\\\/mcautocaravanas.com\\\/\",\"name\":\"M.C. Autocaravanas Getxo S.L\",\"description\":\"\u00bfListo para una aventura inolvidable? En M.C Autocaravanas Getxo, te ofrecemos la oportunidad de explorar el mundo a tu ritmo con nuestras autocaravanas de \u00faltima generaci\u00f3n.\",\"publisher\":{\"@id\":\"https:\\\/\\\/mcautocaravanas.com\\\/#organization\"},\"potentialAction\":[{\"@type\":\"SearchAction\",\"target\":{\"@type\":\"EntryPoint\",\"urlTemplate\":\"https:\\\/\\\/mcautocaravanas.com\\\/?s={search_term_string}\"},\"query-input\":{\"@type\":\"PropertyValueSpecification\",\"valueRequired\":true,\"valueName\":\"search_term_string\"}}],\"inLanguage\":\"eu\"},{\"@type\":\"Organization\",\"@id\":\"https:\\\/\\\/mcautocaravanas.com\\\/#organization\",\"name\":\"M.C. Autocaravanas Getxo S.L\",\"url\":\"https:\\\/\\\/mcautocaravanas.com\\\/\",\"logo\":{\"@type\":\"ImageObject\",\"inLanguage\":\"eu\",\"@id\":\"https:\\\/\\\/mcautocaravanas.com\\\/#\\\/schema\\\/logo\\\/image\\\/\",\"url\":\"https:\\\/\\\/mcautocaravanas.com\\\/wp-content\\\/uploads\\\/2024\\\/06\\\/cropped-cropped-M.C-AUTOCARAVANAS-1-2.png\",\"contentUrl\":\"https:\\\/\\\/mcautocaravanas.com\\\/wp-content\\\/uploads\\\/2024\\\/06\\\/cropped-cropped-M.C-AUTOCARAVANAS-1-2.png\",\"width\":512,\"height\":484,\"caption\":\"M.C. Autocaravanas Getxo S.L\"},\"image\":{\"@id\":\"https:\\\/\\\/mcautocaravanas.com\\\/#\\\/schema\\\/logo\\\/image\\\/\"}},{\"@type\":\"Person\",\"@id\":\"https:\\\/\\\/mcautocaravanas.com\\\/#\\\/schema\\\/person\\\/a52f2c7d5cbfcc2609bc27222231ad9a\",\"name\":\"mcautocaravanas\",\"image\":{\"@type\":\"ImageObject\",\"inLanguage\":\"eu\",\"@id\":\"https:\\\/\\\/secure.gravatar.com\\\/avatar\\\/07d32fc839bf9372083edbc2691f268c25b349229c1eadb54048150c3db6bd0d?s=96&d=mm&r=g\",\"url\":\"https:\\\/\\\/secure.gravatar.com\\\/avatar\\\/07d32fc839bf9372083edbc2691f268c25b349229c1eadb54048150c3db6bd0d?s=96&d=mm&r=g\",\"contentUrl\":\"https:\\\/\\\/secure.gravatar.com\\\/avatar\\\/07d32fc839bf9372083edbc2691f268c25b349229c1eadb54048150c3db6bd0d?s=96&d=mm&r=g\",\"caption\":\"mcautocaravanas\"},\"sameAs\":[\"https:\\\/\\\/mcautocaravanas.com\",\"https:\\\/\\\/www.facebook.com\\\/people\\\/McAutocaravanas-Getxo\\\/100086353929860\\\/?_rdr\",\"https:\\\/\\\/www.instagram.com\\\/mc_autocaravanas_getxo\\\/\"],\"url\":\"https:\\\/\\\/mcautocaravanas.com\\\/eus\\\/author\\\/mcautocaravanas\\\/\"}]}<\/script>\n<!-- \/ Yoast SEO plugin. -->","yoast_head_json":{"title":"Autocaravana Citro\u00ebn Jumper 2.0 - M.C. Autocaravanas Getxo S.L","description":"Autocaravana Citro\u00ebn Jumper 2.0. GARANT\u00cdA 12 meses, lista para viajar. Precio: 49.000 \u20acFinanciaci\u00f3n 100%Puedes visitar la autocaravana en nuestras instalaciones, concertando una cita telef\u00f3nica.\u00a1Estaremos encantados de atenderte y asesorarte!","robots":{"index":"index","follow":"follow","max-snippet":"max-snippet:-1","max-image-preview":"max-image-preview:large","max-video-preview":"max-video-preview:-1"},"canonical":"https:\/\/mcautocaravanas.com\/eus\/autocaravana-citroen-jumper-2-0\/","og_locale":"en_US","og_type":"article","og_title":"Autocaravana Citro\u00ebn Jumper 2.0 - M.C. Autocaravanas Getxo S.L","og_description":"Autocaravana Citro\u00ebn Jumper 2.0. GARANT\u00cdA 12 meses, lista para viajar. Precio: 49.000 \u20acFinanciaci\u00f3n 100%Puedes visitar la autocaravana en nuestras instalaciones, concertando una cita telef\u00f3nica.\u00a1Estaremos encantados de atenderte y asesorarte!","og_url":"https:\/\/mcautocaravanas.com\/eus\/autocaravana-citroen-jumper-2-0\/","og_site_name":"M.C. Autocaravanas Getxo S.L","article_author":"https:\/\/www.facebook.com\/people\/McAutocaravanas-Getxo\/100086353929860\/?_rdr","article_published_time":"2025-05-27T17:25:11+00:00","article_modified_time":"2025-05-30T10:29:13+00:00","og_image":[{"width":1536,"height":1052,"url":"https:\/\/mcautocaravanas.com\/wp-content\/uploads\/2025\/05\/VENDIDA.jpg","type":"image\/jpeg"}],"author":"mcautocaravanas","twitter_card":"summary_large_image","twitter_misc":{"Written by":"mcautocaravanas","Est. reading time":"10 minutua"},"schema":{"@context":"https:\/\/schema.org","@graph":[{"@type":"Article","@id":"https:\/\/mcautocaravanas.com\/autocaravana-citroen-jumper-2-0\/#article","isPartOf":{"@id":"https:\/\/mcautocaravanas.com\/autocaravana-citroen-jumper-2-0\/"},"author":{"name":"mcautocaravanas","@id":"https:\/\/mcautocaravanas.com\/#\/schema\/person\/a52f2c7d5cbfcc2609bc27222231ad9a"},"headline":"Autocaravana Citro\u00ebn Jumper 2.0","datePublished":"2025-05-27T17:25:11+00:00","dateModified":"2025-05-30T10:29:13+00:00","mainEntityOfPage":{"@id":"https:\/\/mcautocaravanas.com\/autocaravana-citroen-jumper-2-0\/"},"wordCount":335,"commentCount":0,"publisher":{"@id":"https:\/\/mcautocaravanas.com\/#organization"},"image":{"@id":"https:\/\/mcautocaravanas.com\/autocaravana-citroen-jumper-2-0\/#primaryimage"},"thumbnailUrl":"https:\/\/mcautocaravanas.com\/wp-content\/uploads\/2025\/05\/VENDIDA.jpg","articleSection":["Autocaravanas y furgocamper de segunda mano","Venta"],"inLanguage":"eu","potentialAction":[{"@type":"CommentAction","name":"Comment","target":["https:\/\/mcautocaravanas.com\/autocaravana-citroen-jumper-2-0\/#respond"]}]},{"@type":"WebPage","@id":"https:\/\/mcautocaravanas.com\/autocaravana-citroen-jumper-2-0\/","url":"https:\/\/mcautocaravanas.com\/autocaravana-citroen-jumper-2-0\/","name":"Autocaravana Citro\u00ebn Jumper 2.0 - M.C. Autocaravanas Getxo S.L","isPartOf":{"@id":"https:\/\/mcautocaravanas.com\/#website"},"primaryImageOfPage":{"@id":"https:\/\/mcautocaravanas.com\/autocaravana-citroen-jumper-2-0\/#primaryimage"},"image":{"@id":"https:\/\/mcautocaravanas.com\/autocaravana-citroen-jumper-2-0\/#primaryimage"},"thumbnailUrl":"https:\/\/mcautocaravanas.com\/wp-content\/uploads\/2025\/05\/VENDIDA.jpg","datePublished":"2025-05-27T17:25:11+00:00","dateModified":"2025-05-30T10:29:13+00:00","description":"Autocaravana Citro\u00ebn Jumper 2.0. GARANT\u00cdA 12 meses, lista para viajar. Precio: 49.000 \u20acFinanciaci\u00f3n 100%Puedes visitar la autocaravana en nuestras instalaciones, concertando una cita telef\u00f3nica.\u00a1Estaremos encantados de atenderte y asesorarte!","breadcrumb":{"@id":"https:\/\/mcautocaravanas.com\/autocaravana-citroen-jumper-2-0\/#breadcrumb"},"inLanguage":"eu","potentialAction":[{"@type":"ReadAction","target":["https:\/\/mcautocaravanas.com\/autocaravana-citroen-jumper-2-0\/"]}]},{"@type":"ImageObject","inLanguage":"eu","@id":"https:\/\/mcautocaravanas.com\/autocaravana-citroen-jumper-2-0\/#primaryimage","url":"https:\/\/mcautocaravanas.com\/wp-content\/uploads\/2025\/05\/VENDIDA.jpg","contentUrl":"https:\/\/mcautocaravanas.com\/wp-content\/uploads\/2025\/05\/VENDIDA.jpg","width":1536,"height":1052},{"@type":"BreadcrumbList","@id":"https:\/\/mcautocaravanas.com\/autocaravana-citroen-jumper-2-0\/#breadcrumb","itemListElement":[{"@type":"ListItem","position":1,"name":"Portada","item":"https:\/\/mcautocaravanas.com\/"},{"@type":"ListItem","position":2,"name":"Autocaravana Citro\u00ebn Jumper 2.0"}]},{"@type":"WebSite","@id":"https:\/\/mcautocaravanas.com\/#website","url":"https:\/\/mcautocaravanas.com\/","name":"M.C. Autocaravanas Getxo S.L","description":"Abentura ahaztezin baterako prest? M.C Autocaravanas Getxon, mundua zure erritmoan esploratzeko aukera eskaintzen dizugu gure azken belaunaldiko autokarabanekin.","publisher":{"@id":"https:\/\/mcautocaravanas.com\/#organization"},"potentialAction":[{"@type":"SearchAction","target":{"@type":"EntryPoint","urlTemplate":"https:\/\/mcautocaravanas.com\/?s={search_term_string}"},"query-input":{"@type":"PropertyValueSpecification","valueRequired":true,"valueName":"search_term_string"}}],"inLanguage":"eu"},{"@type":"Organization","@id":"https:\/\/mcautocaravanas.com\/#organization","name":"M.C. Autocaravanas Getxo S.L","url":"https:\/\/mcautocaravanas.com\/","logo":{"@type":"ImageObject","inLanguage":"eu","@id":"https:\/\/mcautocaravanas.com\/#\/schema\/logo\/image\/","url":"https:\/\/mcautocaravanas.com\/wp-content\/uploads\/2024\/06\/cropped-cropped-M.C-AUTOCARAVANAS-1-2.png","contentUrl":"https:\/\/mcautocaravanas.com\/wp-content\/uploads\/2024\/06\/cropped-cropped-M.C-AUTOCARAVANAS-1-2.png","width":512,"height":484,"caption":"M.C. Autocaravanas Getxo S.L"},"image":{"@id":"https:\/\/mcautocaravanas.com\/#\/schema\/logo\/image\/"}},{"@type":"Person","@id":"https:\/\/mcautocaravanas.com\/#\/schema\/person\/a52f2c7d5cbfcc2609bc27222231ad9a","name":"mcautocaravanas","image":{"@type":"ImageObject","inLanguage":"eu","@id":"https:\/\/secure.gravatar.com\/avatar\/07d32fc839bf9372083edbc2691f268c25b349229c1eadb54048150c3db6bd0d?s=96&d=mm&r=g","url":"https:\/\/secure.gravatar.com\/avatar\/07d32fc839bf9372083edbc2691f268c25b349229c1eadb54048150c3db6bd0d?s=96&d=mm&r=g","contentUrl":"https:\/\/secure.gravatar.com\/avatar\/07d32fc839bf9372083edbc2691f268c25b349229c1eadb54048150c3db6bd0d?s=96&d=mm&r=g","caption":"mcautocaravanas"},"sameAs":["https:\/\/mcautocaravanas.com","https:\/\/www.facebook.com\/people\/McAutocaravanas-Getxo\/100086353929860\/?_rdr","https:\/\/www.instagram.com\/mc_autocaravanas_getxo\/"],"url":"https:\/\/mcautocaravanas.com\/eus\/author\/mcautocaravanas\/"}]}},"jetpack_featured_media_url":"https:\/\/mcautocaravanas.com\/wp-content\/uploads\/2025\/05\/VENDIDA.jpg","_links":{"self":[{"href":"https:\/\/mcautocaravanas.com\/eus\/wp-json\/wp\/v2\/posts\/3104","targetHints":{"allow":["GET"]}}],"collection":[{"href":"https:\/\/mcautocaravanas.com\/eus\/wp-json\/wp\/v2\/posts"}],"about":[{"href":"https:\/\/mcautocaravanas.com\/eus\/wp-json\/wp\/v2\/types\/post"}],"author":[{"embeddable":true,"href":"https:\/\/mcautocaravanas.com\/eus\/wp-json\/wp\/v2\/users\/1"}],"replies":[{"embeddable":true,"href":"https:\/\/mcautocaravanas.com\/eus\/wp-json\/wp\/v2\/comments?post=3104"}],"version-history":[{"count":3,"href":"https:\/\/mcautocaravanas.com\/eus\/wp-json\/wp\/v2\/posts\/3104\/revisions"}],"predecessor-version":[{"id":3108,"href":"https:\/\/mcautocaravanas.com\/eus\/wp-json\/wp\/v2\/posts\/3104\/revisions\/3108"}],"wp:featuredmedia":[{"embeddable":true,"href":"https:\/\/mcautocaravanas.com\/eus\/wp-json\/wp\/v2\/media\/2982"}],"wp:attachment":[{"href":"https:\/\/mcautocaravanas.com\/eus\/wp-json\/wp\/v2\/media?parent=3104"}],"wp:term":[{"taxonomy":"category","embeddable":true,"href":"https:\/\/mcautocaravanas.com\/eus\/wp-json\/wp\/v2\/categories?post=3104"},{"taxonomy":"post_tag","embeddable":true,"href":"https:\/\/mcautocaravanas.com\/eus\/wp-json\/wp\/v2\/tags?post=3104"}],"curies":[{"name":"wp","href":"https:\/\/api.w.org\/{rel}","templated":true}]}}