{"id":5942,"date":"2026-03-16T13:52:28","date_gmt":"2026-03-16T13:52:28","guid":{"rendered":"https:\/\/mcautocaravanas.com\/?p=5942"},"modified":"2026-03-28T12:25:57","modified_gmt":"2026-03-28T12:25:57","slug":"fiat-ducato-rapido-946_f-integral","status":"publish","type":"post","link":"https:\/\/mcautocaravanas.com\/en\/fiat-ducato-rapido-946_f-integral\/","title":{"rendered":"Fiat Ducato Rapido 946_F Integral"},"content":{"rendered":"<div data-elementor-type=\"wp-post\" data-elementor-id=\"5942\" class=\"elementor elementor-5942\" data-elementor-post-type=\"post\">\n\t\t\t\t<div class=\"elementor-element elementor-element-97d7f6a e-flex e-con-boxed e-con e-parent\" data-id=\"97d7f6a\" data-element_type=\"container\" data-e-type=\"container\">\n\t\t\t\t\t<div class=\"e-con-inner\">\n\t\t\t\t<div class=\"elementor-element elementor-element-055ada5 elementor-widget elementor-widget-image\" data-id=\"055ada5\" data-element_type=\"widget\" data-e-type=\"widget\" data-widget_type=\"image.default\">\n\t\t\t\t<div class=\"elementor-widget-container\">\n\t\t\t\t\t\t\t\t\t\t\t\t\t\t\t<img fetchpriority=\"high\" decoding=\"async\" width=\"767\" height=\"1024\" src=\"https:\/\/mcautocaravanas.com\/wp-content\/uploads\/2026\/03\/fiat-ducato-rapido-946-F-integral-39-767x1024.jpeg\" class=\"attachment-large size-large wp-image-5944\" alt=\"\" srcset=\"https:\/\/mcautocaravanas.com\/wp-content\/uploads\/2026\/03\/fiat-ducato-rapido-946-F-integral-39-767x1024.jpeg 767w, https:\/\/mcautocaravanas.com\/wp-content\/uploads\/2026\/03\/fiat-ducato-rapido-946-F-integral-39-225x300.jpeg 225w, https:\/\/mcautocaravanas.com\/wp-content\/uploads\/2026\/03\/fiat-ducato-rapido-946-F-integral-39-768x1025.jpeg 768w, https:\/\/mcautocaravanas.com\/wp-content\/uploads\/2026\/03\/fiat-ducato-rapido-946-F-integral-39-1151x1536.jpeg 1151w, https:\/\/mcautocaravanas.com\/wp-content\/uploads\/2026\/03\/fiat-ducato-rapido-946-F-integral-39-9x12.jpeg 9w, https:\/\/mcautocaravanas.com\/wp-content\/uploads\/2026\/03\/fiat-ducato-rapido-946-F-integral-39.jpeg 1199w\" sizes=\"(max-width: 767px) 100vw, 767px\" \/>\t\t\t\t\t\t\t\t\t\t\t\t\t\t\t<\/div>\n\t\t\t\t<\/div>\n\t\t\t\t<div class=\"elementor-element elementor-element-b25e30c elementor-headline--style-highlight elementor-widget elementor-widget-animated-headline\" data-id=\"b25e30c\" data-element_type=\"widget\" data-e-type=\"widget\" data-settings=\"{&quot;highlighted_text&quot;:&quot;37.000 \\u20ac&quot;,&quot;headline_style&quot;:&quot;highlight&quot;,&quot;marker&quot;:&quot;circle&quot;,&quot;loop&quot;:&quot;yes&quot;,&quot;highlight_animation_duration&quot;:1200,&quot;highlight_iteration_delay&quot;:8000}\" data-widget_type=\"animated-headline.default\">\n\t\t\t\t<div class=\"elementor-widget-container\">\n\t\t\t\t\t\t\t<h3 class=\"elementor-headline\">\n\t\t\t\t<span class=\"elementor-headline-dynamic-wrapper elementor-headline-text-wrapper\">\n\t\t\t\t\t<span class=\"elementor-headline-dynamic-text elementor-headline-text-active\">37.000 \u20ac<\/span>\n\t\t\t\t<\/span>\n\t\t\t\t<\/h3>\n\t\t\t\t\t\t<\/div>\n\t\t\t\t<\/div>\n\t\t\t\t\t<\/div>\n\t\t\t\t<\/div>\n\t\t<div class=\"elementor-element elementor-element-5c3504b e-flex e-con-boxed e-con e-parent\" data-id=\"5c3504b\" data-element_type=\"container\" data-e-type=\"container\">\n\t\t\t\t\t<div class=\"e-con-inner\">\n\t\t\t\t<div class=\"elementor-element elementor-element-db24674 elementor-align-start elementor-icon-list--layout-traditional elementor-list-item-link-full_width elementor-widget elementor-widget-icon-list\" data-id=\"db24674\" data-element_type=\"widget\" data-e-type=\"widget\" data-widget_type=\"icon-list.default\">\n\t\t\t\t<div class=\"elementor-widget-container\">\n\t\t\t\t\t\t\t<ul class=\"elementor-icon-list-items\">\n\t\t\t\t\t\t\t<li class=\"elementor-icon-list-item\">\n\t\t\t\t\t\t\t\t\t\t\t<span class=\"elementor-icon-list-icon\">\n\t\t\t\t\t\t\t<svg aria-hidden=\"true\" class=\"e-font-icon-svg e-fas-check\" viewbox=\"0 0 512 512\" xmlns=\"http:\/\/www.w3.org\/2000\/svg\"><path d=\"M173.898 439.404l-166.4-166.4c-9.997-9.997-9.997-26.206 0-36.204l36.203-36.204c9.997-9.998 26.207-9.998 36.204 0L192 312.69 432.095 72.596c9.997-9.997 26.207-9.997 36.204 0l36.203 36.204c9.997 9.997 9.997 26.206 0 36.204l-294.4 294.401c-9.998 9.997-26.207 9.997-36.204-.001z\"><\/path><\/svg>\t\t\t\t\t\t<\/span>\n\t\t\t\t\t\t\t\t\t\t<span class=\"elementor-icon-list-text\">A\u00f1o 2005<\/span>\n\t\t\t\t\t\t\t\t\t<\/li>\n\t\t\t\t\t\t\t\t<li class=\"elementor-icon-list-item\">\n\t\t\t\t\t\t\t\t\t\t\t<span class=\"elementor-icon-list-icon\">\n\t\t\t\t\t\t\t<svg aria-hidden=\"true\" class=\"e-font-icon-svg e-fas-check\" viewbox=\"0 0 512 512\" xmlns=\"http:\/\/www.w3.org\/2000\/svg\"><path d=\"M173.898 439.404l-166.4-166.4c-9.997-9.997-9.997-26.206 0-36.204l36.203-36.204c9.997-9.998 26.207-9.998 36.204 0L192 312.69 432.095 72.596c9.997-9.997 26.207-9.997 36.204 0l36.203 36.204c9.997 9.997 9.997 26.206 0 36.204l-294.4 294.401c-9.998 9.997-26.207 9.997-36.204-.001z\"><\/path><\/svg>\t\t\t\t\t\t<\/span>\n\t\t\t\t\t\t\t\t\t\t<span class=\"elementor-icon-list-text\">4 plazas para viajar y dormir<\/span>\n\t\t\t\t\t\t\t\t\t<\/li>\n\t\t\t\t\t\t\t\t<li class=\"elementor-icon-list-item\">\n\t\t\t\t\t\t\t\t\t\t\t<span class=\"elementor-icon-list-icon\">\n\t\t\t\t\t\t\t<svg aria-hidden=\"true\" class=\"e-font-icon-svg e-fas-check\" viewbox=\"0 0 512 512\" xmlns=\"http:\/\/www.w3.org\/2000\/svg\"><path d=\"M173.898 439.404l-166.4-166.4c-9.997-9.997-9.997-26.206 0-36.204l36.203-36.204c9.997-9.998 26.207-9.998 36.204 0L192 312.69 432.095 72.596c9.997-9.997 26.207-9.997 36.204 0l36.203 36.204c9.997 9.997 9.997 26.206 0 36.204l-294.4 294.401c-9.998 9.997-26.207 9.997-36.204-.001z\"><\/path><\/svg>\t\t\t\t\t\t<\/span>\n\t\t\t\t\t\t\t\t\t\t<span class=\"elementor-icon-list-text\">100.000 KM<\/span>\n\t\t\t\t\t\t\t\t\t<\/li>\n\t\t\t\t\t\t\t\t<li class=\"elementor-icon-list-item\">\n\t\t\t\t\t\t\t\t\t\t\t<span class=\"elementor-icon-list-icon\">\n\t\t\t\t\t\t\t<svg aria-hidden=\"true\" class=\"e-font-icon-svg e-fas-check\" viewbox=\"0 0 512 512\" xmlns=\"http:\/\/www.w3.org\/2000\/svg\"><path d=\"M173.898 439.404l-166.4-166.4c-9.997-9.997-9.997-26.206 0-36.204l36.203-36.204c9.997-9.998 26.207-9.998 36.204 0L192 312.69 432.095 72.596c9.997-9.997 26.207-9.997 36.204 0l36.203 36.204c9.997 9.997 9.997 26.206 0 36.204l-294.4 294.401c-9.998 9.997-26.207 9.997-36.204-.001z\"><\/path><\/svg>\t\t\t\t\t\t<\/span>\n\t\t\t\t\t\t\t\t\t\t<span class=\"elementor-icon-list-text\">Fiat Ducato 2.8 JTD de 146 CV<\/span>\n\t\t\t\t\t\t\t\t\t<\/li>\n\t\t\t\t\t\t\t\t<li class=\"elementor-icon-list-item\">\n\t\t\t\t\t\t\t\t\t\t\t<span class=\"elementor-icon-list-icon\">\n\t\t\t\t\t\t\t<svg aria-hidden=\"true\" class=\"e-font-icon-svg e-fas-check\" viewbox=\"0 0 512 512\" xmlns=\"http:\/\/www.w3.org\/2000\/svg\"><path d=\"M173.898 439.404l-166.4-166.4c-9.997-9.997-9.997-26.206 0-36.204l36.203-36.204c9.997-9.998 26.207-9.998 36.204 0L192 312.69 432.095 72.596c9.997-9.997 26.207-9.997 36.204 0l36.203 36.204c9.997 9.997 9.997 26.206 0 36.204l-294.4 294.401c-9.998 9.997-26.207 9.997-36.204-.001z\"><\/path><\/svg>\t\t\t\t\t\t<\/span>\n\t\t\t\t\t\t\t\t\t\t<span class=\"elementor-icon-list-text\">6,29 m de longitud<\/span>\n\t\t\t\t\t\t\t\t\t<\/li>\n\t\t\t\t\t\t<\/ul>\n\t\t\t\t\t\t<\/div>\n\t\t\t\t<\/div>\n\t\t\t\t<div class=\"elementor-element elementor-element-0f034bf elementor-widget elementor-widget-heading\" data-id=\"0f034bf\" data-element_type=\"widget\" data-e-type=\"widget\" data-widget_type=\"heading.default\">\n\t\t\t\t<div class=\"elementor-widget-container\">\n\t\t\t\t\t<h2 class=\"elementor-heading-title elementor-size-default\">Si buscas una autocaravana fiable, muy bien cuidada y lista para viajar desde el primer d\u00eda, esta R\u00e1pido 946F es una oportunidad dif\u00edcil de encontrar<\/h2>\t\t\t\t<\/div>\n\t\t\t\t<\/div>\n\t\t\t\t\t<\/div>\n\t\t\t\t<\/div>\n\t\t<div class=\"elementor-element elementor-element-91a8f1a e-flex e-con-boxed e-con e-parent\" data-id=\"91a8f1a\" data-element_type=\"container\" data-e-type=\"container\">\n\t\t\t\t\t<div class=\"e-con-inner\">\n\t\t<div class=\"elementor-element elementor-element-6d2c1a2 e-con-full e-flex e-con e-child\" data-id=\"6d2c1a2\" data-element_type=\"container\" data-e-type=\"container\">\n\t\t\t\t<div class=\"elementor-element elementor-element-f96bb43 elementor-widget elementor-widget-text-editor\" data-id=\"f96bb43\" data-element_type=\"widget\" data-e-type=\"widget\" data-widget_type=\"text-editor.default\">\n\t\t\t\t<div class=\"elementor-widget-container\">\n\t\t\t\t\t\t\t\t\t<p><span style=\"text-decoration: underline;\"><em><strong> Distribuci\u00f3n y comodidad:<\/strong><\/em><\/span><\/p><ul><li>Cama francesa trasera<\/li><li>Cama supletoria elevable en cabina<\/li><li>Amplio comedor para 5 personas<\/li><li>Cocina en L muy c\u00f3moda<\/li><li>Nevera grande<\/li><li>3 fuegos a gas<\/li><li>Fregadero<\/li><li>Amplio Ba\u00f1o grande con ducha independiente<\/li><\/ul><p>\u00a0<\/p><p><span style=\"text-decoration: underline;\"><em><strong> Equipamiento destacado:<\/strong><\/em><\/span><\/p><ul><li>Calefacci\u00f3n y agua caliente Truma<\/li><li>Placa solar<\/li><li>Bater\u00eda de vivienda nueva<\/li><li>Toldo lateral<\/li><li>Portabicicletas<\/li><li>Chasis Salco<\/li><li>Cajones exteriores laterales<\/li><li>Ducha exterior<\/li><li>Capacidad para 2 bombonas de butano<\/li><li>Remis nuevos en cabina<\/li><li>Mosquiteras y oscurecedores en todas las ventanas y claraboyas<\/li><\/ul><p>\u00a0<\/p><p><span style=\"text-decoration: underline;\"><em><strong>Estado mec\u00e1nico:<\/strong><\/em><\/span><\/p><ul><li>A\u00f1o: 2005<\/li><li>Motor: 2.8 JTD \u2013 145 CV<\/li><li>Kil\u00f3metros: 100.000 km<\/li><li>ITV reci\u00e9n pasada<\/li><li>Mantenimiento completo hecho<\/li><li>Correas, filtros y aceite con solo 2.000 km<\/li><li>Ruedas al 90% Todos los extras homologados<\/li><\/ul><p>\u00a0<\/p><p>Autocaravana muy bien conservada y en perfecto estado, lista para viajar.<\/p>\t\t\t\t\t\t\t\t<\/div>\n\t\t\t\t<\/div>\n\t\t\t\t<\/div>\n\t\t<div class=\"elementor-element elementor-element-ee536d7 e-con-full e-flex e-con e-child\" data-id=\"ee536d7\" data-element_type=\"container\" data-e-type=\"container\">\n\t\t\t\t<div class=\"elementor-element elementor-element-0aa8ddf elementor-widget elementor-widget-image-gallery\" data-id=\"0aa8ddf\" data-element_type=\"widget\" data-e-type=\"widget\" data-widget_type=\"image-gallery.default\">\n\t\t\t\t<div class=\"elementor-widget-container\">\n\t\t\t\t\t\t\t<div class=\"elementor-image-gallery\">\n\t\t\t<div id='gallery-1' class='gallery galleryid-5942 gallery-columns-4 gallery-size-thumbnail'><figure class='gallery-item'>\n\t\t\t<div class='gallery-icon portrait'>\n\t\t\t\t<a data-elementor-open-lightbox=\"yes\" data-elementor-lightbox-slideshow=\"0aa8ddf\" data-elementor-lightbox-title=\"fiat ducato rapido 946 F integral (1)\" data-e-action-hash=\"#elementor-action%3Aaction%3Dlightbox%26settings%3DeyJpZCI6NTk0NiwidXJsIjoiaHR0cHM6XC9cL21jYXV0b2NhcmF2YW5hcy5jb21cL3dwLWNvbnRlbnRcL3VwbG9hZHNcLzIwMjZcLzAzXC9maWF0LWR1Y2F0by1yYXBpZG8tOTQ2LUYtaW50ZWdyYWwtMS5qcGVnIiwic2xpZGVzaG93IjoiMGFhOGRkZiJ9\" href='https:\/\/mcautocaravanas.com\/wp-content\/uploads\/2026\/03\/fiat-ducato-rapido-946-F-integral-1.jpeg'><img decoding=\"async\" width=\"150\" height=\"150\" src=\"https:\/\/mcautocaravanas.com\/wp-content\/uploads\/2026\/03\/fiat-ducato-rapido-946-F-integral-1-150x150.jpeg\" class=\"attachment-thumbnail size-thumbnail\" alt=\"\" \/><\/a>\n\t\t\t<\/div><\/figure><figure class='gallery-item'>\n\t\t\t<div class='gallery-icon portrait'>\n\t\t\t\t<a data-elementor-open-lightbox=\"yes\" data-elementor-lightbox-slideshow=\"0aa8ddf\" data-elementor-lightbox-title=\"fiat ducato rapido 946 F integral (2)\" data-e-action-hash=\"#elementor-action%3Aaction%3Dlightbox%26settings%3DeyJpZCI6NTk0OCwidXJsIjoiaHR0cHM6XC9cL21jYXV0b2NhcmF2YW5hcy5jb21cL3dwLWNvbnRlbnRcL3VwbG9hZHNcLzIwMjZcLzAzXC9maWF0LWR1Y2F0by1yYXBpZG8tOTQ2LUYtaW50ZWdyYWwtMi5qcGVnIiwic2xpZGVzaG93IjoiMGFhOGRkZiJ9\" href='https:\/\/mcautocaravanas.com\/wp-content\/uploads\/2026\/03\/fiat-ducato-rapido-946-F-integral-2.jpeg'><img decoding=\"async\" width=\"150\" height=\"150\" src=\"https:\/\/mcautocaravanas.com\/wp-content\/uploads\/2026\/03\/fiat-ducato-rapido-946-F-integral-2-150x150.jpeg\" class=\"attachment-thumbnail size-thumbnail\" alt=\"\" \/><\/a>\n\t\t\t<\/div><\/figure><figure class='gallery-item'>\n\t\t\t<div class='gallery-icon portrait'>\n\t\t\t\t<a data-elementor-open-lightbox=\"yes\" data-elementor-lightbox-slideshow=\"0aa8ddf\" data-elementor-lightbox-title=\"fiat ducato rapido 946 F integral (3)\" data-e-action-hash=\"#elementor-action%3Aaction%3Dlightbox%26settings%3DeyJpZCI6NTk0OSwidXJsIjoiaHR0cHM6XC9cL21jYXV0b2NhcmF2YW5hcy5jb21cL3dwLWNvbnRlbnRcL3VwbG9hZHNcLzIwMjZcLzAzXC9maWF0LWR1Y2F0by1yYXBpZG8tOTQ2LUYtaW50ZWdyYWwtMy5qcGVnIiwic2xpZGVzaG93IjoiMGFhOGRkZiJ9\" href='https:\/\/mcautocaravanas.com\/wp-content\/uploads\/2026\/03\/fiat-ducato-rapido-946-F-integral-3.jpeg'><img loading=\"lazy\" decoding=\"async\" width=\"150\" height=\"150\" src=\"https:\/\/mcautocaravanas.com\/wp-content\/uploads\/2026\/03\/fiat-ducato-rapido-946-F-integral-3-150x150.jpeg\" class=\"attachment-thumbnail size-thumbnail\" alt=\"\" \/><\/a>\n\t\t\t<\/div><\/figure><figure class='gallery-item'>\n\t\t\t<div class='gallery-icon portrait'>\n\t\t\t\t<a data-elementor-open-lightbox=\"yes\" data-elementor-lightbox-slideshow=\"0aa8ddf\" data-elementor-lightbox-title=\"fiat ducato rapido 946 F integral (4)\" data-e-action-hash=\"#elementor-action%3Aaction%3Dlightbox%26settings%3DeyJpZCI6NTk1MCwidXJsIjoiaHR0cHM6XC9cL21jYXV0b2NhcmF2YW5hcy5jb21cL3dwLWNvbnRlbnRcL3VwbG9hZHNcLzIwMjZcLzAzXC9maWF0LWR1Y2F0by1yYXBpZG8tOTQ2LUYtaW50ZWdyYWwtNC5qcGVnIiwic2xpZGVzaG93IjoiMGFhOGRkZiJ9\" href='https:\/\/mcautocaravanas.com\/wp-content\/uploads\/2026\/03\/fiat-ducato-rapido-946-F-integral-4.jpeg'><img loading=\"lazy\" decoding=\"async\" width=\"150\" height=\"150\" src=\"https:\/\/mcautocaravanas.com\/wp-content\/uploads\/2026\/03\/fiat-ducato-rapido-946-F-integral-4-150x150.jpeg\" class=\"attachment-thumbnail size-thumbnail\" alt=\"\" \/><\/a>\n\t\t\t<\/div><\/figure><figure class='gallery-item'>\n\t\t\t<div class='gallery-icon portrait'>\n\t\t\t\t<a data-elementor-open-lightbox=\"yes\" data-elementor-lightbox-slideshow=\"0aa8ddf\" data-elementor-lightbox-title=\"fiat ducato rapido 946 F integral (5)\" data-e-action-hash=\"#elementor-action%3Aaction%3Dlightbox%26settings%3DeyJpZCI6NTk1MSwidXJsIjoiaHR0cHM6XC9cL21jYXV0b2NhcmF2YW5hcy5jb21cL3dwLWNvbnRlbnRcL3VwbG9hZHNcLzIwMjZcLzAzXC9maWF0LWR1Y2F0by1yYXBpZG8tOTQ2LUYtaW50ZWdyYWwtNS5qcGVnIiwic2xpZGVzaG93IjoiMGFhOGRkZiJ9\" href='https:\/\/mcautocaravanas.com\/wp-content\/uploads\/2026\/03\/fiat-ducato-rapido-946-F-integral-5.jpeg'><img loading=\"lazy\" decoding=\"async\" width=\"150\" height=\"150\" src=\"https:\/\/mcautocaravanas.com\/wp-content\/uploads\/2026\/03\/fiat-ducato-rapido-946-F-integral-5-150x150.jpeg\" class=\"attachment-thumbnail size-thumbnail\" alt=\"\" \/><\/a>\n\t\t\t<\/div><\/figure><figure class='gallery-item'>\n\t\t\t<div class='gallery-icon portrait'>\n\t\t\t\t<a data-elementor-open-lightbox=\"yes\" data-elementor-lightbox-slideshow=\"0aa8ddf\" data-elementor-lightbox-title=\"fiat ducato rapido 946 F integral (6)\" data-e-action-hash=\"#elementor-action%3Aaction%3Dlightbox%26settings%3DeyJpZCI6NTk1MiwidXJsIjoiaHR0cHM6XC9cL21jYXV0b2NhcmF2YW5hcy5jb21cL3dwLWNvbnRlbnRcL3VwbG9hZHNcLzIwMjZcLzAzXC9maWF0LWR1Y2F0by1yYXBpZG8tOTQ2LUYtaW50ZWdyYWwtNi5qcGVnIiwic2xpZGVzaG93IjoiMGFhOGRkZiJ9\" href='https:\/\/mcautocaravanas.com\/wp-content\/uploads\/2026\/03\/fiat-ducato-rapido-946-F-integral-6.jpeg'><img loading=\"lazy\" decoding=\"async\" width=\"150\" height=\"150\" src=\"https:\/\/mcautocaravanas.com\/wp-content\/uploads\/2026\/03\/fiat-ducato-rapido-946-F-integral-6-150x150.jpeg\" class=\"attachment-thumbnail size-thumbnail\" alt=\"\" \/><\/a>\n\t\t\t<\/div><\/figure><figure class='gallery-item'>\n\t\t\t<div class='gallery-icon portrait'>\n\t\t\t\t<a data-elementor-open-lightbox=\"yes\" data-elementor-lightbox-slideshow=\"0aa8ddf\" data-elementor-lightbox-title=\"fiat ducato rapido 946 F integral (7)\" data-e-action-hash=\"#elementor-action%3Aaction%3Dlightbox%26settings%3DeyJpZCI6NTk1MywidXJsIjoiaHR0cHM6XC9cL21jYXV0b2NhcmF2YW5hcy5jb21cL3dwLWNvbnRlbnRcL3VwbG9hZHNcLzIwMjZcLzAzXC9maWF0LWR1Y2F0by1yYXBpZG8tOTQ2LUYtaW50ZWdyYWwtNy5qcGVnIiwic2xpZGVzaG93IjoiMGFhOGRkZiJ9\" href='https:\/\/mcautocaravanas.com\/wp-content\/uploads\/2026\/03\/fiat-ducato-rapido-946-F-integral-7.jpeg'><img loading=\"lazy\" decoding=\"async\" width=\"150\" height=\"150\" src=\"https:\/\/mcautocaravanas.com\/wp-content\/uploads\/2026\/03\/fiat-ducato-rapido-946-F-integral-7-150x150.jpeg\" class=\"attachment-thumbnail size-thumbnail\" alt=\"\" \/><\/a>\n\t\t\t<\/div><\/figure><figure class='gallery-item'>\n\t\t\t<div class='gallery-icon portrait'>\n\t\t\t\t<a data-elementor-open-lightbox=\"yes\" data-elementor-lightbox-slideshow=\"0aa8ddf\" data-elementor-lightbox-title=\"fiat ducato rapido 946 F integral (8)\" data-e-action-hash=\"#elementor-action%3Aaction%3Dlightbox%26settings%3DeyJpZCI6NTk1NCwidXJsIjoiaHR0cHM6XC9cL21jYXV0b2NhcmF2YW5hcy5jb21cL3dwLWNvbnRlbnRcL3VwbG9hZHNcLzIwMjZcLzAzXC9maWF0LWR1Y2F0by1yYXBpZG8tOTQ2LUYtaW50ZWdyYWwtOC5qcGVnIiwic2xpZGVzaG93IjoiMGFhOGRkZiJ9\" href='https:\/\/mcautocaravanas.com\/wp-content\/uploads\/2026\/03\/fiat-ducato-rapido-946-F-integral-8.jpeg'><img loading=\"lazy\" decoding=\"async\" width=\"150\" height=\"150\" src=\"https:\/\/mcautocaravanas.com\/wp-content\/uploads\/2026\/03\/fiat-ducato-rapido-946-F-integral-8-150x150.jpeg\" class=\"attachment-thumbnail size-thumbnail\" alt=\"\" \/><\/a>\n\t\t\t<\/div><\/figure><figure class='gallery-item'>\n\t\t\t<div class='gallery-icon portrait'>\n\t\t\t\t<a data-elementor-open-lightbox=\"yes\" data-elementor-lightbox-slideshow=\"0aa8ddf\" data-elementor-lightbox-title=\"fiat ducato rapido 946 F integral (9)\" data-e-action-hash=\"#elementor-action%3Aaction%3Dlightbox%26settings%3DeyJpZCI6NTk1NSwidXJsIjoiaHR0cHM6XC9cL21jYXV0b2NhcmF2YW5hcy5jb21cL3dwLWNvbnRlbnRcL3VwbG9hZHNcLzIwMjZcLzAzXC9maWF0LWR1Y2F0by1yYXBpZG8tOTQ2LUYtaW50ZWdyYWwtOS5qcGVnIiwic2xpZGVzaG93IjoiMGFhOGRkZiJ9\" href='https:\/\/mcautocaravanas.com\/wp-content\/uploads\/2026\/03\/fiat-ducato-rapido-946-F-integral-9.jpeg'><img loading=\"lazy\" decoding=\"async\" width=\"150\" height=\"150\" src=\"https:\/\/mcautocaravanas.com\/wp-content\/uploads\/2026\/03\/fiat-ducato-rapido-946-F-integral-9-150x150.jpeg\" class=\"attachment-thumbnail size-thumbnail\" alt=\"\" \/><\/a>\n\t\t\t<\/div><\/figure><figure class='gallery-item'>\n\t\t\t<div class='gallery-icon portrait'>\n\t\t\t\t<a data-elementor-open-lightbox=\"yes\" data-elementor-lightbox-slideshow=\"0aa8ddf\" data-elementor-lightbox-title=\"fiat ducato rapido 946 F integral (10)\" data-e-action-hash=\"#elementor-action%3Aaction%3Dlightbox%26settings%3DeyJpZCI6NTk1NiwidXJsIjoiaHR0cHM6XC9cL21jYXV0b2NhcmF2YW5hcy5jb21cL3dwLWNvbnRlbnRcL3VwbG9hZHNcLzIwMjZcLzAzXC9maWF0LWR1Y2F0by1yYXBpZG8tOTQ2LUYtaW50ZWdyYWwtMTAuanBlZyIsInNsaWRlc2hvdyI6IjBhYThkZGYifQ%3D%3D\" href='https:\/\/mcautocaravanas.com\/wp-content\/uploads\/2026\/03\/fiat-ducato-rapido-946-F-integral-10.jpeg'><img loading=\"lazy\" decoding=\"async\" width=\"150\" height=\"150\" src=\"https:\/\/mcautocaravanas.com\/wp-content\/uploads\/2026\/03\/fiat-ducato-rapido-946-F-integral-10-150x150.jpeg\" class=\"attachment-thumbnail size-thumbnail\" alt=\"\" \/><\/a>\n\t\t\t<\/div><\/figure><figure class='gallery-item'>\n\t\t\t<div class='gallery-icon portrait'>\n\t\t\t\t<a data-elementor-open-lightbox=\"yes\" data-elementor-lightbox-slideshow=\"0aa8ddf\" data-elementor-lightbox-title=\"fiat ducato rapido 946 F integral (11)\" data-e-action-hash=\"#elementor-action%3Aaction%3Dlightbox%26settings%3DeyJpZCI6NTk1NywidXJsIjoiaHR0cHM6XC9cL21jYXV0b2NhcmF2YW5hcy5jb21cL3dwLWNvbnRlbnRcL3VwbG9hZHNcLzIwMjZcLzAzXC9maWF0LWR1Y2F0by1yYXBpZG8tOTQ2LUYtaW50ZWdyYWwtMTEuanBlZyIsInNsaWRlc2hvdyI6IjBhYThkZGYifQ%3D%3D\" href='https:\/\/mcautocaravanas.com\/wp-content\/uploads\/2026\/03\/fiat-ducato-rapido-946-F-integral-11.jpeg'><img loading=\"lazy\" decoding=\"async\" width=\"150\" height=\"150\" src=\"https:\/\/mcautocaravanas.com\/wp-content\/uploads\/2026\/03\/fiat-ducato-rapido-946-F-integral-11-150x150.jpeg\" class=\"attachment-thumbnail size-thumbnail\" alt=\"\" \/><\/a>\n\t\t\t<\/div><\/figure><figure class='gallery-item'>\n\t\t\t<div class='gallery-icon portrait'>\n\t\t\t\t<a data-elementor-open-lightbox=\"yes\" data-elementor-lightbox-slideshow=\"0aa8ddf\" data-elementor-lightbox-title=\"fiat ducato rapido 946 F integral (12)\" data-e-action-hash=\"#elementor-action%3Aaction%3Dlightbox%26settings%3DeyJpZCI6NTk1OCwidXJsIjoiaHR0cHM6XC9cL21jYXV0b2NhcmF2YW5hcy5jb21cL3dwLWNvbnRlbnRcL3VwbG9hZHNcLzIwMjZcLzAzXC9maWF0LWR1Y2F0by1yYXBpZG8tOTQ2LUYtaW50ZWdyYWwtMTIuanBlZyIsInNsaWRlc2hvdyI6IjBhYThkZGYifQ%3D%3D\" href='https:\/\/mcautocaravanas.com\/wp-content\/uploads\/2026\/03\/fiat-ducato-rapido-946-F-integral-12.jpeg'><img loading=\"lazy\" decoding=\"async\" width=\"150\" height=\"150\" src=\"https:\/\/mcautocaravanas.com\/wp-content\/uploads\/2026\/03\/fiat-ducato-rapido-946-F-integral-12-150x150.jpeg\" class=\"attachment-thumbnail size-thumbnail\" alt=\"\" \/><\/a>\n\t\t\t<\/div><\/figure><figure class='gallery-item'>\n\t\t\t<div class='gallery-icon portrait'>\n\t\t\t\t<a data-elementor-open-lightbox=\"yes\" data-elementor-lightbox-slideshow=\"0aa8ddf\" data-elementor-lightbox-title=\"fiat ducato rapido 946 F integral (13)\" data-e-action-hash=\"#elementor-action%3Aaction%3Dlightbox%26settings%3DeyJpZCI6NTk1OSwidXJsIjoiaHR0cHM6XC9cL21jYXV0b2NhcmF2YW5hcy5jb21cL3dwLWNvbnRlbnRcL3VwbG9hZHNcLzIwMjZcLzAzXC9maWF0LWR1Y2F0by1yYXBpZG8tOTQ2LUYtaW50ZWdyYWwtMTMuanBlZyIsInNsaWRlc2hvdyI6IjBhYThkZGYifQ%3D%3D\" href='https:\/\/mcautocaravanas.com\/wp-content\/uploads\/2026\/03\/fiat-ducato-rapido-946-F-integral-13.jpeg'><img loading=\"lazy\" decoding=\"async\" width=\"150\" height=\"150\" src=\"https:\/\/mcautocaravanas.com\/wp-content\/uploads\/2026\/03\/fiat-ducato-rapido-946-F-integral-13-150x150.jpeg\" class=\"attachment-thumbnail size-thumbnail\" alt=\"\" \/><\/a>\n\t\t\t<\/div><\/figure><figure class='gallery-item'>\n\t\t\t<div class='gallery-icon portrait'>\n\t\t\t\t<a data-elementor-open-lightbox=\"yes\" data-elementor-lightbox-slideshow=\"0aa8ddf\" data-elementor-lightbox-title=\"fiat ducato rapido 946 F integral (14)\" data-e-action-hash=\"#elementor-action%3Aaction%3Dlightbox%26settings%3DeyJpZCI6NTk2MCwidXJsIjoiaHR0cHM6XC9cL21jYXV0b2NhcmF2YW5hcy5jb21cL3dwLWNvbnRlbnRcL3VwbG9hZHNcLzIwMjZcLzAzXC9maWF0LWR1Y2F0by1yYXBpZG8tOTQ2LUYtaW50ZWdyYWwtMTQuanBlZyIsInNsaWRlc2hvdyI6IjBhYThkZGYifQ%3D%3D\" href='https:\/\/mcautocaravanas.com\/wp-content\/uploads\/2026\/03\/fiat-ducato-rapido-946-F-integral-14.jpeg'><img loading=\"lazy\" decoding=\"async\" width=\"150\" height=\"150\" src=\"https:\/\/mcautocaravanas.com\/wp-content\/uploads\/2026\/03\/fiat-ducato-rapido-946-F-integral-14-150x150.jpeg\" class=\"attachment-thumbnail size-thumbnail\" alt=\"\" \/><\/a>\n\t\t\t<\/div><\/figure><figure class='gallery-item'>\n\t\t\t<div class='gallery-icon portrait'>\n\t\t\t\t<a data-elementor-open-lightbox=\"yes\" data-elementor-lightbox-slideshow=\"0aa8ddf\" data-elementor-lightbox-title=\"fiat ducato rapido 946 F integral (15)\" data-e-action-hash=\"#elementor-action%3Aaction%3Dlightbox%26settings%3DeyJpZCI6NTk2MSwidXJsIjoiaHR0cHM6XC9cL21jYXV0b2NhcmF2YW5hcy5jb21cL3dwLWNvbnRlbnRcL3VwbG9hZHNcLzIwMjZcLzAzXC9maWF0LWR1Y2F0by1yYXBpZG8tOTQ2LUYtaW50ZWdyYWwtMTUuanBlZyIsInNsaWRlc2hvdyI6IjBhYThkZGYifQ%3D%3D\" href='https:\/\/mcautocaravanas.com\/wp-content\/uploads\/2026\/03\/fiat-ducato-rapido-946-F-integral-15.jpeg'><img loading=\"lazy\" decoding=\"async\" width=\"150\" height=\"150\" src=\"https:\/\/mcautocaravanas.com\/wp-content\/uploads\/2026\/03\/fiat-ducato-rapido-946-F-integral-15-150x150.jpeg\" class=\"attachment-thumbnail size-thumbnail\" alt=\"\" \/><\/a>\n\t\t\t<\/div><\/figure><figure class='gallery-item'>\n\t\t\t<div class='gallery-icon portrait'>\n\t\t\t\t<a data-elementor-open-lightbox=\"yes\" data-elementor-lightbox-slideshow=\"0aa8ddf\" data-elementor-lightbox-title=\"fiat ducato rapido 946 F integral (16)\" data-e-action-hash=\"#elementor-action%3Aaction%3Dlightbox%26settings%3DeyJpZCI6NTk2MiwidXJsIjoiaHR0cHM6XC9cL21jYXV0b2NhcmF2YW5hcy5jb21cL3dwLWNvbnRlbnRcL3VwbG9hZHNcLzIwMjZcLzAzXC9maWF0LWR1Y2F0by1yYXBpZG8tOTQ2LUYtaW50ZWdyYWwtMTYuanBlZyIsInNsaWRlc2hvdyI6IjBhYThkZGYifQ%3D%3D\" href='https:\/\/mcautocaravanas.com\/wp-content\/uploads\/2026\/03\/fiat-ducato-rapido-946-F-integral-16.jpeg'><img loading=\"lazy\" decoding=\"async\" width=\"150\" height=\"150\" src=\"https:\/\/mcautocaravanas.com\/wp-content\/uploads\/2026\/03\/fiat-ducato-rapido-946-F-integral-16-150x150.jpeg\" class=\"attachment-thumbnail size-thumbnail\" alt=\"\" \/><\/a>\n\t\t\t<\/div><\/figure><figure class='gallery-item'>\n\t\t\t<div class='gallery-icon portrait'>\n\t\t\t\t<a data-elementor-open-lightbox=\"yes\" data-elementor-lightbox-slideshow=\"0aa8ddf\" data-elementor-lightbox-title=\"fiat ducato rapido 946 F integral (17)\" data-e-action-hash=\"#elementor-action%3Aaction%3Dlightbox%26settings%3DeyJpZCI6NTk2MywidXJsIjoiaHR0cHM6XC9cL21jYXV0b2NhcmF2YW5hcy5jb21cL3dwLWNvbnRlbnRcL3VwbG9hZHNcLzIwMjZcLzAzXC9maWF0LWR1Y2F0by1yYXBpZG8tOTQ2LUYtaW50ZWdyYWwtMTcuanBlZyIsInNsaWRlc2hvdyI6IjBhYThkZGYifQ%3D%3D\" href='https:\/\/mcautocaravanas.com\/wp-content\/uploads\/2026\/03\/fiat-ducato-rapido-946-F-integral-17.jpeg'><img loading=\"lazy\" decoding=\"async\" width=\"150\" height=\"150\" src=\"https:\/\/mcautocaravanas.com\/wp-content\/uploads\/2026\/03\/fiat-ducato-rapido-946-F-integral-17-150x150.jpeg\" class=\"attachment-thumbnail size-thumbnail\" alt=\"\" \/><\/a>\n\t\t\t<\/div><\/figure><figure class='gallery-item'>\n\t\t\t<div class='gallery-icon portrait'>\n\t\t\t\t<a data-elementor-open-lightbox=\"yes\" data-elementor-lightbox-slideshow=\"0aa8ddf\" data-elementor-lightbox-title=\"fiat ducato rapido 946 F integral (18)\" data-e-action-hash=\"#elementor-action%3Aaction%3Dlightbox%26settings%3DeyJpZCI6NTk2NCwidXJsIjoiaHR0cHM6XC9cL21jYXV0b2NhcmF2YW5hcy5jb21cL3dwLWNvbnRlbnRcL3VwbG9hZHNcLzIwMjZcLzAzXC9maWF0LWR1Y2F0by1yYXBpZG8tOTQ2LUYtaW50ZWdyYWwtMTguanBlZyIsInNsaWRlc2hvdyI6IjBhYThkZGYifQ%3D%3D\" href='https:\/\/mcautocaravanas.com\/wp-content\/uploads\/2026\/03\/fiat-ducato-rapido-946-F-integral-18.jpeg'><img loading=\"lazy\" decoding=\"async\" width=\"150\" height=\"150\" src=\"https:\/\/mcautocaravanas.com\/wp-content\/uploads\/2026\/03\/fiat-ducato-rapido-946-F-integral-18-150x150.jpeg\" class=\"attachment-thumbnail size-thumbnail\" alt=\"\" \/><\/a>\n\t\t\t<\/div><\/figure><figure class='gallery-item'>\n\t\t\t<div class='gallery-icon portrait'>\n\t\t\t\t<a data-elementor-open-lightbox=\"yes\" data-elementor-lightbox-slideshow=\"0aa8ddf\" data-elementor-lightbox-title=\"fiat ducato rapido 946 F integral (19)\" data-e-action-hash=\"#elementor-action%3Aaction%3Dlightbox%26settings%3DeyJpZCI6NTk2NSwidXJsIjoiaHR0cHM6XC9cL21jYXV0b2NhcmF2YW5hcy5jb21cL3dwLWNvbnRlbnRcL3VwbG9hZHNcLzIwMjZcLzAzXC9maWF0LWR1Y2F0by1yYXBpZG8tOTQ2LUYtaW50ZWdyYWwtMTkuanBlZyIsInNsaWRlc2hvdyI6IjBhYThkZGYifQ%3D%3D\" href='https:\/\/mcautocaravanas.com\/wp-content\/uploads\/2026\/03\/fiat-ducato-rapido-946-F-integral-19.jpeg'><img loading=\"lazy\" decoding=\"async\" width=\"150\" height=\"150\" src=\"https:\/\/mcautocaravanas.com\/wp-content\/uploads\/2026\/03\/fiat-ducato-rapido-946-F-integral-19-150x150.jpeg\" class=\"attachment-thumbnail size-thumbnail\" alt=\"\" \/><\/a>\n\t\t\t<\/div><\/figure><figure class='gallery-item'>\n\t\t\t<div class='gallery-icon portrait'>\n\t\t\t\t<a data-elementor-open-lightbox=\"yes\" data-elementor-lightbox-slideshow=\"0aa8ddf\" data-elementor-lightbox-title=\"fiat ducato rapido 946 F integral (20)\" data-e-action-hash=\"#elementor-action%3Aaction%3Dlightbox%26settings%3DeyJpZCI6NTk2NiwidXJsIjoiaHR0cHM6XC9cL21jYXV0b2NhcmF2YW5hcy5jb21cL3dwLWNvbnRlbnRcL3VwbG9hZHNcLzIwMjZcLzAzXC9maWF0LWR1Y2F0by1yYXBpZG8tOTQ2LUYtaW50ZWdyYWwtMjAuanBlZyIsInNsaWRlc2hvdyI6IjBhYThkZGYifQ%3D%3D\" href='https:\/\/mcautocaravanas.com\/wp-content\/uploads\/2026\/03\/fiat-ducato-rapido-946-F-integral-20.jpeg'><img loading=\"lazy\" decoding=\"async\" width=\"150\" height=\"150\" src=\"https:\/\/mcautocaravanas.com\/wp-content\/uploads\/2026\/03\/fiat-ducato-rapido-946-F-integral-20-150x150.jpeg\" class=\"attachment-thumbnail size-thumbnail\" alt=\"\" \/><\/a>\n\t\t\t<\/div><\/figure><figure class='gallery-item'>\n\t\t\t<div class='gallery-icon portrait'>\n\t\t\t\t<a data-elementor-open-lightbox=\"yes\" data-elementor-lightbox-slideshow=\"0aa8ddf\" data-elementor-lightbox-title=\"fiat ducato rapido 946 F integral (21)\" data-e-action-hash=\"#elementor-action%3Aaction%3Dlightbox%26settings%3DeyJpZCI6NTk2NywidXJsIjoiaHR0cHM6XC9cL21jYXV0b2NhcmF2YW5hcy5jb21cL3dwLWNvbnRlbnRcL3VwbG9hZHNcLzIwMjZcLzAzXC9maWF0LWR1Y2F0by1yYXBpZG8tOTQ2LUYtaW50ZWdyYWwtMjEuanBlZyIsInNsaWRlc2hvdyI6IjBhYThkZGYifQ%3D%3D\" href='https:\/\/mcautocaravanas.com\/wp-content\/uploads\/2026\/03\/fiat-ducato-rapido-946-F-integral-21.jpeg'><img loading=\"lazy\" decoding=\"async\" width=\"150\" height=\"150\" src=\"https:\/\/mcautocaravanas.com\/wp-content\/uploads\/2026\/03\/fiat-ducato-rapido-946-F-integral-21-150x150.jpeg\" class=\"attachment-thumbnail size-thumbnail\" alt=\"\" \/><\/a>\n\t\t\t<\/div><\/figure><figure class='gallery-item'>\n\t\t\t<div class='gallery-icon portrait'>\n\t\t\t\t<a data-elementor-open-lightbox=\"yes\" data-elementor-lightbox-slideshow=\"0aa8ddf\" data-elementor-lightbox-title=\"fiat ducato rapido 946 F integral (22)\" data-e-action-hash=\"#elementor-action%3Aaction%3Dlightbox%26settings%3DeyJpZCI6NTk2OCwidXJsIjoiaHR0cHM6XC9cL21jYXV0b2NhcmF2YW5hcy5jb21cL3dwLWNvbnRlbnRcL3VwbG9hZHNcLzIwMjZcLzAzXC9maWF0LWR1Y2F0by1yYXBpZG8tOTQ2LUYtaW50ZWdyYWwtMjIuanBlZyIsInNsaWRlc2hvdyI6IjBhYThkZGYifQ%3D%3D\" href='https:\/\/mcautocaravanas.com\/wp-content\/uploads\/2026\/03\/fiat-ducato-rapido-946-F-integral-22.jpeg'><img loading=\"lazy\" decoding=\"async\" width=\"150\" height=\"150\" src=\"https:\/\/mcautocaravanas.com\/wp-content\/uploads\/2026\/03\/fiat-ducato-rapido-946-F-integral-22-150x150.jpeg\" class=\"attachment-thumbnail size-thumbnail\" alt=\"\" \/><\/a>\n\t\t\t<\/div><\/figure><figure class='gallery-item'>\n\t\t\t<div class='gallery-icon portrait'>\n\t\t\t\t<a data-elementor-open-lightbox=\"yes\" data-elementor-lightbox-slideshow=\"0aa8ddf\" data-elementor-lightbox-title=\"fiat ducato rapido 946 F integral (23)\" data-e-action-hash=\"#elementor-action%3Aaction%3Dlightbox%26settings%3DeyJpZCI6NTk2OSwidXJsIjoiaHR0cHM6XC9cL21jYXV0b2NhcmF2YW5hcy5jb21cL3dwLWNvbnRlbnRcL3VwbG9hZHNcLzIwMjZcLzAzXC9maWF0LWR1Y2F0by1yYXBpZG8tOTQ2LUYtaW50ZWdyYWwtMjMuanBlZyIsInNsaWRlc2hvdyI6IjBhYThkZGYifQ%3D%3D\" href='https:\/\/mcautocaravanas.com\/wp-content\/uploads\/2026\/03\/fiat-ducato-rapido-946-F-integral-23.jpeg'><img loading=\"lazy\" decoding=\"async\" width=\"150\" height=\"150\" src=\"https:\/\/mcautocaravanas.com\/wp-content\/uploads\/2026\/03\/fiat-ducato-rapido-946-F-integral-23-150x150.jpeg\" class=\"attachment-thumbnail size-thumbnail\" alt=\"\" \/><\/a>\n\t\t\t<\/div><\/figure><figure class='gallery-item'>\n\t\t\t<div class='gallery-icon portrait'>\n\t\t\t\t<a data-elementor-open-lightbox=\"yes\" data-elementor-lightbox-slideshow=\"0aa8ddf\" data-elementor-lightbox-title=\"fiat ducato rapido 946 F integral (24)\" data-e-action-hash=\"#elementor-action%3Aaction%3Dlightbox%26settings%3DeyJpZCI6NTk3MCwidXJsIjoiaHR0cHM6XC9cL21jYXV0b2NhcmF2YW5hcy5jb21cL3dwLWNvbnRlbnRcL3VwbG9hZHNcLzIwMjZcLzAzXC9maWF0LWR1Y2F0by1yYXBpZG8tOTQ2LUYtaW50ZWdyYWwtMjQuanBlZyIsInNsaWRlc2hvdyI6IjBhYThkZGYifQ%3D%3D\" href='https:\/\/mcautocaravanas.com\/wp-content\/uploads\/2026\/03\/fiat-ducato-rapido-946-F-integral-24.jpeg'><img loading=\"lazy\" decoding=\"async\" width=\"150\" height=\"150\" src=\"https:\/\/mcautocaravanas.com\/wp-content\/uploads\/2026\/03\/fiat-ducato-rapido-946-F-integral-24-150x150.jpeg\" class=\"attachment-thumbnail size-thumbnail\" alt=\"\" \/><\/a>\n\t\t\t<\/div><\/figure><figure class='gallery-item'>\n\t\t\t<div class='gallery-icon portrait'>\n\t\t\t\t<a data-elementor-open-lightbox=\"yes\" data-elementor-lightbox-slideshow=\"0aa8ddf\" data-elementor-lightbox-title=\"fiat ducato rapido 946 F integral (25)\" data-e-action-hash=\"#elementor-action%3Aaction%3Dlightbox%26settings%3DeyJpZCI6NTk3MSwidXJsIjoiaHR0cHM6XC9cL21jYXV0b2NhcmF2YW5hcy5jb21cL3dwLWNvbnRlbnRcL3VwbG9hZHNcLzIwMjZcLzAzXC9maWF0LWR1Y2F0by1yYXBpZG8tOTQ2LUYtaW50ZWdyYWwtMjUuanBlZyIsInNsaWRlc2hvdyI6IjBhYThkZGYifQ%3D%3D\" href='https:\/\/mcautocaravanas.com\/wp-content\/uploads\/2026\/03\/fiat-ducato-rapido-946-F-integral-25.jpeg'><img loading=\"lazy\" decoding=\"async\" width=\"150\" height=\"150\" src=\"https:\/\/mcautocaravanas.com\/wp-content\/uploads\/2026\/03\/fiat-ducato-rapido-946-F-integral-25-150x150.jpeg\" class=\"attachment-thumbnail size-thumbnail\" alt=\"\" \/><\/a>\n\t\t\t<\/div><\/figure><figure class='gallery-item'>\n\t\t\t<div class='gallery-icon portrait'>\n\t\t\t\t<a data-elementor-open-lightbox=\"yes\" data-elementor-lightbox-slideshow=\"0aa8ddf\" data-elementor-lightbox-title=\"fiat ducato rapido 946 F integral (26)\" data-e-action-hash=\"#elementor-action%3Aaction%3Dlightbox%26settings%3DeyJpZCI6NTk3MiwidXJsIjoiaHR0cHM6XC9cL21jYXV0b2NhcmF2YW5hcy5jb21cL3dwLWNvbnRlbnRcL3VwbG9hZHNcLzIwMjZcLzAzXC9maWF0LWR1Y2F0by1yYXBpZG8tOTQ2LUYtaW50ZWdyYWwtMjYuanBlZyIsInNsaWRlc2hvdyI6IjBhYThkZGYifQ%3D%3D\" href='https:\/\/mcautocaravanas.com\/wp-content\/uploads\/2026\/03\/fiat-ducato-rapido-946-F-integral-26.jpeg'><img loading=\"lazy\" decoding=\"async\" width=\"150\" height=\"150\" src=\"https:\/\/mcautocaravanas.com\/wp-content\/uploads\/2026\/03\/fiat-ducato-rapido-946-F-integral-26-150x150.jpeg\" class=\"attachment-thumbnail size-thumbnail\" alt=\"\" \/><\/a>\n\t\t\t<\/div><\/figure><figure class='gallery-item'>\n\t\t\t<div class='gallery-icon portrait'>\n\t\t\t\t<a data-elementor-open-lightbox=\"yes\" data-elementor-lightbox-slideshow=\"0aa8ddf\" data-elementor-lightbox-title=\"fiat ducato rapido 946 F integral (27)\" data-e-action-hash=\"#elementor-action%3Aaction%3Dlightbox%26settings%3DeyJpZCI6NTk3MywidXJsIjoiaHR0cHM6XC9cL21jYXV0b2NhcmF2YW5hcy5jb21cL3dwLWNvbnRlbnRcL3VwbG9hZHNcLzIwMjZcLzAzXC9maWF0LWR1Y2F0by1yYXBpZG8tOTQ2LUYtaW50ZWdyYWwtMjcuanBlZyIsInNsaWRlc2hvdyI6IjBhYThkZGYifQ%3D%3D\" href='https:\/\/mcautocaravanas.com\/wp-content\/uploads\/2026\/03\/fiat-ducato-rapido-946-F-integral-27.jpeg'><img loading=\"lazy\" decoding=\"async\" width=\"150\" height=\"150\" src=\"https:\/\/mcautocaravanas.com\/wp-content\/uploads\/2026\/03\/fiat-ducato-rapido-946-F-integral-27-150x150.jpeg\" class=\"attachment-thumbnail size-thumbnail\" alt=\"\" \/><\/a>\n\t\t\t<\/div><\/figure><figure class='gallery-item'>\n\t\t\t<div class='gallery-icon portrait'>\n\t\t\t\t<a data-elementor-open-lightbox=\"yes\" data-elementor-lightbox-slideshow=\"0aa8ddf\" data-elementor-lightbox-title=\"fiat ducato rapido 946 F integral (28)\" data-e-action-hash=\"#elementor-action%3Aaction%3Dlightbox%26settings%3DeyJpZCI6NTk3NCwidXJsIjoiaHR0cHM6XC9cL21jYXV0b2NhcmF2YW5hcy5jb21cL3dwLWNvbnRlbnRcL3VwbG9hZHNcLzIwMjZcLzAzXC9maWF0LWR1Y2F0by1yYXBpZG8tOTQ2LUYtaW50ZWdyYWwtMjguanBlZyIsInNsaWRlc2hvdyI6IjBhYThkZGYifQ%3D%3D\" href='https:\/\/mcautocaravanas.com\/wp-content\/uploads\/2026\/03\/fiat-ducato-rapido-946-F-integral-28.jpeg'><img loading=\"lazy\" decoding=\"async\" width=\"150\" height=\"150\" src=\"https:\/\/mcautocaravanas.com\/wp-content\/uploads\/2026\/03\/fiat-ducato-rapido-946-F-integral-28-150x150.jpeg\" class=\"attachment-thumbnail size-thumbnail\" alt=\"\" \/><\/a>\n\t\t\t<\/div><\/figure><figure class='gallery-item'>\n\t\t\t<div class='gallery-icon portrait'>\n\t\t\t\t<a data-elementor-open-lightbox=\"yes\" data-elementor-lightbox-slideshow=\"0aa8ddf\" data-elementor-lightbox-title=\"fiat ducato rapido 946 F integral (29)\" data-e-action-hash=\"#elementor-action%3Aaction%3Dlightbox%26settings%3DeyJpZCI6NTk3NSwidXJsIjoiaHR0cHM6XC9cL21jYXV0b2NhcmF2YW5hcy5jb21cL3dwLWNvbnRlbnRcL3VwbG9hZHNcLzIwMjZcLzAzXC9maWF0LWR1Y2F0by1yYXBpZG8tOTQ2LUYtaW50ZWdyYWwtMjkuanBlZyIsInNsaWRlc2hvdyI6IjBhYThkZGYifQ%3D%3D\" href='https:\/\/mcautocaravanas.com\/wp-content\/uploads\/2026\/03\/fiat-ducato-rapido-946-F-integral-29.jpeg'><img loading=\"lazy\" decoding=\"async\" width=\"150\" height=\"150\" src=\"https:\/\/mcautocaravanas.com\/wp-content\/uploads\/2026\/03\/fiat-ducato-rapido-946-F-integral-29-150x150.jpeg\" class=\"attachment-thumbnail size-thumbnail\" alt=\"\" \/><\/a>\n\t\t\t<\/div><\/figure><figure class='gallery-item'>\n\t\t\t<div class='gallery-icon portrait'>\n\t\t\t\t<a data-elementor-open-lightbox=\"yes\" data-elementor-lightbox-slideshow=\"0aa8ddf\" data-elementor-lightbox-title=\"fiat ducato rapido 946 F integral (30)\" data-e-action-hash=\"#elementor-action%3Aaction%3Dlightbox%26settings%3DeyJpZCI6NTk3NiwidXJsIjoiaHR0cHM6XC9cL21jYXV0b2NhcmF2YW5hcy5jb21cL3dwLWNvbnRlbnRcL3VwbG9hZHNcLzIwMjZcLzAzXC9maWF0LWR1Y2F0by1yYXBpZG8tOTQ2LUYtaW50ZWdyYWwtMzAuanBlZyIsInNsaWRlc2hvdyI6IjBhYThkZGYifQ%3D%3D\" href='https:\/\/mcautocaravanas.com\/wp-content\/uploads\/2026\/03\/fiat-ducato-rapido-946-F-integral-30.jpeg'><img loading=\"lazy\" decoding=\"async\" width=\"150\" height=\"150\" src=\"https:\/\/mcautocaravanas.com\/wp-content\/uploads\/2026\/03\/fiat-ducato-rapido-946-F-integral-30-150x150.jpeg\" class=\"attachment-thumbnail size-thumbnail\" alt=\"\" \/><\/a>\n\t\t\t<\/div><\/figure><figure class='gallery-item'>\n\t\t\t<div class='gallery-icon portrait'>\n\t\t\t\t<a data-elementor-open-lightbox=\"yes\" data-elementor-lightbox-slideshow=\"0aa8ddf\" data-elementor-lightbox-title=\"fiat ducato rapido 946 F integral (31)\" data-e-action-hash=\"#elementor-action%3Aaction%3Dlightbox%26settings%3DeyJpZCI6NTk3NywidXJsIjoiaHR0cHM6XC9cL21jYXV0b2NhcmF2YW5hcy5jb21cL3dwLWNvbnRlbnRcL3VwbG9hZHNcLzIwMjZcLzAzXC9maWF0LWR1Y2F0by1yYXBpZG8tOTQ2LUYtaW50ZWdyYWwtMzEuanBlZyIsInNsaWRlc2hvdyI6IjBhYThkZGYifQ%3D%3D\" href='https:\/\/mcautocaravanas.com\/wp-content\/uploads\/2026\/03\/fiat-ducato-rapido-946-F-integral-31.jpeg'><img loading=\"lazy\" decoding=\"async\" width=\"150\" height=\"150\" src=\"https:\/\/mcautocaravanas.com\/wp-content\/uploads\/2026\/03\/fiat-ducato-rapido-946-F-integral-31-150x150.jpeg\" class=\"attachment-thumbnail size-thumbnail\" alt=\"\" \/><\/a>\n\t\t\t<\/div><\/figure><figure class='gallery-item'>\n\t\t\t<div class='gallery-icon portrait'>\n\t\t\t\t<a data-elementor-open-lightbox=\"yes\" data-elementor-lightbox-slideshow=\"0aa8ddf\" data-elementor-lightbox-title=\"fiat ducato rapido 946 F integral (32)\" data-e-action-hash=\"#elementor-action%3Aaction%3Dlightbox%26settings%3DeyJpZCI6NTk3OCwidXJsIjoiaHR0cHM6XC9cL21jYXV0b2NhcmF2YW5hcy5jb21cL3dwLWNvbnRlbnRcL3VwbG9hZHNcLzIwMjZcLzAzXC9maWF0LWR1Y2F0by1yYXBpZG8tOTQ2LUYtaW50ZWdyYWwtMzIuanBlZyIsInNsaWRlc2hvdyI6IjBhYThkZGYifQ%3D%3D\" href='https:\/\/mcautocaravanas.com\/wp-content\/uploads\/2026\/03\/fiat-ducato-rapido-946-F-integral-32.jpeg'><img loading=\"lazy\" decoding=\"async\" width=\"150\" height=\"150\" src=\"https:\/\/mcautocaravanas.com\/wp-content\/uploads\/2026\/03\/fiat-ducato-rapido-946-F-integral-32-150x150.jpeg\" class=\"attachment-thumbnail size-thumbnail\" alt=\"\" \/><\/a>\n\t\t\t<\/div><\/figure><figure class='gallery-item'>\n\t\t\t<div class='gallery-icon portrait'>\n\t\t\t\t<a data-elementor-open-lightbox=\"yes\" data-elementor-lightbox-slideshow=\"0aa8ddf\" data-elementor-lightbox-title=\"fiat ducato rapido 946 F integral (33)\" data-e-action-hash=\"#elementor-action%3Aaction%3Dlightbox%26settings%3DeyJpZCI6NTk3OSwidXJsIjoiaHR0cHM6XC9cL21jYXV0b2NhcmF2YW5hcy5jb21cL3dwLWNvbnRlbnRcL3VwbG9hZHNcLzIwMjZcLzAzXC9maWF0LWR1Y2F0by1yYXBpZG8tOTQ2LUYtaW50ZWdyYWwtMzMuanBlZyIsInNsaWRlc2hvdyI6IjBhYThkZGYifQ%3D%3D\" href='https:\/\/mcautocaravanas.com\/wp-content\/uploads\/2026\/03\/fiat-ducato-rapido-946-F-integral-33.jpeg'><img loading=\"lazy\" decoding=\"async\" width=\"150\" height=\"150\" src=\"https:\/\/mcautocaravanas.com\/wp-content\/uploads\/2026\/03\/fiat-ducato-rapido-946-F-integral-33-150x150.jpeg\" class=\"attachment-thumbnail size-thumbnail\" alt=\"\" \/><\/a>\n\t\t\t<\/div><\/figure><figure class='gallery-item'>\n\t\t\t<div class='gallery-icon portrait'>\n\t\t\t\t<a data-elementor-open-lightbox=\"yes\" data-elementor-lightbox-slideshow=\"0aa8ddf\" data-elementor-lightbox-title=\"fiat ducato rapido 946 F integral (34)\" data-e-action-hash=\"#elementor-action%3Aaction%3Dlightbox%26settings%3DeyJpZCI6NTk4MCwidXJsIjoiaHR0cHM6XC9cL21jYXV0b2NhcmF2YW5hcy5jb21cL3dwLWNvbnRlbnRcL3VwbG9hZHNcLzIwMjZcLzAzXC9maWF0LWR1Y2F0by1yYXBpZG8tOTQ2LUYtaW50ZWdyYWwtMzQuanBlZyIsInNsaWRlc2hvdyI6IjBhYThkZGYifQ%3D%3D\" href='https:\/\/mcautocaravanas.com\/wp-content\/uploads\/2026\/03\/fiat-ducato-rapido-946-F-integral-34.jpeg'><img loading=\"lazy\" decoding=\"async\" width=\"150\" height=\"150\" src=\"https:\/\/mcautocaravanas.com\/wp-content\/uploads\/2026\/03\/fiat-ducato-rapido-946-F-integral-34-150x150.jpeg\" class=\"attachment-thumbnail size-thumbnail\" alt=\"\" \/><\/a>\n\t\t\t<\/div><\/figure><figure class='gallery-item'>\n\t\t\t<div class='gallery-icon portrait'>\n\t\t\t\t<a data-elementor-open-lightbox=\"yes\" data-elementor-lightbox-slideshow=\"0aa8ddf\" data-elementor-lightbox-title=\"fiat ducato rapido 946 F integral (35)\" data-e-action-hash=\"#elementor-action%3Aaction%3Dlightbox%26settings%3DeyJpZCI6NTk4MSwidXJsIjoiaHR0cHM6XC9cL21jYXV0b2NhcmF2YW5hcy5jb21cL3dwLWNvbnRlbnRcL3VwbG9hZHNcLzIwMjZcLzAzXC9maWF0LWR1Y2F0by1yYXBpZG8tOTQ2LUYtaW50ZWdyYWwtMzUuanBlZyIsInNsaWRlc2hvdyI6IjBhYThkZGYifQ%3D%3D\" href='https:\/\/mcautocaravanas.com\/wp-content\/uploads\/2026\/03\/fiat-ducato-rapido-946-F-integral-35.jpeg'><img loading=\"lazy\" decoding=\"async\" width=\"150\" height=\"150\" src=\"https:\/\/mcautocaravanas.com\/wp-content\/uploads\/2026\/03\/fiat-ducato-rapido-946-F-integral-35-150x150.jpeg\" class=\"attachment-thumbnail size-thumbnail\" alt=\"\" \/><\/a>\n\t\t\t<\/div><\/figure><figure class='gallery-item'>\n\t\t\t<div class='gallery-icon portrait'>\n\t\t\t\t<a data-elementor-open-lightbox=\"yes\" data-elementor-lightbox-slideshow=\"0aa8ddf\" data-elementor-lightbox-title=\"fiat ducato rapido 946 F integral (36)\" data-e-action-hash=\"#elementor-action%3Aaction%3Dlightbox%26settings%3DeyJpZCI6NTk4MiwidXJsIjoiaHR0cHM6XC9cL21jYXV0b2NhcmF2YW5hcy5jb21cL3dwLWNvbnRlbnRcL3VwbG9hZHNcLzIwMjZcLzAzXC9maWF0LWR1Y2F0by1yYXBpZG8tOTQ2LUYtaW50ZWdyYWwtMzYuanBlZyIsInNsaWRlc2hvdyI6IjBhYThkZGYifQ%3D%3D\" href='https:\/\/mcautocaravanas.com\/wp-content\/uploads\/2026\/03\/fiat-ducato-rapido-946-F-integral-36.jpeg'><img loading=\"lazy\" decoding=\"async\" width=\"150\" height=\"150\" src=\"https:\/\/mcautocaravanas.com\/wp-content\/uploads\/2026\/03\/fiat-ducato-rapido-946-F-integral-36-150x150.jpeg\" class=\"attachment-thumbnail size-thumbnail\" alt=\"\" \/><\/a>\n\t\t\t<\/div><\/figure><figure class='gallery-item'>\n\t\t\t<div class='gallery-icon portrait'>\n\t\t\t\t<a data-elementor-open-lightbox=\"yes\" data-elementor-lightbox-slideshow=\"0aa8ddf\" data-elementor-lightbox-title=\"fiat ducato rapido 946 F integral (37)\" data-e-action-hash=\"#elementor-action%3Aaction%3Dlightbox%26settings%3DeyJpZCI6NTk4MywidXJsIjoiaHR0cHM6XC9cL21jYXV0b2NhcmF2YW5hcy5jb21cL3dwLWNvbnRlbnRcL3VwbG9hZHNcLzIwMjZcLzAzXC9maWF0LWR1Y2F0by1yYXBpZG8tOTQ2LUYtaW50ZWdyYWwtMzcuanBlZyIsInNsaWRlc2hvdyI6IjBhYThkZGYifQ%3D%3D\" href='https:\/\/mcautocaravanas.com\/wp-content\/uploads\/2026\/03\/fiat-ducato-rapido-946-F-integral-37.jpeg'><img loading=\"lazy\" decoding=\"async\" width=\"150\" height=\"150\" src=\"https:\/\/mcautocaravanas.com\/wp-content\/uploads\/2026\/03\/fiat-ducato-rapido-946-F-integral-37-150x150.jpeg\" class=\"attachment-thumbnail size-thumbnail\" alt=\"\" \/><\/a>\n\t\t\t<\/div><\/figure><figure class='gallery-item'>\n\t\t\t<div class='gallery-icon portrait'>\n\t\t\t\t<a data-elementor-open-lightbox=\"yes\" data-elementor-lightbox-slideshow=\"0aa8ddf\" data-elementor-lightbox-title=\"fiat ducato rapido 946 F integral (38)\" data-e-action-hash=\"#elementor-action%3Aaction%3Dlightbox%26settings%3DeyJpZCI6NTk4NCwidXJsIjoiaHR0cHM6XC9cL21jYXV0b2NhcmF2YW5hcy5jb21cL3dwLWNvbnRlbnRcL3VwbG9hZHNcLzIwMjZcLzAzXC9maWF0LWR1Y2F0by1yYXBpZG8tOTQ2LUYtaW50ZWdyYWwtMzguanBlZyIsInNsaWRlc2hvdyI6IjBhYThkZGYifQ%3D%3D\" href='https:\/\/mcautocaravanas.com\/wp-content\/uploads\/2026\/03\/fiat-ducato-rapido-946-F-integral-38.jpeg'><img loading=\"lazy\" decoding=\"async\" width=\"150\" height=\"150\" src=\"https:\/\/mcautocaravanas.com\/wp-content\/uploads\/2026\/03\/fiat-ducato-rapido-946-F-integral-38-150x150.jpeg\" class=\"attachment-thumbnail size-thumbnail\" alt=\"\" \/><\/a>\n\t\t\t<\/div><\/figure><figure class='gallery-item'>\n\t\t\t<div class='gallery-icon portrait'>\n\t\t\t\t<a data-elementor-open-lightbox=\"yes\" data-elementor-lightbox-slideshow=\"0aa8ddf\" data-elementor-lightbox-title=\"fiat ducato rapido 946 F integral (40)\" data-e-action-hash=\"#elementor-action%3Aaction%3Dlightbox%26settings%3DeyJpZCI6NTk4NSwidXJsIjoiaHR0cHM6XC9cL21jYXV0b2NhcmF2YW5hcy5jb21cL3dwLWNvbnRlbnRcL3VwbG9hZHNcLzIwMjZcLzAzXC9maWF0LWR1Y2F0by1yYXBpZG8tOTQ2LUYtaW50ZWdyYWwtNDAuanBlZyIsInNsaWRlc2hvdyI6IjBhYThkZGYifQ%3D%3D\" href='https:\/\/mcautocaravanas.com\/wp-content\/uploads\/2026\/03\/fiat-ducato-rapido-946-F-integral-40.jpeg'><img loading=\"lazy\" decoding=\"async\" width=\"150\" height=\"150\" src=\"https:\/\/mcautocaravanas.com\/wp-content\/uploads\/2026\/03\/fiat-ducato-rapido-946-F-integral-40-150x150.jpeg\" class=\"attachment-thumbnail size-thumbnail\" alt=\"\" \/><\/a>\n\t\t\t<\/div><\/figure><figure class='gallery-item'>\n\t\t\t<div class='gallery-icon portrait'>\n\t\t\t\t<a data-elementor-open-lightbox=\"yes\" data-elementor-lightbox-slideshow=\"0aa8ddf\" data-elementor-lightbox-title=\"fiat ducato rapido 946 F integral (41)\" data-e-action-hash=\"#elementor-action%3Aaction%3Dlightbox%26settings%3DeyJpZCI6NTk4NiwidXJsIjoiaHR0cHM6XC9cL21jYXV0b2NhcmF2YW5hcy5jb21cL3dwLWNvbnRlbnRcL3VwbG9hZHNcLzIwMjZcLzAzXC9maWF0LWR1Y2F0by1yYXBpZG8tOTQ2LUYtaW50ZWdyYWwtNDEuanBlZyIsInNsaWRlc2hvdyI6IjBhYThkZGYifQ%3D%3D\" href='https:\/\/mcautocaravanas.com\/wp-content\/uploads\/2026\/03\/fiat-ducato-rapido-946-F-integral-41.jpeg'><img loading=\"lazy\" decoding=\"async\" width=\"150\" height=\"150\" src=\"https:\/\/mcautocaravanas.com\/wp-content\/uploads\/2026\/03\/fiat-ducato-rapido-946-F-integral-41-150x150.jpeg\" class=\"attachment-thumbnail size-thumbnail\" alt=\"\" \/><\/a>\n\t\t\t<\/div><\/figure><figure class='gallery-item'>\n\t\t\t<div class='gallery-icon portrait'>\n\t\t\t\t<a data-elementor-open-lightbox=\"yes\" data-elementor-lightbox-slideshow=\"0aa8ddf\" data-elementor-lightbox-title=\"fiat ducato rapido 946 F integral (42)\" data-e-action-hash=\"#elementor-action%3Aaction%3Dlightbox%26settings%3DeyJpZCI6NTk4NywidXJsIjoiaHR0cHM6XC9cL21jYXV0b2NhcmF2YW5hcy5jb21cL3dwLWNvbnRlbnRcL3VwbG9hZHNcLzIwMjZcLzAzXC9maWF0LWR1Y2F0by1yYXBpZG8tOTQ2LUYtaW50ZWdyYWwtNDIuanBlZyIsInNsaWRlc2hvdyI6IjBhYThkZGYifQ%3D%3D\" href='https:\/\/mcautocaravanas.com\/wp-content\/uploads\/2026\/03\/fiat-ducato-rapido-946-F-integral-42.jpeg'><img loading=\"lazy\" decoding=\"async\" width=\"150\" height=\"150\" src=\"https:\/\/mcautocaravanas.com\/wp-content\/uploads\/2026\/03\/fiat-ducato-rapido-946-F-integral-42-150x150.jpeg\" class=\"attachment-thumbnail size-thumbnail\" alt=\"\" \/><\/a>\n\t\t\t<\/div><\/figure><figure class='gallery-item'>\n\t\t\t<div class='gallery-icon portrait'>\n\t\t\t\t<a data-elementor-open-lightbox=\"yes\" data-elementor-lightbox-slideshow=\"0aa8ddf\" data-elementor-lightbox-title=\"fiat ducato rapido 946 F integral (43)\" data-e-action-hash=\"#elementor-action%3Aaction%3Dlightbox%26settings%3DeyJpZCI6NTk4OCwidXJsIjoiaHR0cHM6XC9cL21jYXV0b2NhcmF2YW5hcy5jb21cL3dwLWNvbnRlbnRcL3VwbG9hZHNcLzIwMjZcLzAzXC9maWF0LWR1Y2F0by1yYXBpZG8tOTQ2LUYtaW50ZWdyYWwtNDMuanBlZyIsInNsaWRlc2hvdyI6IjBhYThkZGYifQ%3D%3D\" href='https:\/\/mcautocaravanas.com\/wp-content\/uploads\/2026\/03\/fiat-ducato-rapido-946-F-integral-43.jpeg'><img loading=\"lazy\" decoding=\"async\" width=\"150\" height=\"150\" src=\"https:\/\/mcautocaravanas.com\/wp-content\/uploads\/2026\/03\/fiat-ducato-rapido-946-F-integral-43-150x150.jpeg\" class=\"attachment-thumbnail size-thumbnail\" alt=\"\" \/><\/a>\n\t\t\t<\/div><\/figure><figure class='gallery-item'>\n\t\t\t<div class='gallery-icon portrait'>\n\t\t\t\t<a data-elementor-open-lightbox=\"yes\" data-elementor-lightbox-slideshow=\"0aa8ddf\" data-elementor-lightbox-title=\"fiat ducato rapido 946 F integral (44)\" data-e-action-hash=\"#elementor-action%3Aaction%3Dlightbox%26settings%3DeyJpZCI6NTk4OSwidXJsIjoiaHR0cHM6XC9cL21jYXV0b2NhcmF2YW5hcy5jb21cL3dwLWNvbnRlbnRcL3VwbG9hZHNcLzIwMjZcLzAzXC9maWF0LWR1Y2F0by1yYXBpZG8tOTQ2LUYtaW50ZWdyYWwtNDQuanBlZyIsInNsaWRlc2hvdyI6IjBhYThkZGYifQ%3D%3D\" href='https:\/\/mcautocaravanas.com\/wp-content\/uploads\/2026\/03\/fiat-ducato-rapido-946-F-integral-44.jpeg'><img loading=\"lazy\" decoding=\"async\" width=\"150\" height=\"150\" src=\"https:\/\/mcautocaravanas.com\/wp-content\/uploads\/2026\/03\/fiat-ducato-rapido-946-F-integral-44-150x150.jpeg\" class=\"attachment-thumbnail size-thumbnail\" alt=\"\" \/><\/a>\n\t\t\t<\/div><\/figure><figure class='gallery-item'>\n\t\t\t<div class='gallery-icon portrait'>\n\t\t\t\t<a data-elementor-open-lightbox=\"yes\" data-elementor-lightbox-slideshow=\"0aa8ddf\" data-elementor-lightbox-title=\"fiat ducato rapido 946 F integral (45)\" data-e-action-hash=\"#elementor-action%3Aaction%3Dlightbox%26settings%3DeyJpZCI6NTk5MCwidXJsIjoiaHR0cHM6XC9cL21jYXV0b2NhcmF2YW5hcy5jb21cL3dwLWNvbnRlbnRcL3VwbG9hZHNcLzIwMjZcLzAzXC9maWF0LWR1Y2F0by1yYXBpZG8tOTQ2LUYtaW50ZWdyYWwtNDUuanBlZyIsInNsaWRlc2hvdyI6IjBhYThkZGYifQ%3D%3D\" href='https:\/\/mcautocaravanas.com\/wp-content\/uploads\/2026\/03\/fiat-ducato-rapido-946-F-integral-45.jpeg'><img loading=\"lazy\" decoding=\"async\" width=\"150\" height=\"150\" src=\"https:\/\/mcautocaravanas.com\/wp-content\/uploads\/2026\/03\/fiat-ducato-rapido-946-F-integral-45-150x150.jpeg\" class=\"attachment-thumbnail size-thumbnail\" alt=\"\" \/><\/a>\n\t\t\t<\/div><\/figure><figure class='gallery-item'>\n\t\t\t<div class='gallery-icon portrait'>\n\t\t\t\t<a data-elementor-open-lightbox=\"yes\" data-elementor-lightbox-slideshow=\"0aa8ddf\" data-elementor-lightbox-title=\"fiat ducato rapido 946 F integral (46)\" data-e-action-hash=\"#elementor-action%3Aaction%3Dlightbox%26settings%3DeyJpZCI6NTk5MSwidXJsIjoiaHR0cHM6XC9cL21jYXV0b2NhcmF2YW5hcy5jb21cL3dwLWNvbnRlbnRcL3VwbG9hZHNcLzIwMjZcLzAzXC9maWF0LWR1Y2F0by1yYXBpZG8tOTQ2LUYtaW50ZWdyYWwtNDYuanBlZyIsInNsaWRlc2hvdyI6IjBhYThkZGYifQ%3D%3D\" href='https:\/\/mcautocaravanas.com\/wp-content\/uploads\/2026\/03\/fiat-ducato-rapido-946-F-integral-46.jpeg'><img loading=\"lazy\" decoding=\"async\" width=\"150\" height=\"150\" src=\"https:\/\/mcautocaravanas.com\/wp-content\/uploads\/2026\/03\/fiat-ducato-rapido-946-F-integral-46-150x150.jpeg\" class=\"attachment-thumbnail size-thumbnail\" alt=\"\" \/><\/a>\n\t\t\t<\/div><\/figure><figure class='gallery-item'>\n\t\t\t<div class='gallery-icon portrait'>\n\t\t\t\t<a data-elementor-open-lightbox=\"yes\" data-elementor-lightbox-slideshow=\"0aa8ddf\" data-elementor-lightbox-title=\"fiat ducato rapido 946 F integral (47)\" data-e-action-hash=\"#elementor-action%3Aaction%3Dlightbox%26settings%3DeyJpZCI6NTk5MiwidXJsIjoiaHR0cHM6XC9cL21jYXV0b2NhcmF2YW5hcy5jb21cL3dwLWNvbnRlbnRcL3VwbG9hZHNcLzIwMjZcLzAzXC9maWF0LWR1Y2F0by1yYXBpZG8tOTQ2LUYtaW50ZWdyYWwtNDcuanBlZyIsInNsaWRlc2hvdyI6IjBhYThkZGYifQ%3D%3D\" href='https:\/\/mcautocaravanas.com\/wp-content\/uploads\/2026\/03\/fiat-ducato-rapido-946-F-integral-47.jpeg'><img loading=\"lazy\" decoding=\"async\" width=\"150\" height=\"150\" src=\"https:\/\/mcautocaravanas.com\/wp-content\/uploads\/2026\/03\/fiat-ducato-rapido-946-F-integral-47-150x150.jpeg\" class=\"attachment-thumbnail size-thumbnail\" alt=\"\" \/><\/a>\n\t\t\t<\/div><\/figure><figure class='gallery-item'>\n\t\t\t<div class='gallery-icon portrait'>\n\t\t\t\t<a data-elementor-open-lightbox=\"yes\" data-elementor-lightbox-slideshow=\"0aa8ddf\" data-elementor-lightbox-title=\"fiat ducato rapido 946 F integral (48)\" data-e-action-hash=\"#elementor-action%3Aaction%3Dlightbox%26settings%3DeyJpZCI6NTk5MywidXJsIjoiaHR0cHM6XC9cL21jYXV0b2NhcmF2YW5hcy5jb21cL3dwLWNvbnRlbnRcL3VwbG9hZHNcLzIwMjZcLzAzXC9maWF0LWR1Y2F0by1yYXBpZG8tOTQ2LUYtaW50ZWdyYWwtNDguanBlZyIsInNsaWRlc2hvdyI6IjBhYThkZGYifQ%3D%3D\" href='https:\/\/mcautocaravanas.com\/wp-content\/uploads\/2026\/03\/fiat-ducato-rapido-946-F-integral-48.jpeg'><img loading=\"lazy\" decoding=\"async\" width=\"150\" height=\"150\" src=\"https:\/\/mcautocaravanas.com\/wp-content\/uploads\/2026\/03\/fiat-ducato-rapido-946-F-integral-48-150x150.jpeg\" class=\"attachment-thumbnail size-thumbnail\" alt=\"\" \/><\/a>\n\t\t\t<\/div><\/figure><figure class='gallery-item'>\n\t\t\t<div class='gallery-icon portrait'>\n\t\t\t\t<a data-elementor-open-lightbox=\"yes\" data-elementor-lightbox-slideshow=\"0aa8ddf\" data-elementor-lightbox-title=\"fiat ducato rapido 946 F integral (49)\" data-e-action-hash=\"#elementor-action%3Aaction%3Dlightbox%26settings%3DeyJpZCI6NTk5NCwidXJsIjoiaHR0cHM6XC9cL21jYXV0b2NhcmF2YW5hcy5jb21cL3dwLWNvbnRlbnRcL3VwbG9hZHNcLzIwMjZcLzAzXC9maWF0LWR1Y2F0by1yYXBpZG8tOTQ2LUYtaW50ZWdyYWwtNDkuanBlZyIsInNsaWRlc2hvdyI6IjBhYThkZGYifQ%3D%3D\" href='https:\/\/mcautocaravanas.com\/wp-content\/uploads\/2026\/03\/fiat-ducato-rapido-946-F-integral-49.jpeg'><img loading=\"lazy\" decoding=\"async\" width=\"150\" height=\"150\" src=\"https:\/\/mcautocaravanas.com\/wp-content\/uploads\/2026\/03\/fiat-ducato-rapido-946-F-integral-49-150x150.jpeg\" class=\"attachment-thumbnail size-thumbnail\" alt=\"\" \/><\/a>\n\t\t\t<\/div><\/figure><figure class='gallery-item'>\n\t\t\t<div class='gallery-icon portrait'>\n\t\t\t\t<a data-elementor-open-lightbox=\"yes\" data-elementor-lightbox-slideshow=\"0aa8ddf\" data-elementor-lightbox-title=\"fiat ducato rapido 946 F integral (50)\" data-e-action-hash=\"#elementor-action%3Aaction%3Dlightbox%26settings%3DeyJpZCI6NTk5NSwidXJsIjoiaHR0cHM6XC9cL21jYXV0b2NhcmF2YW5hcy5jb21cL3dwLWNvbnRlbnRcL3VwbG9hZHNcLzIwMjZcLzAzXC9maWF0LWR1Y2F0by1yYXBpZG8tOTQ2LUYtaW50ZWdyYWwtNTAuanBlZyIsInNsaWRlc2hvdyI6IjBhYThkZGYifQ%3D%3D\" href='https:\/\/mcautocaravanas.com\/wp-content\/uploads\/2026\/03\/fiat-ducato-rapido-946-F-integral-50.jpeg'><img loading=\"lazy\" decoding=\"async\" width=\"150\" height=\"150\" src=\"https:\/\/mcautocaravanas.com\/wp-content\/uploads\/2026\/03\/fiat-ducato-rapido-946-F-integral-50-150x150.jpeg\" class=\"attachment-thumbnail size-thumbnail\" alt=\"\" \/><\/a>\n\t\t\t<\/div><\/figure><figure class='gallery-item'>\n\t\t\t<div class='gallery-icon portrait'>\n\t\t\t\t<a data-elementor-open-lightbox=\"yes\" data-elementor-lightbox-slideshow=\"0aa8ddf\" data-elementor-lightbox-title=\"fiat ducato rapido 946 F integral (51)\" data-e-action-hash=\"#elementor-action%3Aaction%3Dlightbox%26settings%3DeyJpZCI6NTk5NiwidXJsIjoiaHR0cHM6XC9cL21jYXV0b2NhcmF2YW5hcy5jb21cL3dwLWNvbnRlbnRcL3VwbG9hZHNcLzIwMjZcLzAzXC9maWF0LWR1Y2F0by1yYXBpZG8tOTQ2LUYtaW50ZWdyYWwtNTEuanBlZyIsInNsaWRlc2hvdyI6IjBhYThkZGYifQ%3D%3D\" href='https:\/\/mcautocaravanas.com\/wp-content\/uploads\/2026\/03\/fiat-ducato-rapido-946-F-integral-51.jpeg'><img loading=\"lazy\" decoding=\"async\" width=\"150\" height=\"150\" src=\"https:\/\/mcautocaravanas.com\/wp-content\/uploads\/2026\/03\/fiat-ducato-rapido-946-F-integral-51-150x150.jpeg\" class=\"attachment-thumbnail size-thumbnail\" alt=\"\" \/><\/a>\n\t\t\t<\/div><\/figure><figure class='gallery-item'>\n\t\t\t<div class='gallery-icon portrait'>\n\t\t\t\t<a data-elementor-open-lightbox=\"yes\" data-elementor-lightbox-slideshow=\"0aa8ddf\" data-elementor-lightbox-title=\"fiat ducato rapido 946 F integral (52)\" data-e-action-hash=\"#elementor-action%3Aaction%3Dlightbox%26settings%3DeyJpZCI6NTk5NywidXJsIjoiaHR0cHM6XC9cL21jYXV0b2NhcmF2YW5hcy5jb21cL3dwLWNvbnRlbnRcL3VwbG9hZHNcLzIwMjZcLzAzXC9maWF0LWR1Y2F0by1yYXBpZG8tOTQ2LUYtaW50ZWdyYWwtNTIuanBlZyIsInNsaWRlc2hvdyI6IjBhYThkZGYifQ%3D%3D\" href='https:\/\/mcautocaravanas.com\/wp-content\/uploads\/2026\/03\/fiat-ducato-rapido-946-F-integral-52.jpeg'><img loading=\"lazy\" decoding=\"async\" width=\"150\" height=\"150\" src=\"https:\/\/mcautocaravanas.com\/wp-content\/uploads\/2026\/03\/fiat-ducato-rapido-946-F-integral-52-150x150.jpeg\" class=\"attachment-thumbnail size-thumbnail\" alt=\"\" \/><\/a>\n\t\t\t<\/div><\/figure><figure class='gallery-item'>\n\t\t\t<div class='gallery-icon portrait'>\n\t\t\t\t<a data-elementor-open-lightbox=\"yes\" data-elementor-lightbox-slideshow=\"0aa8ddf\" data-elementor-lightbox-title=\"fiat ducato rapido 946 F integral (53)\" data-e-action-hash=\"#elementor-action%3Aaction%3Dlightbox%26settings%3DeyJpZCI6NTk5OCwidXJsIjoiaHR0cHM6XC9cL21jYXV0b2NhcmF2YW5hcy5jb21cL3dwLWNvbnRlbnRcL3VwbG9hZHNcLzIwMjZcLzAzXC9maWF0LWR1Y2F0by1yYXBpZG8tOTQ2LUYtaW50ZWdyYWwtNTMuanBlZyIsInNsaWRlc2hvdyI6IjBhYThkZGYifQ%3D%3D\" href='https:\/\/mcautocaravanas.com\/wp-content\/uploads\/2026\/03\/fiat-ducato-rapido-946-F-integral-53.jpeg'><img loading=\"lazy\" decoding=\"async\" width=\"150\" height=\"150\" src=\"https:\/\/mcautocaravanas.com\/wp-content\/uploads\/2026\/03\/fiat-ducato-rapido-946-F-integral-53-150x150.jpeg\" class=\"attachment-thumbnail size-thumbnail\" alt=\"\" \/><\/a>\n\t\t\t<\/div><\/figure><figure class='gallery-item'>\n\t\t\t<div class='gallery-icon portrait'>\n\t\t\t\t<a data-elementor-open-lightbox=\"yes\" data-elementor-lightbox-slideshow=\"0aa8ddf\" data-elementor-lightbox-title=\"fiat ducato rapido 946 F integral (54)\" data-e-action-hash=\"#elementor-action%3Aaction%3Dlightbox%26settings%3DeyJpZCI6NTk5OSwidXJsIjoiaHR0cHM6XC9cL21jYXV0b2NhcmF2YW5hcy5jb21cL3dwLWNvbnRlbnRcL3VwbG9hZHNcLzIwMjZcLzAzXC9maWF0LWR1Y2F0by1yYXBpZG8tOTQ2LUYtaW50ZWdyYWwtNTQuanBlZyIsInNsaWRlc2hvdyI6IjBhYThkZGYifQ%3D%3D\" href='https:\/\/mcautocaravanas.com\/wp-content\/uploads\/2026\/03\/fiat-ducato-rapido-946-F-integral-54.jpeg'><img loading=\"lazy\" decoding=\"async\" width=\"150\" height=\"150\" src=\"https:\/\/mcautocaravanas.com\/wp-content\/uploads\/2026\/03\/fiat-ducato-rapido-946-F-integral-54-150x150.jpeg\" class=\"attachment-thumbnail size-thumbnail\" alt=\"\" \/><\/a>\n\t\t\t<\/div><\/figure><figure class='gallery-item'>\n\t\t\t<div class='gallery-icon portrait'>\n\t\t\t\t<a data-elementor-open-lightbox=\"yes\" data-elementor-lightbox-slideshow=\"0aa8ddf\" data-elementor-lightbox-title=\"fiat ducato rapido 946 F integral (55)\" data-e-action-hash=\"#elementor-action%3Aaction%3Dlightbox%26settings%3DeyJpZCI6NjAwMCwidXJsIjoiaHR0cHM6XC9cL21jYXV0b2NhcmF2YW5hcy5jb21cL3dwLWNvbnRlbnRcL3VwbG9hZHNcLzIwMjZcLzAzXC9maWF0LWR1Y2F0by1yYXBpZG8tOTQ2LUYtaW50ZWdyYWwtNTUuanBlZyIsInNsaWRlc2hvdyI6IjBhYThkZGYifQ%3D%3D\" href='https:\/\/mcautocaravanas.com\/wp-content\/uploads\/2026\/03\/fiat-ducato-rapido-946-F-integral-55.jpeg'><img loading=\"lazy\" decoding=\"async\" width=\"150\" height=\"150\" src=\"https:\/\/mcautocaravanas.com\/wp-content\/uploads\/2026\/03\/fiat-ducato-rapido-946-F-integral-55-150x150.jpeg\" class=\"attachment-thumbnail size-thumbnail\" alt=\"\" \/><\/a>\n\t\t\t<\/div><\/figure><figure class='gallery-item'>\n\t\t\t<div class='gallery-icon portrait'>\n\t\t\t\t<a data-elementor-open-lightbox=\"yes\" data-elementor-lightbox-slideshow=\"0aa8ddf\" data-elementor-lightbox-title=\"fiat ducato rapido 946 F integral (56)\" data-e-action-hash=\"#elementor-action%3Aaction%3Dlightbox%26settings%3DeyJpZCI6NjAwMSwidXJsIjoiaHR0cHM6XC9cL21jYXV0b2NhcmF2YW5hcy5jb21cL3dwLWNvbnRlbnRcL3VwbG9hZHNcLzIwMjZcLzAzXC9maWF0LWR1Y2F0by1yYXBpZG8tOTQ2LUYtaW50ZWdyYWwtNTYuanBlZyIsInNsaWRlc2hvdyI6IjBhYThkZGYifQ%3D%3D\" href='https:\/\/mcautocaravanas.com\/wp-content\/uploads\/2026\/03\/fiat-ducato-rapido-946-F-integral-56.jpeg'><img loading=\"lazy\" decoding=\"async\" width=\"150\" height=\"150\" src=\"https:\/\/mcautocaravanas.com\/wp-content\/uploads\/2026\/03\/fiat-ducato-rapido-946-F-integral-56-150x150.jpeg\" class=\"attachment-thumbnail size-thumbnail\" alt=\"\" \/><\/a>\n\t\t\t<\/div><\/figure>\n\t\t<\/div>\n\t\t<\/div>\n\t\t\t\t\t\t<\/div>\n\t\t\t\t<\/div>\n\t\t\t\t<\/div>\n\t\t\t\t\t<\/div>\n\t\t\t\t<\/div>\n\t\t<div class=\"elementor-element elementor-element-b08b633 e-flex e-con-boxed e-con e-parent\" data-id=\"b08b633\" data-element_type=\"container\" data-e-type=\"container\">\n\t\t\t\t\t<div class=\"e-con-inner\">\n\t\t\t\t<div class=\"elementor-element elementor-element-86af1ea elementor-align-center elementor-widget elementor-widget-button\" data-id=\"86af1ea\" data-element_type=\"widget\" data-e-type=\"widget\" data-widget_type=\"button.default\">\n\t\t\t\t<div class=\"elementor-widget-container\">\n\t\t\t\t\t\t\t\t\t<div class=\"elementor-button-wrapper\">\n\t\t\t\t\t<a class=\"elementor-button elementor-button-link elementor-size-sm\" href=\"\">\n\t\t\t\t\t\t<span class=\"elementor-button-content-wrapper\">\n\t\t\t\t\t\t<span class=\"elementor-button-icon\">\n\t\t\t\t<svg aria-hidden=\"true\" class=\"e-font-icon-svg e-fas-check\" viewbox=\"0 0 512 512\" xmlns=\"http:\/\/www.w3.org\/2000\/svg\"><path d=\"M173.898 439.404l-166.4-166.4c-9.997-9.997-9.997-26.206 0-36.204l36.203-36.204c9.997-9.998 26.207-9.998 36.204 0L192 312.69 432.095 72.596c9.997-9.997 26.207-9.997 36.204 0l36.203 36.204c9.997 9.997 9.997 26.206 0 36.204l-294.4 294.401c-9.998 9.997-26.207 9.997-36.204-.001z\"><\/path><\/svg>\t\t\t<\/span>\n\t\t\t\t\t\t\t\t\t<span class=\"elementor-button-text\">Comprar<\/span>\n\t\t\t\t\t<\/span>\n\t\t\t\t\t<\/a>\n\t\t\t\t<\/div>\n\t\t\t\t\t\t\t\t<\/div>\n\t\t\t\t<\/div>\n\t\t\t\t\t<\/div>\n\t\t\t\t<\/div>\n\t\t\t\t<\/div>","protected":false},"excerpt":{"rendered":"<p>37.000 \u20ac A\u00f1o 2005 4 plazas para viajar y dormir 100.000 KM Fiat Ducato 2.8 JTD de 146 CV 6,29 m de longitud Si buscas una autocaravana fiable, muy bien cuidada y lista para viajar desde el primer d\u00eda, esta R\u00e1pido 946F es una oportunidad dif\u00edcil de encontrar Distribuci\u00f3n y comodidad: Cama francesa trasera Cama [&hellip;]<\/p>\n","protected":false},"author":1,"featured_media":6172,"comment_status":"open","ping_status":"closed","sticky":false,"template":"","format":"standard","meta":{"footnotes":""},"categories":[8,9],"tags":[],"class_list":["post-5942","post","type-post","status-publish","format-standard","has-post-thumbnail","hentry","category-autocaravanas-y-furgocamper","category-venta"],"yoast_head":"<!-- This site is optimized with the Yoast SEO plugin v27.5 - https:\/\/yoast.com\/product\/yoast-seo-wordpress\/ -->\n<title>Fiat Ducato Rapido 946_F Integral - M.C. Autocaravanas Getxo S.L<\/title>\n<meta name=\"description\" content=\"Financiaci\u00f3n 100%Puedes visitarla en nuestras instalaciones, concertando una cita telef\u00f3nica. \u00a1Estaremos encantados de atenderte y asesorarte!\" \/>\n<meta name=\"robots\" content=\"index, follow, max-snippet:-1, max-image-preview:large, max-video-preview:-1\" \/>\n<link rel=\"canonical\" href=\"https:\/\/mcautocaravanas.com\/en\/fiat-ducato-rapido-946_f-integral\/\" \/>\n<meta property=\"og:locale\" content=\"en_US\" \/>\n<meta property=\"og:type\" content=\"article\" \/>\n<meta property=\"og:title\" content=\"Fiat Ducato Rapido 946_F Integral - M.C. Autocaravanas Getxo S.L\" \/>\n<meta property=\"og:description\" content=\"Financiaci\u00f3n 100%Puedes visitarla en nuestras instalaciones, concertando una cita telef\u00f3nica. \u00a1Estaremos encantados de atenderte y asesorarte!\" \/>\n<meta property=\"og:url\" content=\"https:\/\/mcautocaravanas.com\/en\/fiat-ducato-rapido-946_f-integral\/\" \/>\n<meta property=\"og:site_name\" content=\"M.C. Autocaravanas Getxo S.L\" \/>\n<meta property=\"article:author\" content=\"https:\/\/www.facebook.com\/people\/McAutocaravanas-Getxo\/100086353929860\/?_rdr\" \/>\n<meta property=\"article:published_time\" content=\"2026-03-16T13:52:28+00:00\" \/>\n<meta property=\"article:modified_time\" content=\"2026-03-28T12:25:57+00:00\" \/>\n<meta property=\"og:image\" content=\"https:\/\/mcautocaravanas.com\/wp-content\/uploads\/2026\/03\/ANO-2000-Motor-2.5-TDI-\u2013-75-kW-102-CV-Kilometros-275.000-km-1.jpg\" \/>\n\t<meta property=\"og:image:width\" content=\"1200\" \/>\n\t<meta property=\"og:image:height\" content=\"1600\" \/>\n\t<meta property=\"og:image:type\" content=\"image\/jpeg\" \/>\n<meta name=\"author\" content=\"mcautocaravanas\" \/>\n<meta name=\"twitter:card\" content=\"summary_large_image\" \/>\n<meta name=\"twitter:label1\" content=\"Written by\" \/>\n\t<meta name=\"twitter:data1\" content=\"mcautocaravanas\" \/>\n\t<meta name=\"twitter:label2\" content=\"Est. reading time\" \/>\n\t<meta name=\"twitter:data2\" content=\"13 minutes\" \/>\n<script type=\"application\/ld+json\" class=\"yoast-schema-graph\">{\"@context\":\"https:\\\/\\\/schema.org\",\"@graph\":[{\"@type\":\"Article\",\"@id\":\"https:\\\/\\\/mcautocaravanas.com\\\/fiat-ducato-rapido-946_f-integral\\\/#article\",\"isPartOf\":{\"@id\":\"https:\\\/\\\/mcautocaravanas.com\\\/fiat-ducato-rapido-946_f-integral\\\/\"},\"author\":{\"name\":\"mcautocaravanas\",\"@id\":\"https:\\\/\\\/mcautocaravanas.com\\\/#\\\/schema\\\/person\\\/a52f2c7d5cbfcc2609bc27222231ad9a\"},\"headline\":\"Fiat Ducato Rapido 946_F Integral\",\"datePublished\":\"2026-03-16T13:52:28+00:00\",\"dateModified\":\"2026-03-28T12:25:57+00:00\",\"mainEntityOfPage\":{\"@id\":\"https:\\\/\\\/mcautocaravanas.com\\\/fiat-ducato-rapido-946_f-integral\\\/\"},\"wordCount\":170,\"commentCount\":0,\"publisher\":{\"@id\":\"https:\\\/\\\/mcautocaravanas.com\\\/#organization\"},\"image\":{\"@id\":\"https:\\\/\\\/mcautocaravanas.com\\\/fiat-ducato-rapido-946_f-integral\\\/#primaryimage\"},\"thumbnailUrl\":\"https:\\\/\\\/mcautocaravanas.com\\\/wp-content\\\/uploads\\\/2026\\\/03\\\/ANO-2000-Motor-2.5-TDI-\u2013-75-kW-102-CV-Kilometros-275.000-km-1.jpg\",\"articleSection\":[\"Autocaravanas y furgocamper de segunda mano\",\"Venta\"],\"inLanguage\":\"en-US\",\"potentialAction\":[{\"@type\":\"CommentAction\",\"name\":\"Comment\",\"target\":[\"https:\\\/\\\/mcautocaravanas.com\\\/fiat-ducato-rapido-946_f-integral\\\/#respond\"]}]},{\"@type\":\"WebPage\",\"@id\":\"https:\\\/\\\/mcautocaravanas.com\\\/fiat-ducato-rapido-946_f-integral\\\/\",\"url\":\"https:\\\/\\\/mcautocaravanas.com\\\/fiat-ducato-rapido-946_f-integral\\\/\",\"name\":\"Fiat Ducato Rapido 946_F Integral - M.C. Autocaravanas Getxo S.L\",\"isPartOf\":{\"@id\":\"https:\\\/\\\/mcautocaravanas.com\\\/#website\"},\"primaryImageOfPage\":{\"@id\":\"https:\\\/\\\/mcautocaravanas.com\\\/fiat-ducato-rapido-946_f-integral\\\/#primaryimage\"},\"image\":{\"@id\":\"https:\\\/\\\/mcautocaravanas.com\\\/fiat-ducato-rapido-946_f-integral\\\/#primaryimage\"},\"thumbnailUrl\":\"https:\\\/\\\/mcautocaravanas.com\\\/wp-content\\\/uploads\\\/2026\\\/03\\\/ANO-2000-Motor-2.5-TDI-\u2013-75-kW-102-CV-Kilometros-275.000-km-1.jpg\",\"datePublished\":\"2026-03-16T13:52:28+00:00\",\"dateModified\":\"2026-03-28T12:25:57+00:00\",\"description\":\"Financiaci\u00f3n 100%Puedes visitarla en nuestras instalaciones, concertando una cita telef\u00f3nica. \u00a1Estaremos encantados de atenderte y asesorarte!\",\"breadcrumb\":{\"@id\":\"https:\\\/\\\/mcautocaravanas.com\\\/fiat-ducato-rapido-946_f-integral\\\/#breadcrumb\"},\"inLanguage\":\"en-US\",\"potentialAction\":[{\"@type\":\"ReadAction\",\"target\":[\"https:\\\/\\\/mcautocaravanas.com\\\/fiat-ducato-rapido-946_f-integral\\\/\"]}]},{\"@type\":\"ImageObject\",\"inLanguage\":\"en-US\",\"@id\":\"https:\\\/\\\/mcautocaravanas.com\\\/fiat-ducato-rapido-946_f-integral\\\/#primaryimage\",\"url\":\"https:\\\/\\\/mcautocaravanas.com\\\/wp-content\\\/uploads\\\/2026\\\/03\\\/ANO-2000-Motor-2.5-TDI-\u2013-75-kW-102-CV-Kilometros-275.000-km-1.jpg\",\"contentUrl\":\"https:\\\/\\\/mcautocaravanas.com\\\/wp-content\\\/uploads\\\/2026\\\/03\\\/ANO-2000-Motor-2.5-TDI-\u2013-75-kW-102-CV-Kilometros-275.000-km-1.jpg\",\"width\":1200,\"height\":1600},{\"@type\":\"BreadcrumbList\",\"@id\":\"https:\\\/\\\/mcautocaravanas.com\\\/fiat-ducato-rapido-946_f-integral\\\/#breadcrumb\",\"itemListElement\":[{\"@type\":\"ListItem\",\"position\":1,\"name\":\"Portada\",\"item\":\"https:\\\/\\\/mcautocaravanas.com\\\/\"},{\"@type\":\"ListItem\",\"position\":2,\"name\":\"Fiat Ducato Rapido 946_F Integral\"}]},{\"@type\":\"WebSite\",\"@id\":\"https:\\\/\\\/mcautocaravanas.com\\\/#website\",\"url\":\"https:\\\/\\\/mcautocaravanas.com\\\/\",\"name\":\"M.C. Autocaravanas Getxo S.L\",\"description\":\"\u00bfListo para una aventura inolvidable? En M.C Autocaravanas Getxo, te ofrecemos la oportunidad de explorar el mundo a tu ritmo con nuestras autocaravanas de \u00faltima generaci\u00f3n.\",\"publisher\":{\"@id\":\"https:\\\/\\\/mcautocaravanas.com\\\/#organization\"},\"potentialAction\":[{\"@type\":\"SearchAction\",\"target\":{\"@type\":\"EntryPoint\",\"urlTemplate\":\"https:\\\/\\\/mcautocaravanas.com\\\/?s={search_term_string}\"},\"query-input\":{\"@type\":\"PropertyValueSpecification\",\"valueRequired\":true,\"valueName\":\"search_term_string\"}}],\"inLanguage\":\"en-US\"},{\"@type\":\"Organization\",\"@id\":\"https:\\\/\\\/mcautocaravanas.com\\\/#organization\",\"name\":\"M.C. Autocaravanas Getxo S.L\",\"url\":\"https:\\\/\\\/mcautocaravanas.com\\\/\",\"logo\":{\"@type\":\"ImageObject\",\"inLanguage\":\"en-US\",\"@id\":\"https:\\\/\\\/mcautocaravanas.com\\\/#\\\/schema\\\/logo\\\/image\\\/\",\"url\":\"https:\\\/\\\/mcautocaravanas.com\\\/wp-content\\\/uploads\\\/2024\\\/06\\\/cropped-cropped-M.C-AUTOCARAVANAS-1-2.png\",\"contentUrl\":\"https:\\\/\\\/mcautocaravanas.com\\\/wp-content\\\/uploads\\\/2024\\\/06\\\/cropped-cropped-M.C-AUTOCARAVANAS-1-2.png\",\"width\":512,\"height\":484,\"caption\":\"M.C. Autocaravanas Getxo S.L\"},\"image\":{\"@id\":\"https:\\\/\\\/mcautocaravanas.com\\\/#\\\/schema\\\/logo\\\/image\\\/\"}},{\"@type\":\"Person\",\"@id\":\"https:\\\/\\\/mcautocaravanas.com\\\/#\\\/schema\\\/person\\\/a52f2c7d5cbfcc2609bc27222231ad9a\",\"name\":\"mcautocaravanas\",\"image\":{\"@type\":\"ImageObject\",\"inLanguage\":\"en-US\",\"@id\":\"https:\\\/\\\/secure.gravatar.com\\\/avatar\\\/07d32fc839bf9372083edbc2691f268c25b349229c1eadb54048150c3db6bd0d?s=96&d=mm&r=g\",\"url\":\"https:\\\/\\\/secure.gravatar.com\\\/avatar\\\/07d32fc839bf9372083edbc2691f268c25b349229c1eadb54048150c3db6bd0d?s=96&d=mm&r=g\",\"contentUrl\":\"https:\\\/\\\/secure.gravatar.com\\\/avatar\\\/07d32fc839bf9372083edbc2691f268c25b349229c1eadb54048150c3db6bd0d?s=96&d=mm&r=g\",\"caption\":\"mcautocaravanas\"},\"sameAs\":[\"https:\\\/\\\/mcautocaravanas.com\",\"https:\\\/\\\/www.facebook.com\\\/people\\\/McAutocaravanas-Getxo\\\/100086353929860\\\/?_rdr\",\"https:\\\/\\\/www.instagram.com\\\/mc_autocaravanas_getxo\\\/\"],\"url\":\"https:\\\/\\\/mcautocaravanas.com\\\/en\\\/author\\\/mcautocaravanas\\\/\"}]}<\/script>\n<!-- \/ Yoast SEO plugin. -->","yoast_head_json":{"title":"Fiat Ducato Rapido 946_F Integral - M.C. Autocaravanas Getxo S.L","description":"Financiaci\u00f3n 100%Puedes visitarla en nuestras instalaciones, concertando una cita telef\u00f3nica. \u00a1Estaremos encantados de atenderte y asesorarte!","robots":{"index":"index","follow":"follow","max-snippet":"max-snippet:-1","max-image-preview":"max-image-preview:large","max-video-preview":"max-video-preview:-1"},"canonical":"https:\/\/mcautocaravanas.com\/en\/fiat-ducato-rapido-946_f-integral\/","og_locale":"en_US","og_type":"article","og_title":"Fiat Ducato Rapido 946_F Integral - M.C. Autocaravanas Getxo S.L","og_description":"Financiaci\u00f3n 100%Puedes visitarla en nuestras instalaciones, concertando una cita telef\u00f3nica. \u00a1Estaremos encantados de atenderte y asesorarte!","og_url":"https:\/\/mcautocaravanas.com\/en\/fiat-ducato-rapido-946_f-integral\/","og_site_name":"M.C. Autocaravanas Getxo S.L","article_author":"https:\/\/www.facebook.com\/people\/McAutocaravanas-Getxo\/100086353929860\/?_rdr","article_published_time":"2026-03-16T13:52:28+00:00","article_modified_time":"2026-03-28T12:25:57+00:00","og_image":[{"width":1200,"height":1600,"url":"https:\/\/mcautocaravanas.com\/wp-content\/uploads\/2026\/03\/ANO-2000-Motor-2.5-TDI-\u2013-75-kW-102-CV-Kilometros-275.000-km-1.jpg","type":"image\/jpeg"}],"author":"mcautocaravanas","twitter_card":"summary_large_image","twitter_misc":{"Written by":"mcautocaravanas","Est. reading time":"13 minutes"},"schema":{"@context":"https:\/\/schema.org","@graph":[{"@type":"Article","@id":"https:\/\/mcautocaravanas.com\/fiat-ducato-rapido-946_f-integral\/#article","isPartOf":{"@id":"https:\/\/mcautocaravanas.com\/fiat-ducato-rapido-946_f-integral\/"},"author":{"name":"mcautocaravanas","@id":"https:\/\/mcautocaravanas.com\/#\/schema\/person\/a52f2c7d5cbfcc2609bc27222231ad9a"},"headline":"Fiat Ducato Rapido 946_F Integral","datePublished":"2026-03-16T13:52:28+00:00","dateModified":"2026-03-28T12:25:57+00:00","mainEntityOfPage":{"@id":"https:\/\/mcautocaravanas.com\/fiat-ducato-rapido-946_f-integral\/"},"wordCount":170,"commentCount":0,"publisher":{"@id":"https:\/\/mcautocaravanas.com\/#organization"},"image":{"@id":"https:\/\/mcautocaravanas.com\/fiat-ducato-rapido-946_f-integral\/#primaryimage"},"thumbnailUrl":"https:\/\/mcautocaravanas.com\/wp-content\/uploads\/2026\/03\/ANO-2000-Motor-2.5-TDI-\u2013-75-kW-102-CV-Kilometros-275.000-km-1.jpg","articleSection":["Autocaravanas y furgocamper de segunda mano","Venta"],"inLanguage":"en-US","potentialAction":[{"@type":"CommentAction","name":"Comment","target":["https:\/\/mcautocaravanas.com\/fiat-ducato-rapido-946_f-integral\/#respond"]}]},{"@type":"WebPage","@id":"https:\/\/mcautocaravanas.com\/fiat-ducato-rapido-946_f-integral\/","url":"https:\/\/mcautocaravanas.com\/fiat-ducato-rapido-946_f-integral\/","name":"Fiat Ducato Rapido 946_F Integral - M.C. Autocaravanas Getxo S.L","isPartOf":{"@id":"https:\/\/mcautocaravanas.com\/#website"},"primaryImageOfPage":{"@id":"https:\/\/mcautocaravanas.com\/fiat-ducato-rapido-946_f-integral\/#primaryimage"},"image":{"@id":"https:\/\/mcautocaravanas.com\/fiat-ducato-rapido-946_f-integral\/#primaryimage"},"thumbnailUrl":"https:\/\/mcautocaravanas.com\/wp-content\/uploads\/2026\/03\/ANO-2000-Motor-2.5-TDI-\u2013-75-kW-102-CV-Kilometros-275.000-km-1.jpg","datePublished":"2026-03-16T13:52:28+00:00","dateModified":"2026-03-28T12:25:57+00:00","description":"Financiaci\u00f3n 100%Puedes visitarla en nuestras instalaciones, concertando una cita telef\u00f3nica. \u00a1Estaremos encantados de atenderte y asesorarte!","breadcrumb":{"@id":"https:\/\/mcautocaravanas.com\/fiat-ducato-rapido-946_f-integral\/#breadcrumb"},"inLanguage":"en-US","potentialAction":[{"@type":"ReadAction","target":["https:\/\/mcautocaravanas.com\/fiat-ducato-rapido-946_f-integral\/"]}]},{"@type":"ImageObject","inLanguage":"en-US","@id":"https:\/\/mcautocaravanas.com\/fiat-ducato-rapido-946_f-integral\/#primaryimage","url":"https:\/\/mcautocaravanas.com\/wp-content\/uploads\/2026\/03\/ANO-2000-Motor-2.5-TDI-\u2013-75-kW-102-CV-Kilometros-275.000-km-1.jpg","contentUrl":"https:\/\/mcautocaravanas.com\/wp-content\/uploads\/2026\/03\/ANO-2000-Motor-2.5-TDI-\u2013-75-kW-102-CV-Kilometros-275.000-km-1.jpg","width":1200,"height":1600},{"@type":"BreadcrumbList","@id":"https:\/\/mcautocaravanas.com\/fiat-ducato-rapido-946_f-integral\/#breadcrumb","itemListElement":[{"@type":"ListItem","position":1,"name":"Portada","item":"https:\/\/mcautocaravanas.com\/"},{"@type":"ListItem","position":2,"name":"Fiat Ducato Rapido 946_F Integral"}]},{"@type":"WebSite","@id":"https:\/\/mcautocaravanas.com\/#website","url":"https:\/\/mcautocaravanas.com\/","name":"M.C. Autocaravanas Getxo S.L","description":"\u00bfListo para una aventura inolvidable? En M.C Autocaravanas Getxo, te ofrecemos la oportunidad de explorar el mundo a tu ritmo con nuestras autocaravanas de \u00faltima generaci\u00f3n.","publisher":{"@id":"https:\/\/mcautocaravanas.com\/#organization"},"potentialAction":[{"@type":"SearchAction","target":{"@type":"EntryPoint","urlTemplate":"https:\/\/mcautocaravanas.com\/?s={search_term_string}"},"query-input":{"@type":"PropertyValueSpecification","valueRequired":true,"valueName":"search_term_string"}}],"inLanguage":"en-US"},{"@type":"Organization","@id":"https:\/\/mcautocaravanas.com\/#organization","name":"M.C. Autocaravanas Getxo S.L","url":"https:\/\/mcautocaravanas.com\/","logo":{"@type":"ImageObject","inLanguage":"en-US","@id":"https:\/\/mcautocaravanas.com\/#\/schema\/logo\/image\/","url":"https:\/\/mcautocaravanas.com\/wp-content\/uploads\/2024\/06\/cropped-cropped-M.C-AUTOCARAVANAS-1-2.png","contentUrl":"https:\/\/mcautocaravanas.com\/wp-content\/uploads\/2024\/06\/cropped-cropped-M.C-AUTOCARAVANAS-1-2.png","width":512,"height":484,"caption":"M.C. Autocaravanas Getxo S.L"},"image":{"@id":"https:\/\/mcautocaravanas.com\/#\/schema\/logo\/image\/"}},{"@type":"Person","@id":"https:\/\/mcautocaravanas.com\/#\/schema\/person\/a52f2c7d5cbfcc2609bc27222231ad9a","name":"mcautocaravanas","image":{"@type":"ImageObject","inLanguage":"en-US","@id":"https:\/\/secure.gravatar.com\/avatar\/07d32fc839bf9372083edbc2691f268c25b349229c1eadb54048150c3db6bd0d?s=96&d=mm&r=g","url":"https:\/\/secure.gravatar.com\/avatar\/07d32fc839bf9372083edbc2691f268c25b349229c1eadb54048150c3db6bd0d?s=96&d=mm&r=g","contentUrl":"https:\/\/secure.gravatar.com\/avatar\/07d32fc839bf9372083edbc2691f268c25b349229c1eadb54048150c3db6bd0d?s=96&d=mm&r=g","caption":"mcautocaravanas"},"sameAs":["https:\/\/mcautocaravanas.com","https:\/\/www.facebook.com\/people\/McAutocaravanas-Getxo\/100086353929860\/?_rdr","https:\/\/www.instagram.com\/mc_autocaravanas_getxo\/"],"url":"https:\/\/mcautocaravanas.com\/en\/author\/mcautocaravanas\/"}]}},"jetpack_featured_media_url":"https:\/\/mcautocaravanas.com\/wp-content\/uploads\/2026\/03\/ANO-2000-Motor-2.5-TDI-\u2013-75-kW-102-CV-Kilometros-275.000-km-1.jpg","_links":{"self":[{"href":"https:\/\/mcautocaravanas.com\/en\/wp-json\/wp\/v2\/posts\/5942","targetHints":{"allow":["GET"]}}],"collection":[{"href":"https:\/\/mcautocaravanas.com\/en\/wp-json\/wp\/v2\/posts"}],"about":[{"href":"https:\/\/mcautocaravanas.com\/en\/wp-json\/wp\/v2\/types\/post"}],"author":[{"embeddable":true,"href":"https:\/\/mcautocaravanas.com\/en\/wp-json\/wp\/v2\/users\/1"}],"replies":[{"embeddable":true,"href":"https:\/\/mcautocaravanas.com\/en\/wp-json\/wp\/v2\/comments?post=5942"}],"version-history":[{"count":5,"href":"https:\/\/mcautocaravanas.com\/en\/wp-json\/wp\/v2\/posts\/5942\/revisions"}],"predecessor-version":[{"id":6005,"href":"https:\/\/mcautocaravanas.com\/en\/wp-json\/wp\/v2\/posts\/5942\/revisions\/6005"}],"wp:featuredmedia":[{"embeddable":true,"href":"https:\/\/mcautocaravanas.com\/en\/wp-json\/wp\/v2\/media\/6172"}],"wp:attachment":[{"href":"https:\/\/mcautocaravanas.com\/en\/wp-json\/wp\/v2\/media?parent=5942"}],"wp:term":[{"taxonomy":"category","embeddable":true,"href":"https:\/\/mcautocaravanas.com\/en\/wp-json\/wp\/v2\/categories?post=5942"},{"taxonomy":"post_tag","embeddable":true,"href":"https:\/\/mcautocaravanas.com\/en\/wp-json\/wp\/v2\/tags?post=5942"}],"curies":[{"name":"wp","href":"https:\/\/api.w.org\/{rel}","templated":true}]}}