{"id":3856,"date":"2025-10-20T18:39:20","date_gmt":"2025-10-20T18:39:20","guid":{"rendered":"https:\/\/mcautocaravanas.com\/?p=3856"},"modified":"2026-03-28T11:50:40","modified_gmt":"2026-03-28T11:50:40","slug":"adria-sport-a_680_sk","status":"publish","type":"post","link":"https:\/\/mcautocaravanas.com\/en\/adria-sport-a_680_sk\/","title":{"rendered":"Adria Sport A_680_SK"},"content":{"rendered":"<div data-elementor-type=\"wp-post\" data-elementor-id=\"3856\" class=\"elementor elementor-3856\" data-elementor-post-type=\"post\">\n\t\t\t\t<div class=\"elementor-element elementor-element-91d6c64 e-flex e-con-boxed e-con e-parent\" data-id=\"91d6c64\" data-element_type=\"container\" data-e-type=\"container\">\n\t\t\t\t\t<div class=\"e-con-inner\">\n\t\t\t\t<div class=\"elementor-element elementor-element-c293d15 elementor-widget elementor-widget-image\" data-id=\"c293d15\" data-element_type=\"widget\" data-e-type=\"widget\" data-widget_type=\"image.default\">\n\t\t\t\t<div class=\"elementor-widget-container\">\n\t\t\t\t\t\t\t\t\t\t\t\t\t\t\t<img fetchpriority=\"high\" decoding=\"async\" width=\"768\" height=\"1024\" src=\"https:\/\/mcautocaravanas.com\/wp-content\/uploads\/2025\/10\/IMG-20251020-WA0028-768x1024.jpg\" class=\"attachment-large size-large wp-image-3857\" alt=\"\" srcset=\"https:\/\/mcautocaravanas.com\/wp-content\/uploads\/2025\/10\/IMG-20251020-WA0028-768x1024.jpg 768w, https:\/\/mcautocaravanas.com\/wp-content\/uploads\/2025\/10\/IMG-20251020-WA0028-225x300.jpg 225w, https:\/\/mcautocaravanas.com\/wp-content\/uploads\/2025\/10\/IMG-20251020-WA0028-1152x1536.jpg 1152w, https:\/\/mcautocaravanas.com\/wp-content\/uploads\/2025\/10\/IMG-20251020-WA0028-9x12.jpg 9w, https:\/\/mcautocaravanas.com\/wp-content\/uploads\/2025\/10\/IMG-20251020-WA0028.jpg 1200w\" sizes=\"(max-width: 768px) 100vw, 768px\" \/>\t\t\t\t\t\t\t\t\t\t\t\t\t\t\t<\/div>\n\t\t\t\t<\/div>\n\t\t\t\t\t<\/div>\n\t\t\t\t<\/div>\n\t\t<div class=\"elementor-element elementor-element-6359e14 e-flex e-con-boxed e-con e-parent\" data-id=\"6359e14\" data-element_type=\"container\" data-e-type=\"container\">\n\t\t\t\t\t<div class=\"e-con-inner\">\n\t\t\t\t<div class=\"elementor-element elementor-element-30059d5 elementor-headline--style-highlight elementor-widget elementor-widget-animated-headline\" data-id=\"30059d5\" data-element_type=\"widget\" data-e-type=\"widget\" data-settings=\"{&quot;marker&quot;:&quot;underline&quot;,&quot;highlighted_text&quot;:&quot;42.000\\u20ac&quot;,&quot;headline_style&quot;:&quot;highlight&quot;,&quot;loop&quot;:&quot;yes&quot;,&quot;highlight_animation_duration&quot;:1200,&quot;highlight_iteration_delay&quot;:8000}\" data-widget_type=\"animated-headline.default\">\n\t\t\t\t<div class=\"elementor-widget-container\">\n\t\t\t\t\t\t\t<h3 class=\"elementor-headline\">\n\t\t\t\t<span class=\"elementor-headline-dynamic-wrapper elementor-headline-text-wrapper\">\n\t\t\t\t\t<span class=\"elementor-headline-dynamic-text elementor-headline-text-active\">42.000\u20ac<\/span>\n\t\t\t\t<\/span>\n\t\t\t\t<\/h3>\n\t\t\t\t\t\t<\/div>\n\t\t\t\t<\/div>\n\t\t\t\t\t<\/div>\n\t\t\t\t<\/div>\n\t\t<div class=\"elementor-element elementor-element-2df71c2 e-grid e-con-boxed e-con e-parent\" data-id=\"2df71c2\" data-element_type=\"container\" data-e-type=\"container\">\n\t\t\t\t\t<div class=\"e-con-inner\">\n\t\t\t\t<div class=\"elementor-element elementor-element-5b3d8aa elementor-widget elementor-widget-text-editor\" data-id=\"5b3d8aa\" data-element_type=\"widget\" data-e-type=\"widget\" data-widget_type=\"text-editor.default\">\n\t\t\t\t<div class=\"elementor-widget-container\">\n\t\t\t\t\t\t\t\t\t<p><strong>CARACTER\u00cdSTICAS<\/strong><\/p><div class=\"mt-PanelAdDetails-comments\"><div class=\"mt-PanelAdDetails-commentsContent\" data-testid=\"mt-PanelAdDetails-description\"><section class=\"elementor-section elementor-inner-section elementor-element elementor-element-4f47cfbb elementor-section-boxed elementor-section-height-default elementor-section-height-default\" data-id=\"4f47cfbb\" data-element_type=\"section\"><div class=\"elementor-container elementor-column-gap-no\"><div class=\"elementor-column elementor-col-100 elementor-inner-column elementor-element elementor-element-36847d44\" data-id=\"36847d44\" data-element_type=\"column\"><div class=\"elementor-widget-wrap elementor-element-populated\"><div class=\"elementor-element elementor-element-498d4b3 elementor-align-left elementor-mobile-align-left elementor-list-item-link-full_width elementor-widget elementor-widget-icon-list\" data-id=\"498d4b3\" data-element_type=\"widget\" data-widget_type=\"icon-list.default\"><div class=\"elementor-widget-container\"><section class=\"elementor-section elementor-inner-section elementor-element elementor-element-4f47cfbb elementor-section-boxed elementor-section-height-default elementor-section-height-default\" data-id=\"4f47cfbb\" data-element_type=\"section\"><div class=\"elementor-container elementor-column-gap-no\"><div class=\"elementor-column elementor-col-100 elementor-inner-column elementor-element elementor-element-36847d44\" data-id=\"36847d44\" data-element_type=\"column\"><div class=\"elementor-widget-wrap elementor-element-populated\"><div class=\"elementor-element elementor-element-498d4b3 elementor-align-left elementor-mobile-align-center elementor-icon-list--layout-traditional elementor-list-item-link-full_width elementor-widget elementor-widget-icon-list\" data-id=\"498d4b3\" data-element_type=\"widget\" data-widget_type=\"icon-list.default\"><div class=\"elementor-widget-container\"><section class=\"elementor-section elementor-inner-section elementor-element elementor-element-4f47cfbb elementor-section-boxed elementor-section-height-default elementor-section-height-default\" data-id=\"4f47cfbb\" data-element_type=\"section\"><div class=\"elementor-container elementor-column-gap-no\"><div class=\"elementor-column elementor-col-100 elementor-inner-column elementor-element elementor-element-36847d44\" data-id=\"36847d44\" data-element_type=\"column\"><div class=\"elementor-widget-wrap elementor-element-populated\"><div class=\"elementor-element elementor-element-498d4b3 elementor-align-left elementor-mobile-align-center elementor-icon-list--layout-traditional elementor-list-item-link-full_width elementor-widget elementor-widget-icon-list\" data-id=\"498d4b3\" data-element_type=\"widget\" data-widget_type=\"icon-list.default\"><div class=\"elementor-widget-container\"><div class=\"elementor-element elementor-element-6d8ec298 elementor-widget elementor-widget-text-editor\" data-id=\"6d8ec298\" data-element_type=\"widget\" data-widget_type=\"text-editor.default\"><div class=\"elementor-widget-container\"><div class=\"elementor-column elementor-col-50 elementor-top-column elementor-element elementor-element-18e48cc5\" data-id=\"18e48cc5\" data-element_type=\"column\"><div class=\"elementor-widget-wrap elementor-element-populated\"><div class=\"elementor-element elementor-element-6d8ec298 elementor-widget elementor-widget-text-editor\" data-id=\"6d8ec298\" data-element_type=\"widget\" data-widget_type=\"text-editor.default\"><div class=\"elementor-widget-container\"><p>A\u00f1o 2011 <br \/>80.000km<\/p><ul><li>Montada sobre chasis FIAT DUCATO Motor 2.3_cc MULTIJET de 130_cv.<\/li><li>Aire acondicionado Telair silent en vivienda.<\/li><li>Toldo<\/li><li>Portabicis para 4 bicis<\/li><li>Toldo Fiama F45<\/li><li>escal\u00f3n el\u00e9ctrico<\/li><li>Placa solar<\/li><li>Inversor, cargador 12v<\/li><li>Suspensi\u00f3n neum\u00e1tica<\/li><li>Radio Android<\/li><li>Cierres seguridad exteriores e interiores en puertas de la cabina<\/li><li>Remis cabina<\/li><li>Doble dep\u00f3sito aguas limpias<\/li><li>Ducha exterior<\/li><li>Alarma<\/li><li>Ruedas nieve delanteras<\/li><li>Mantenimientos: aceite y filtros, correas.\u00a0Ruedas\u00a0nuevas.<\/li><\/ul><p><!--EndFragment --><\/p><\/div><\/div><\/div><\/div><\/div><\/div><\/div><\/div><\/div><\/div><\/div><\/section><\/div><\/div><\/div><\/div><\/div><\/section><\/div><\/div><\/div><\/div><\/div><\/section><\/div><\/div>\t\t\t\t\t\t\t\t<\/div>\n\t\t\t\t<\/div>\n\t\t\t\t<div class=\"elementor-element elementor-element-8c20efc elementor-widget elementor-widget-image-gallery\" data-id=\"8c20efc\" data-element_type=\"widget\" data-e-type=\"widget\" data-widget_type=\"image-gallery.default\">\n\t\t\t\t<div class=\"elementor-widget-container\">\n\t\t\t\t\t\t\t<div class=\"elementor-image-gallery\">\n\t\t\t<div id='gallery-1' class='gallery galleryid-3856 gallery-columns-4 gallery-size-medium'><figure class='gallery-item'>\n\t\t\t<div class='gallery-icon portrait'>\n\t\t\t\t<img decoding=\"async\" width=\"225\" height=\"300\" src=\"https:\/\/mcautocaravanas.com\/wp-content\/uploads\/2025\/10\/Adria-Sport-A_680_SK-1-225x300.jpg\" class=\"attachment-medium size-medium\" alt=\"\" srcset=\"https:\/\/mcautocaravanas.com\/wp-content\/uploads\/2025\/10\/Adria-Sport-A_680_SK-1-225x300.jpg 225w, https:\/\/mcautocaravanas.com\/wp-content\/uploads\/2025\/10\/Adria-Sport-A_680_SK-1-768x1024.jpg 768w, https:\/\/mcautocaravanas.com\/wp-content\/uploads\/2025\/10\/Adria-Sport-A_680_SK-1-1152x1536.jpg 1152w, https:\/\/mcautocaravanas.com\/wp-content\/uploads\/2025\/10\/Adria-Sport-A_680_SK-1-9x12.jpg 9w, https:\/\/mcautocaravanas.com\/wp-content\/uploads\/2025\/10\/Adria-Sport-A_680_SK-1.jpg 1200w\" sizes=\"(max-width: 225px) 100vw, 225px\" \/>\n\t\t\t<\/div><\/figure><figure class='gallery-item'>\n\t\t\t<div class='gallery-icon portrait'>\n\t\t\t\t<img decoding=\"async\" width=\"225\" height=\"300\" src=\"https:\/\/mcautocaravanas.com\/wp-content\/uploads\/2025\/10\/Adria-Sport-A_680_SK-2-225x300.jpg\" class=\"attachment-medium size-medium\" alt=\"\" srcset=\"https:\/\/mcautocaravanas.com\/wp-content\/uploads\/2025\/10\/Adria-Sport-A_680_SK-2-225x300.jpg 225w, https:\/\/mcautocaravanas.com\/wp-content\/uploads\/2025\/10\/Adria-Sport-A_680_SK-2-768x1024.jpg 768w, https:\/\/mcautocaravanas.com\/wp-content\/uploads\/2025\/10\/Adria-Sport-A_680_SK-2-1152x1536.jpg 1152w, https:\/\/mcautocaravanas.com\/wp-content\/uploads\/2025\/10\/Adria-Sport-A_680_SK-2-9x12.jpg 9w, https:\/\/mcautocaravanas.com\/wp-content\/uploads\/2025\/10\/Adria-Sport-A_680_SK-2.jpg 1200w\" sizes=\"(max-width: 225px) 100vw, 225px\" \/>\n\t\t\t<\/div><\/figure><figure class='gallery-item'>\n\t\t\t<div class='gallery-icon portrait'>\n\t\t\t\t<img loading=\"lazy\" decoding=\"async\" width=\"225\" height=\"300\" src=\"https:\/\/mcautocaravanas.com\/wp-content\/uploads\/2025\/10\/Adria-Sport-A_680_SK-3-225x300.jpg\" class=\"attachment-medium size-medium\" alt=\"\" srcset=\"https:\/\/mcautocaravanas.com\/wp-content\/uploads\/2025\/10\/Adria-Sport-A_680_SK-3-225x300.jpg 225w, https:\/\/mcautocaravanas.com\/wp-content\/uploads\/2025\/10\/Adria-Sport-A_680_SK-3-768x1024.jpg 768w, https:\/\/mcautocaravanas.com\/wp-content\/uploads\/2025\/10\/Adria-Sport-A_680_SK-3-1152x1536.jpg 1152w, https:\/\/mcautocaravanas.com\/wp-content\/uploads\/2025\/10\/Adria-Sport-A_680_SK-3-9x12.jpg 9w, https:\/\/mcautocaravanas.com\/wp-content\/uploads\/2025\/10\/Adria-Sport-A_680_SK-3.jpg 1200w\" sizes=\"(max-width: 225px) 100vw, 225px\" \/>\n\t\t\t<\/div><\/figure><figure class='gallery-item'>\n\t\t\t<div class='gallery-icon portrait'>\n\t\t\t\t<img loading=\"lazy\" decoding=\"async\" width=\"225\" height=\"300\" src=\"https:\/\/mcautocaravanas.com\/wp-content\/uploads\/2025\/10\/Adria-Sport-A_680_SK-4-225x300.jpg\" class=\"attachment-medium size-medium\" alt=\"\" srcset=\"https:\/\/mcautocaravanas.com\/wp-content\/uploads\/2025\/10\/Adria-Sport-A_680_SK-4-225x300.jpg 225w, https:\/\/mcautocaravanas.com\/wp-content\/uploads\/2025\/10\/Adria-Sport-A_680_SK-4-768x1024.jpg 768w, https:\/\/mcautocaravanas.com\/wp-content\/uploads\/2025\/10\/Adria-Sport-A_680_SK-4-1152x1536.jpg 1152w, https:\/\/mcautocaravanas.com\/wp-content\/uploads\/2025\/10\/Adria-Sport-A_680_SK-4-9x12.jpg 9w, https:\/\/mcautocaravanas.com\/wp-content\/uploads\/2025\/10\/Adria-Sport-A_680_SK-4.jpg 1200w\" sizes=\"(max-width: 225px) 100vw, 225px\" \/>\n\t\t\t<\/div><\/figure><figure class='gallery-item'>\n\t\t\t<div class='gallery-icon portrait'>\n\t\t\t\t<img loading=\"lazy\" decoding=\"async\" width=\"225\" height=\"300\" src=\"https:\/\/mcautocaravanas.com\/wp-content\/uploads\/2025\/10\/Adria-Sport-A_680_SK-5-225x300.jpg\" class=\"attachment-medium size-medium\" alt=\"\" srcset=\"https:\/\/mcautocaravanas.com\/wp-content\/uploads\/2025\/10\/Adria-Sport-A_680_SK-5-225x300.jpg 225w, https:\/\/mcautocaravanas.com\/wp-content\/uploads\/2025\/10\/Adria-Sport-A_680_SK-5-768x1024.jpg 768w, https:\/\/mcautocaravanas.com\/wp-content\/uploads\/2025\/10\/Adria-Sport-A_680_SK-5-1152x1536.jpg 1152w, https:\/\/mcautocaravanas.com\/wp-content\/uploads\/2025\/10\/Adria-Sport-A_680_SK-5-9x12.jpg 9w, https:\/\/mcautocaravanas.com\/wp-content\/uploads\/2025\/10\/Adria-Sport-A_680_SK-5.jpg 1200w\" sizes=\"(max-width: 225px) 100vw, 225px\" \/>\n\t\t\t<\/div><\/figure><figure class='gallery-item'>\n\t\t\t<div class='gallery-icon portrait'>\n\t\t\t\t<img loading=\"lazy\" decoding=\"async\" width=\"225\" height=\"300\" src=\"https:\/\/mcautocaravanas.com\/wp-content\/uploads\/2025\/10\/Adria-Sport-A_680_SK-6-225x300.jpg\" class=\"attachment-medium size-medium\" alt=\"\" srcset=\"https:\/\/mcautocaravanas.com\/wp-content\/uploads\/2025\/10\/Adria-Sport-A_680_SK-6-225x300.jpg 225w, https:\/\/mcautocaravanas.com\/wp-content\/uploads\/2025\/10\/Adria-Sport-A_680_SK-6-768x1024.jpg 768w, https:\/\/mcautocaravanas.com\/wp-content\/uploads\/2025\/10\/Adria-Sport-A_680_SK-6-1152x1536.jpg 1152w, https:\/\/mcautocaravanas.com\/wp-content\/uploads\/2025\/10\/Adria-Sport-A_680_SK-6-9x12.jpg 9w, https:\/\/mcautocaravanas.com\/wp-content\/uploads\/2025\/10\/Adria-Sport-A_680_SK-6.jpg 1200w\" sizes=\"(max-width: 225px) 100vw, 225px\" \/>\n\t\t\t<\/div><\/figure><figure class='gallery-item'>\n\t\t\t<div class='gallery-icon portrait'>\n\t\t\t\t<img loading=\"lazy\" decoding=\"async\" width=\"225\" height=\"300\" src=\"https:\/\/mcautocaravanas.com\/wp-content\/uploads\/2025\/10\/Adria-Sport-A_680_SK-7-225x300.jpg\" class=\"attachment-medium size-medium\" alt=\"\" srcset=\"https:\/\/mcautocaravanas.com\/wp-content\/uploads\/2025\/10\/Adria-Sport-A_680_SK-7-225x300.jpg 225w, https:\/\/mcautocaravanas.com\/wp-content\/uploads\/2025\/10\/Adria-Sport-A_680_SK-7-768x1024.jpg 768w, https:\/\/mcautocaravanas.com\/wp-content\/uploads\/2025\/10\/Adria-Sport-A_680_SK-7-1152x1536.jpg 1152w, https:\/\/mcautocaravanas.com\/wp-content\/uploads\/2025\/10\/Adria-Sport-A_680_SK-7-9x12.jpg 9w, https:\/\/mcautocaravanas.com\/wp-content\/uploads\/2025\/10\/Adria-Sport-A_680_SK-7.jpg 1200w\" sizes=\"(max-width: 225px) 100vw, 225px\" \/>\n\t\t\t<\/div><\/figure><figure class='gallery-item'>\n\t\t\t<div class='gallery-icon portrait'>\n\t\t\t\t<img loading=\"lazy\" decoding=\"async\" width=\"225\" height=\"300\" src=\"https:\/\/mcautocaravanas.com\/wp-content\/uploads\/2025\/10\/Adria-Sport-A_680_SK-8-225x300.jpg\" class=\"attachment-medium size-medium\" alt=\"\" srcset=\"https:\/\/mcautocaravanas.com\/wp-content\/uploads\/2025\/10\/Adria-Sport-A_680_SK-8-225x300.jpg 225w, https:\/\/mcautocaravanas.com\/wp-content\/uploads\/2025\/10\/Adria-Sport-A_680_SK-8-768x1024.jpg 768w, https:\/\/mcautocaravanas.com\/wp-content\/uploads\/2025\/10\/Adria-Sport-A_680_SK-8-1152x1536.jpg 1152w, https:\/\/mcautocaravanas.com\/wp-content\/uploads\/2025\/10\/Adria-Sport-A_680_SK-8-9x12.jpg 9w, https:\/\/mcautocaravanas.com\/wp-content\/uploads\/2025\/10\/Adria-Sport-A_680_SK-8.jpg 1200w\" sizes=\"(max-width: 225px) 100vw, 225px\" \/>\n\t\t\t<\/div><\/figure><figure class='gallery-item'>\n\t\t\t<div class='gallery-icon portrait'>\n\t\t\t\t<img loading=\"lazy\" decoding=\"async\" width=\"225\" height=\"300\" src=\"https:\/\/mcautocaravanas.com\/wp-content\/uploads\/2025\/10\/Adria-Sport-A_680_SK-9-225x300.jpg\" class=\"attachment-medium size-medium\" alt=\"\" srcset=\"https:\/\/mcautocaravanas.com\/wp-content\/uploads\/2025\/10\/Adria-Sport-A_680_SK-9-225x300.jpg 225w, https:\/\/mcautocaravanas.com\/wp-content\/uploads\/2025\/10\/Adria-Sport-A_680_SK-9-768x1024.jpg 768w, https:\/\/mcautocaravanas.com\/wp-content\/uploads\/2025\/10\/Adria-Sport-A_680_SK-9-1152x1536.jpg 1152w, https:\/\/mcautocaravanas.com\/wp-content\/uploads\/2025\/10\/Adria-Sport-A_680_SK-9-9x12.jpg 9w, https:\/\/mcautocaravanas.com\/wp-content\/uploads\/2025\/10\/Adria-Sport-A_680_SK-9.jpg 1200w\" sizes=\"(max-width: 225px) 100vw, 225px\" \/>\n\t\t\t<\/div><\/figure><figure class='gallery-item'>\n\t\t\t<div class='gallery-icon portrait'>\n\t\t\t\t<img loading=\"lazy\" decoding=\"async\" width=\"225\" height=\"300\" src=\"https:\/\/mcautocaravanas.com\/wp-content\/uploads\/2025\/10\/Adria-Sport-A_680_SK-10-225x300.jpg\" class=\"attachment-medium size-medium\" alt=\"\" srcset=\"https:\/\/mcautocaravanas.com\/wp-content\/uploads\/2025\/10\/Adria-Sport-A_680_SK-10-225x300.jpg 225w, https:\/\/mcautocaravanas.com\/wp-content\/uploads\/2025\/10\/Adria-Sport-A_680_SK-10-768x1024.jpg 768w, https:\/\/mcautocaravanas.com\/wp-content\/uploads\/2025\/10\/Adria-Sport-A_680_SK-10-1152x1536.jpg 1152w, https:\/\/mcautocaravanas.com\/wp-content\/uploads\/2025\/10\/Adria-Sport-A_680_SK-10-9x12.jpg 9w, https:\/\/mcautocaravanas.com\/wp-content\/uploads\/2025\/10\/Adria-Sport-A_680_SK-10.jpg 1200w\" sizes=\"(max-width: 225px) 100vw, 225px\" \/>\n\t\t\t<\/div><\/figure><figure class='gallery-item'>\n\t\t\t<div class='gallery-icon portrait'>\n\t\t\t\t<img loading=\"lazy\" decoding=\"async\" width=\"225\" height=\"300\" src=\"https:\/\/mcautocaravanas.com\/wp-content\/uploads\/2025\/10\/Adria-Sport-A_680_SK-11-225x300.jpg\" class=\"attachment-medium size-medium\" alt=\"\" srcset=\"https:\/\/mcautocaravanas.com\/wp-content\/uploads\/2025\/10\/Adria-Sport-A_680_SK-11-225x300.jpg 225w, https:\/\/mcautocaravanas.com\/wp-content\/uploads\/2025\/10\/Adria-Sport-A_680_SK-11-768x1024.jpg 768w, https:\/\/mcautocaravanas.com\/wp-content\/uploads\/2025\/10\/Adria-Sport-A_680_SK-11-1152x1536.jpg 1152w, https:\/\/mcautocaravanas.com\/wp-content\/uploads\/2025\/10\/Adria-Sport-A_680_SK-11-9x12.jpg 9w, https:\/\/mcautocaravanas.com\/wp-content\/uploads\/2025\/10\/Adria-Sport-A_680_SK-11.jpg 1200w\" sizes=\"(max-width: 225px) 100vw, 225px\" \/>\n\t\t\t<\/div><\/figure><figure class='gallery-item'>\n\t\t\t<div class='gallery-icon portrait'>\n\t\t\t\t<img loading=\"lazy\" decoding=\"async\" width=\"225\" height=\"300\" src=\"https:\/\/mcautocaravanas.com\/wp-content\/uploads\/2025\/10\/Adria-Sport-A_680_SK-12-225x300.jpg\" class=\"attachment-medium size-medium\" alt=\"\" srcset=\"https:\/\/mcautocaravanas.com\/wp-content\/uploads\/2025\/10\/Adria-Sport-A_680_SK-12-225x300.jpg 225w, https:\/\/mcautocaravanas.com\/wp-content\/uploads\/2025\/10\/Adria-Sport-A_680_SK-12-768x1024.jpg 768w, https:\/\/mcautocaravanas.com\/wp-content\/uploads\/2025\/10\/Adria-Sport-A_680_SK-12-1152x1536.jpg 1152w, https:\/\/mcautocaravanas.com\/wp-content\/uploads\/2025\/10\/Adria-Sport-A_680_SK-12-9x12.jpg 9w, https:\/\/mcautocaravanas.com\/wp-content\/uploads\/2025\/10\/Adria-Sport-A_680_SK-12.jpg 1200w\" sizes=\"(max-width: 225px) 100vw, 225px\" \/>\n\t\t\t<\/div><\/figure><figure class='gallery-item'>\n\t\t\t<div class='gallery-icon portrait'>\n\t\t\t\t<img loading=\"lazy\" decoding=\"async\" width=\"225\" height=\"300\" src=\"https:\/\/mcautocaravanas.com\/wp-content\/uploads\/2025\/10\/Adria-Sport-A_680_SK-13-225x300.jpg\" class=\"attachment-medium size-medium\" alt=\"\" srcset=\"https:\/\/mcautocaravanas.com\/wp-content\/uploads\/2025\/10\/Adria-Sport-A_680_SK-13-225x300.jpg 225w, https:\/\/mcautocaravanas.com\/wp-content\/uploads\/2025\/10\/Adria-Sport-A_680_SK-13-768x1024.jpg 768w, https:\/\/mcautocaravanas.com\/wp-content\/uploads\/2025\/10\/Adria-Sport-A_680_SK-13-1152x1536.jpg 1152w, https:\/\/mcautocaravanas.com\/wp-content\/uploads\/2025\/10\/Adria-Sport-A_680_SK-13-9x12.jpg 9w, https:\/\/mcautocaravanas.com\/wp-content\/uploads\/2025\/10\/Adria-Sport-A_680_SK-13.jpg 1200w\" sizes=\"(max-width: 225px) 100vw, 225px\" \/>\n\t\t\t<\/div><\/figure><figure class='gallery-item'>\n\t\t\t<div class='gallery-icon portrait'>\n\t\t\t\t<img loading=\"lazy\" decoding=\"async\" width=\"225\" height=\"300\" src=\"https:\/\/mcautocaravanas.com\/wp-content\/uploads\/2025\/10\/Adria-Sport-A_680_SK-14-225x300.jpg\" class=\"attachment-medium size-medium\" alt=\"\" srcset=\"https:\/\/mcautocaravanas.com\/wp-content\/uploads\/2025\/10\/Adria-Sport-A_680_SK-14-225x300.jpg 225w, https:\/\/mcautocaravanas.com\/wp-content\/uploads\/2025\/10\/Adria-Sport-A_680_SK-14-768x1024.jpg 768w, https:\/\/mcautocaravanas.com\/wp-content\/uploads\/2025\/10\/Adria-Sport-A_680_SK-14-1152x1536.jpg 1152w, https:\/\/mcautocaravanas.com\/wp-content\/uploads\/2025\/10\/Adria-Sport-A_680_SK-14-9x12.jpg 9w, https:\/\/mcautocaravanas.com\/wp-content\/uploads\/2025\/10\/Adria-Sport-A_680_SK-14.jpg 1200w\" sizes=\"(max-width: 225px) 100vw, 225px\" \/>\n\t\t\t<\/div><\/figure><figure class='gallery-item'>\n\t\t\t<div class='gallery-icon portrait'>\n\t\t\t\t<img loading=\"lazy\" decoding=\"async\" width=\"225\" height=\"300\" src=\"https:\/\/mcautocaravanas.com\/wp-content\/uploads\/2025\/10\/Adria-Sport-A_680_SK-15-225x300.jpg\" class=\"attachment-medium size-medium\" alt=\"\" srcset=\"https:\/\/mcautocaravanas.com\/wp-content\/uploads\/2025\/10\/Adria-Sport-A_680_SK-15-225x300.jpg 225w, https:\/\/mcautocaravanas.com\/wp-content\/uploads\/2025\/10\/Adria-Sport-A_680_SK-15-768x1024.jpg 768w, https:\/\/mcautocaravanas.com\/wp-content\/uploads\/2025\/10\/Adria-Sport-A_680_SK-15-1152x1536.jpg 1152w, https:\/\/mcautocaravanas.com\/wp-content\/uploads\/2025\/10\/Adria-Sport-A_680_SK-15-9x12.jpg 9w, https:\/\/mcautocaravanas.com\/wp-content\/uploads\/2025\/10\/Adria-Sport-A_680_SK-15.jpg 1200w\" sizes=\"(max-width: 225px) 100vw, 225px\" \/>\n\t\t\t<\/div><\/figure><figure class='gallery-item'>\n\t\t\t<div class='gallery-icon portrait'>\n\t\t\t\t<img loading=\"lazy\" decoding=\"async\" width=\"225\" height=\"300\" src=\"https:\/\/mcautocaravanas.com\/wp-content\/uploads\/2025\/10\/Adria-Sport-A_680_SK-16-225x300.jpg\" class=\"attachment-medium size-medium\" alt=\"\" srcset=\"https:\/\/mcautocaravanas.com\/wp-content\/uploads\/2025\/10\/Adria-Sport-A_680_SK-16-225x300.jpg 225w, https:\/\/mcautocaravanas.com\/wp-content\/uploads\/2025\/10\/Adria-Sport-A_680_SK-16-768x1024.jpg 768w, https:\/\/mcautocaravanas.com\/wp-content\/uploads\/2025\/10\/Adria-Sport-A_680_SK-16-1152x1536.jpg 1152w, https:\/\/mcautocaravanas.com\/wp-content\/uploads\/2025\/10\/Adria-Sport-A_680_SK-16-9x12.jpg 9w, https:\/\/mcautocaravanas.com\/wp-content\/uploads\/2025\/10\/Adria-Sport-A_680_SK-16.jpg 1200w\" sizes=\"(max-width: 225px) 100vw, 225px\" \/>\n\t\t\t<\/div><\/figure><figure class='gallery-item'>\n\t\t\t<div class='gallery-icon portrait'>\n\t\t\t\t<img loading=\"lazy\" decoding=\"async\" width=\"225\" height=\"300\" src=\"https:\/\/mcautocaravanas.com\/wp-content\/uploads\/2025\/10\/Adria-Sport-A_680_SK-17-225x300.jpg\" class=\"attachment-medium size-medium\" alt=\"\" srcset=\"https:\/\/mcautocaravanas.com\/wp-content\/uploads\/2025\/10\/Adria-Sport-A_680_SK-17-225x300.jpg 225w, https:\/\/mcautocaravanas.com\/wp-content\/uploads\/2025\/10\/Adria-Sport-A_680_SK-17-768x1024.jpg 768w, https:\/\/mcautocaravanas.com\/wp-content\/uploads\/2025\/10\/Adria-Sport-A_680_SK-17-1152x1536.jpg 1152w, https:\/\/mcautocaravanas.com\/wp-content\/uploads\/2025\/10\/Adria-Sport-A_680_SK-17-9x12.jpg 9w, https:\/\/mcautocaravanas.com\/wp-content\/uploads\/2025\/10\/Adria-Sport-A_680_SK-17.jpg 1200w\" sizes=\"(max-width: 225px) 100vw, 225px\" \/>\n\t\t\t<\/div><\/figure><figure class='gallery-item'>\n\t\t\t<div class='gallery-icon portrait'>\n\t\t\t\t<img loading=\"lazy\" decoding=\"async\" width=\"225\" height=\"300\" src=\"https:\/\/mcautocaravanas.com\/wp-content\/uploads\/2025\/10\/Adria-Sport-A_680_SK-18-225x300.jpg\" class=\"attachment-medium size-medium\" alt=\"\" srcset=\"https:\/\/mcautocaravanas.com\/wp-content\/uploads\/2025\/10\/Adria-Sport-A_680_SK-18-225x300.jpg 225w, https:\/\/mcautocaravanas.com\/wp-content\/uploads\/2025\/10\/Adria-Sport-A_680_SK-18-768x1024.jpg 768w, https:\/\/mcautocaravanas.com\/wp-content\/uploads\/2025\/10\/Adria-Sport-A_680_SK-18-1152x1536.jpg 1152w, https:\/\/mcautocaravanas.com\/wp-content\/uploads\/2025\/10\/Adria-Sport-A_680_SK-18-9x12.jpg 9w, https:\/\/mcautocaravanas.com\/wp-content\/uploads\/2025\/10\/Adria-Sport-A_680_SK-18.jpg 1200w\" sizes=\"(max-width: 225px) 100vw, 225px\" \/>\n\t\t\t<\/div><\/figure><figure class='gallery-item'>\n\t\t\t<div class='gallery-icon portrait'>\n\t\t\t\t<img loading=\"lazy\" decoding=\"async\" width=\"225\" height=\"300\" src=\"https:\/\/mcautocaravanas.com\/wp-content\/uploads\/2025\/10\/Adria-Sport-A_680_SK-19-225x300.jpg\" class=\"attachment-medium size-medium\" alt=\"\" srcset=\"https:\/\/mcautocaravanas.com\/wp-content\/uploads\/2025\/10\/Adria-Sport-A_680_SK-19-225x300.jpg 225w, https:\/\/mcautocaravanas.com\/wp-content\/uploads\/2025\/10\/Adria-Sport-A_680_SK-19-768x1024.jpg 768w, https:\/\/mcautocaravanas.com\/wp-content\/uploads\/2025\/10\/Adria-Sport-A_680_SK-19-1152x1536.jpg 1152w, https:\/\/mcautocaravanas.com\/wp-content\/uploads\/2025\/10\/Adria-Sport-A_680_SK-19-9x12.jpg 9w, https:\/\/mcautocaravanas.com\/wp-content\/uploads\/2025\/10\/Adria-Sport-A_680_SK-19.jpg 1200w\" sizes=\"(max-width: 225px) 100vw, 225px\" \/>\n\t\t\t<\/div><\/figure><figure class='gallery-item'>\n\t\t\t<div class='gallery-icon portrait'>\n\t\t\t\t<img loading=\"lazy\" decoding=\"async\" width=\"225\" height=\"300\" src=\"https:\/\/mcautocaravanas.com\/wp-content\/uploads\/2025\/10\/Adria-Sport-A_680_SK-20-225x300.jpg\" class=\"attachment-medium size-medium\" alt=\"\" srcset=\"https:\/\/mcautocaravanas.com\/wp-content\/uploads\/2025\/10\/Adria-Sport-A_680_SK-20-225x300.jpg 225w, https:\/\/mcautocaravanas.com\/wp-content\/uploads\/2025\/10\/Adria-Sport-A_680_SK-20-768x1024.jpg 768w, https:\/\/mcautocaravanas.com\/wp-content\/uploads\/2025\/10\/Adria-Sport-A_680_SK-20-1152x1536.jpg 1152w, https:\/\/mcautocaravanas.com\/wp-content\/uploads\/2025\/10\/Adria-Sport-A_680_SK-20-9x12.jpg 9w, https:\/\/mcautocaravanas.com\/wp-content\/uploads\/2025\/10\/Adria-Sport-A_680_SK-20.jpg 1200w\" sizes=\"(max-width: 225px) 100vw, 225px\" \/>\n\t\t\t<\/div><\/figure><figure class='gallery-item'>\n\t\t\t<div class='gallery-icon portrait'>\n\t\t\t\t<img loading=\"lazy\" decoding=\"async\" width=\"225\" height=\"300\" src=\"https:\/\/mcautocaravanas.com\/wp-content\/uploads\/2025\/10\/Adria-Sport-A_680_SK-21-225x300.jpg\" class=\"attachment-medium size-medium\" alt=\"\" srcset=\"https:\/\/mcautocaravanas.com\/wp-content\/uploads\/2025\/10\/Adria-Sport-A_680_SK-21-225x300.jpg 225w, https:\/\/mcautocaravanas.com\/wp-content\/uploads\/2025\/10\/Adria-Sport-A_680_SK-21-768x1024.jpg 768w, https:\/\/mcautocaravanas.com\/wp-content\/uploads\/2025\/10\/Adria-Sport-A_680_SK-21-1152x1536.jpg 1152w, https:\/\/mcautocaravanas.com\/wp-content\/uploads\/2025\/10\/Adria-Sport-A_680_SK-21-9x12.jpg 9w, https:\/\/mcautocaravanas.com\/wp-content\/uploads\/2025\/10\/Adria-Sport-A_680_SK-21.jpg 1200w\" sizes=\"(max-width: 225px) 100vw, 225px\" \/>\n\t\t\t<\/div><\/figure><figure class='gallery-item'>\n\t\t\t<div class='gallery-icon portrait'>\n\t\t\t\t<img loading=\"lazy\" decoding=\"async\" width=\"225\" height=\"300\" src=\"https:\/\/mcautocaravanas.com\/wp-content\/uploads\/2025\/10\/Adria-Sport-A_680_SK-22-225x300.jpg\" class=\"attachment-medium size-medium\" alt=\"\" srcset=\"https:\/\/mcautocaravanas.com\/wp-content\/uploads\/2025\/10\/Adria-Sport-A_680_SK-22-225x300.jpg 225w, https:\/\/mcautocaravanas.com\/wp-content\/uploads\/2025\/10\/Adria-Sport-A_680_SK-22-768x1024.jpg 768w, https:\/\/mcautocaravanas.com\/wp-content\/uploads\/2025\/10\/Adria-Sport-A_680_SK-22-1152x1536.jpg 1152w, https:\/\/mcautocaravanas.com\/wp-content\/uploads\/2025\/10\/Adria-Sport-A_680_SK-22-9x12.jpg 9w, https:\/\/mcautocaravanas.com\/wp-content\/uploads\/2025\/10\/Adria-Sport-A_680_SK-22.jpg 1200w\" sizes=\"(max-width: 225px) 100vw, 225px\" \/>\n\t\t\t<\/div><\/figure><figure class='gallery-item'>\n\t\t\t<div class='gallery-icon portrait'>\n\t\t\t\t<img loading=\"lazy\" decoding=\"async\" width=\"225\" height=\"300\" src=\"https:\/\/mcautocaravanas.com\/wp-content\/uploads\/2025\/10\/Adria-Sport-A_680_SK-23-225x300.jpg\" class=\"attachment-medium size-medium\" alt=\"\" srcset=\"https:\/\/mcautocaravanas.com\/wp-content\/uploads\/2025\/10\/Adria-Sport-A_680_SK-23-225x300.jpg 225w, https:\/\/mcautocaravanas.com\/wp-content\/uploads\/2025\/10\/Adria-Sport-A_680_SK-23-768x1024.jpg 768w, https:\/\/mcautocaravanas.com\/wp-content\/uploads\/2025\/10\/Adria-Sport-A_680_SK-23-1152x1536.jpg 1152w, https:\/\/mcautocaravanas.com\/wp-content\/uploads\/2025\/10\/Adria-Sport-A_680_SK-23-9x12.jpg 9w, https:\/\/mcautocaravanas.com\/wp-content\/uploads\/2025\/10\/Adria-Sport-A_680_SK-23.jpg 1200w\" sizes=\"(max-width: 225px) 100vw, 225px\" \/>\n\t\t\t<\/div><\/figure><figure class='gallery-item'>\n\t\t\t<div class='gallery-icon portrait'>\n\t\t\t\t<img loading=\"lazy\" decoding=\"async\" width=\"225\" height=\"300\" src=\"https:\/\/mcautocaravanas.com\/wp-content\/uploads\/2025\/10\/Adria-Sport-A_680_SK-24-225x300.jpg\" class=\"attachment-medium size-medium\" alt=\"\" srcset=\"https:\/\/mcautocaravanas.com\/wp-content\/uploads\/2025\/10\/Adria-Sport-A_680_SK-24-225x300.jpg 225w, https:\/\/mcautocaravanas.com\/wp-content\/uploads\/2025\/10\/Adria-Sport-A_680_SK-24-768x1024.jpg 768w, https:\/\/mcautocaravanas.com\/wp-content\/uploads\/2025\/10\/Adria-Sport-A_680_SK-24-1152x1536.jpg 1152w, https:\/\/mcautocaravanas.com\/wp-content\/uploads\/2025\/10\/Adria-Sport-A_680_SK-24-9x12.jpg 9w, https:\/\/mcautocaravanas.com\/wp-content\/uploads\/2025\/10\/Adria-Sport-A_680_SK-24.jpg 1200w\" sizes=\"(max-width: 225px) 100vw, 225px\" \/>\n\t\t\t<\/div><\/figure><figure class='gallery-item'>\n\t\t\t<div class='gallery-icon portrait'>\n\t\t\t\t<img loading=\"lazy\" decoding=\"async\" width=\"225\" height=\"300\" src=\"https:\/\/mcautocaravanas.com\/wp-content\/uploads\/2025\/10\/Adria-Sport-A_680_SK-25-225x300.jpg\" class=\"attachment-medium size-medium\" alt=\"\" srcset=\"https:\/\/mcautocaravanas.com\/wp-content\/uploads\/2025\/10\/Adria-Sport-A_680_SK-25-225x300.jpg 225w, https:\/\/mcautocaravanas.com\/wp-content\/uploads\/2025\/10\/Adria-Sport-A_680_SK-25-768x1024.jpg 768w, https:\/\/mcautocaravanas.com\/wp-content\/uploads\/2025\/10\/Adria-Sport-A_680_SK-25-1152x1536.jpg 1152w, https:\/\/mcautocaravanas.com\/wp-content\/uploads\/2025\/10\/Adria-Sport-A_680_SK-25-9x12.jpg 9w, https:\/\/mcautocaravanas.com\/wp-content\/uploads\/2025\/10\/Adria-Sport-A_680_SK-25.jpg 1200w\" sizes=\"(max-width: 225px) 100vw, 225px\" \/>\n\t\t\t<\/div><\/figure><figure class='gallery-item'>\n\t\t\t<div class='gallery-icon portrait'>\n\t\t\t\t<img loading=\"lazy\" decoding=\"async\" width=\"225\" height=\"300\" src=\"https:\/\/mcautocaravanas.com\/wp-content\/uploads\/2025\/10\/Adria-Sport-A_680_SK-26-225x300.jpg\" class=\"attachment-medium size-medium\" alt=\"\" srcset=\"https:\/\/mcautocaravanas.com\/wp-content\/uploads\/2025\/10\/Adria-Sport-A_680_SK-26-225x300.jpg 225w, https:\/\/mcautocaravanas.com\/wp-content\/uploads\/2025\/10\/Adria-Sport-A_680_SK-26-768x1024.jpg 768w, https:\/\/mcautocaravanas.com\/wp-content\/uploads\/2025\/10\/Adria-Sport-A_680_SK-26-1152x1536.jpg 1152w, https:\/\/mcautocaravanas.com\/wp-content\/uploads\/2025\/10\/Adria-Sport-A_680_SK-26-9x12.jpg 9w, https:\/\/mcautocaravanas.com\/wp-content\/uploads\/2025\/10\/Adria-Sport-A_680_SK-26.jpg 1200w\" sizes=\"(max-width: 225px) 100vw, 225px\" \/>\n\t\t\t<\/div><\/figure><figure class='gallery-item'>\n\t\t\t<div class='gallery-icon portrait'>\n\t\t\t\t<img loading=\"lazy\" decoding=\"async\" width=\"225\" height=\"300\" src=\"https:\/\/mcautocaravanas.com\/wp-content\/uploads\/2025\/10\/Adria-Sport-A_680_SK-27-225x300.jpg\" class=\"attachment-medium size-medium\" alt=\"\" srcset=\"https:\/\/mcautocaravanas.com\/wp-content\/uploads\/2025\/10\/Adria-Sport-A_680_SK-27-225x300.jpg 225w, https:\/\/mcautocaravanas.com\/wp-content\/uploads\/2025\/10\/Adria-Sport-A_680_SK-27-768x1024.jpg 768w, https:\/\/mcautocaravanas.com\/wp-content\/uploads\/2025\/10\/Adria-Sport-A_680_SK-27-1152x1536.jpg 1152w, https:\/\/mcautocaravanas.com\/wp-content\/uploads\/2025\/10\/Adria-Sport-A_680_SK-27-9x12.jpg 9w, https:\/\/mcautocaravanas.com\/wp-content\/uploads\/2025\/10\/Adria-Sport-A_680_SK-27.jpg 1200w\" sizes=\"(max-width: 225px) 100vw, 225px\" \/>\n\t\t\t<\/div><\/figure><figure class='gallery-item'>\n\t\t\t<div class='gallery-icon portrait'>\n\t\t\t\t<img loading=\"lazy\" decoding=\"async\" width=\"225\" height=\"300\" src=\"https:\/\/mcautocaravanas.com\/wp-content\/uploads\/2025\/10\/Adria-Sport-A_680_SK-28-225x300.jpg\" class=\"attachment-medium size-medium\" alt=\"\" srcset=\"https:\/\/mcautocaravanas.com\/wp-content\/uploads\/2025\/10\/Adria-Sport-A_680_SK-28-225x300.jpg 225w, https:\/\/mcautocaravanas.com\/wp-content\/uploads\/2025\/10\/Adria-Sport-A_680_SK-28-768x1024.jpg 768w, https:\/\/mcautocaravanas.com\/wp-content\/uploads\/2025\/10\/Adria-Sport-A_680_SK-28-1152x1536.jpg 1152w, https:\/\/mcautocaravanas.com\/wp-content\/uploads\/2025\/10\/Adria-Sport-A_680_SK-28-9x12.jpg 9w, https:\/\/mcautocaravanas.com\/wp-content\/uploads\/2025\/10\/Adria-Sport-A_680_SK-28.jpg 1200w\" sizes=\"(max-width: 225px) 100vw, 225px\" \/>\n\t\t\t<\/div><\/figure><figure class='gallery-item'>\n\t\t\t<div class='gallery-icon portrait'>\n\t\t\t\t<img loading=\"lazy\" decoding=\"async\" width=\"225\" height=\"300\" src=\"https:\/\/mcautocaravanas.com\/wp-content\/uploads\/2025\/10\/Adria-Sport-A_680_SK-29-225x300.jpg\" class=\"attachment-medium size-medium\" alt=\"\" srcset=\"https:\/\/mcautocaravanas.com\/wp-content\/uploads\/2025\/10\/Adria-Sport-A_680_SK-29-225x300.jpg 225w, https:\/\/mcautocaravanas.com\/wp-content\/uploads\/2025\/10\/Adria-Sport-A_680_SK-29-768x1024.jpg 768w, https:\/\/mcautocaravanas.com\/wp-content\/uploads\/2025\/10\/Adria-Sport-A_680_SK-29-1152x1536.jpg 1152w, https:\/\/mcautocaravanas.com\/wp-content\/uploads\/2025\/10\/Adria-Sport-A_680_SK-29-9x12.jpg 9w, https:\/\/mcautocaravanas.com\/wp-content\/uploads\/2025\/10\/Adria-Sport-A_680_SK-29.jpg 1200w\" sizes=\"(max-width: 225px) 100vw, 225px\" \/>\n\t\t\t<\/div><\/figure><figure class='gallery-item'>\n\t\t\t<div class='gallery-icon portrait'>\n\t\t\t\t<img loading=\"lazy\" decoding=\"async\" width=\"225\" height=\"300\" src=\"https:\/\/mcautocaravanas.com\/wp-content\/uploads\/2025\/10\/Adria-Sport-A_680_SK-30-225x300.jpg\" class=\"attachment-medium size-medium\" alt=\"\" srcset=\"https:\/\/mcautocaravanas.com\/wp-content\/uploads\/2025\/10\/Adria-Sport-A_680_SK-30-225x300.jpg 225w, https:\/\/mcautocaravanas.com\/wp-content\/uploads\/2025\/10\/Adria-Sport-A_680_SK-30-768x1024.jpg 768w, https:\/\/mcautocaravanas.com\/wp-content\/uploads\/2025\/10\/Adria-Sport-A_680_SK-30-1152x1536.jpg 1152w, https:\/\/mcautocaravanas.com\/wp-content\/uploads\/2025\/10\/Adria-Sport-A_680_SK-30-9x12.jpg 9w, https:\/\/mcautocaravanas.com\/wp-content\/uploads\/2025\/10\/Adria-Sport-A_680_SK-30.jpg 1200w\" sizes=\"(max-width: 225px) 100vw, 225px\" \/>\n\t\t\t<\/div><\/figure><figure class='gallery-item'>\n\t\t\t<div class='gallery-icon portrait'>\n\t\t\t\t<img loading=\"lazy\" decoding=\"async\" width=\"225\" height=\"300\" src=\"https:\/\/mcautocaravanas.com\/wp-content\/uploads\/2025\/10\/Adria-Sport-A_680_SK-31-225x300.jpg\" class=\"attachment-medium size-medium\" alt=\"\" srcset=\"https:\/\/mcautocaravanas.com\/wp-content\/uploads\/2025\/10\/Adria-Sport-A_680_SK-31-225x300.jpg 225w, https:\/\/mcautocaravanas.com\/wp-content\/uploads\/2025\/10\/Adria-Sport-A_680_SK-31-768x1024.jpg 768w, https:\/\/mcautocaravanas.com\/wp-content\/uploads\/2025\/10\/Adria-Sport-A_680_SK-31-1152x1536.jpg 1152w, https:\/\/mcautocaravanas.com\/wp-content\/uploads\/2025\/10\/Adria-Sport-A_680_SK-31-9x12.jpg 9w, https:\/\/mcautocaravanas.com\/wp-content\/uploads\/2025\/10\/Adria-Sport-A_680_SK-31.jpg 1200w\" sizes=\"(max-width: 225px) 100vw, 225px\" \/>\n\t\t\t<\/div><\/figure><figure class='gallery-item'>\n\t\t\t<div class='gallery-icon portrait'>\n\t\t\t\t<img loading=\"lazy\" decoding=\"async\" width=\"225\" height=\"300\" src=\"https:\/\/mcautocaravanas.com\/wp-content\/uploads\/2025\/10\/Adria-Sport-A_680_SK-32-225x300.jpg\" class=\"attachment-medium size-medium\" alt=\"\" srcset=\"https:\/\/mcautocaravanas.com\/wp-content\/uploads\/2025\/10\/Adria-Sport-A_680_SK-32-225x300.jpg 225w, https:\/\/mcautocaravanas.com\/wp-content\/uploads\/2025\/10\/Adria-Sport-A_680_SK-32-768x1024.jpg 768w, https:\/\/mcautocaravanas.com\/wp-content\/uploads\/2025\/10\/Adria-Sport-A_680_SK-32-1152x1536.jpg 1152w, https:\/\/mcautocaravanas.com\/wp-content\/uploads\/2025\/10\/Adria-Sport-A_680_SK-32-9x12.jpg 9w, https:\/\/mcautocaravanas.com\/wp-content\/uploads\/2025\/10\/Adria-Sport-A_680_SK-32.jpg 1200w\" sizes=\"(max-width: 225px) 100vw, 225px\" \/>\n\t\t\t<\/div><\/figure><figure class='gallery-item'>\n\t\t\t<div class='gallery-icon portrait'>\n\t\t\t\t<img loading=\"lazy\" decoding=\"async\" width=\"225\" height=\"300\" src=\"https:\/\/mcautocaravanas.com\/wp-content\/uploads\/2025\/10\/Adria-Sport-A_680_SK-33-225x300.jpg\" class=\"attachment-medium size-medium\" alt=\"\" srcset=\"https:\/\/mcautocaravanas.com\/wp-content\/uploads\/2025\/10\/Adria-Sport-A_680_SK-33-225x300.jpg 225w, https:\/\/mcautocaravanas.com\/wp-content\/uploads\/2025\/10\/Adria-Sport-A_680_SK-33-768x1024.jpg 768w, https:\/\/mcautocaravanas.com\/wp-content\/uploads\/2025\/10\/Adria-Sport-A_680_SK-33-1152x1536.jpg 1152w, https:\/\/mcautocaravanas.com\/wp-content\/uploads\/2025\/10\/Adria-Sport-A_680_SK-33-9x12.jpg 9w, https:\/\/mcautocaravanas.com\/wp-content\/uploads\/2025\/10\/Adria-Sport-A_680_SK-33.jpg 1200w\" sizes=\"(max-width: 225px) 100vw, 225px\" \/>\n\t\t\t<\/div><\/figure><figure class='gallery-item'>\n\t\t\t<div class='gallery-icon portrait'>\n\t\t\t\t<img loading=\"lazy\" decoding=\"async\" width=\"225\" height=\"300\" src=\"https:\/\/mcautocaravanas.com\/wp-content\/uploads\/2025\/10\/Adria-Sport-A_680_SK-34-225x300.jpg\" class=\"attachment-medium size-medium\" alt=\"\" srcset=\"https:\/\/mcautocaravanas.com\/wp-content\/uploads\/2025\/10\/Adria-Sport-A_680_SK-34-225x300.jpg 225w, https:\/\/mcautocaravanas.com\/wp-content\/uploads\/2025\/10\/Adria-Sport-A_680_SK-34-768x1024.jpg 768w, https:\/\/mcautocaravanas.com\/wp-content\/uploads\/2025\/10\/Adria-Sport-A_680_SK-34-1152x1536.jpg 1152w, https:\/\/mcautocaravanas.com\/wp-content\/uploads\/2025\/10\/Adria-Sport-A_680_SK-34-9x12.jpg 9w, https:\/\/mcautocaravanas.com\/wp-content\/uploads\/2025\/10\/Adria-Sport-A_680_SK-34.jpg 1200w\" sizes=\"(max-width: 225px) 100vw, 225px\" \/>\n\t\t\t<\/div><\/figure><figure class='gallery-item'>\n\t\t\t<div class='gallery-icon portrait'>\n\t\t\t\t<img loading=\"lazy\" decoding=\"async\" width=\"225\" height=\"300\" src=\"https:\/\/mcautocaravanas.com\/wp-content\/uploads\/2025\/10\/Adria-Sport-A_680_SK-35-225x300.jpg\" class=\"attachment-medium size-medium\" alt=\"\" srcset=\"https:\/\/mcautocaravanas.com\/wp-content\/uploads\/2025\/10\/Adria-Sport-A_680_SK-35-225x300.jpg 225w, https:\/\/mcautocaravanas.com\/wp-content\/uploads\/2025\/10\/Adria-Sport-A_680_SK-35-768x1024.jpg 768w, https:\/\/mcautocaravanas.com\/wp-content\/uploads\/2025\/10\/Adria-Sport-A_680_SK-35-1152x1536.jpg 1152w, https:\/\/mcautocaravanas.com\/wp-content\/uploads\/2025\/10\/Adria-Sport-A_680_SK-35-9x12.jpg 9w, https:\/\/mcautocaravanas.com\/wp-content\/uploads\/2025\/10\/Adria-Sport-A_680_SK-35.jpg 1200w\" sizes=\"(max-width: 225px) 100vw, 225px\" \/>\n\t\t\t<\/div><\/figure><figure class='gallery-item'>\n\t\t\t<div class='gallery-icon portrait'>\n\t\t\t\t<img loading=\"lazy\" decoding=\"async\" width=\"225\" height=\"300\" src=\"https:\/\/mcautocaravanas.com\/wp-content\/uploads\/2025\/10\/Adria-Sport-A_680_SK-36-225x300.jpg\" class=\"attachment-medium size-medium\" alt=\"\" srcset=\"https:\/\/mcautocaravanas.com\/wp-content\/uploads\/2025\/10\/Adria-Sport-A_680_SK-36-225x300.jpg 225w, https:\/\/mcautocaravanas.com\/wp-content\/uploads\/2025\/10\/Adria-Sport-A_680_SK-36-768x1024.jpg 768w, https:\/\/mcautocaravanas.com\/wp-content\/uploads\/2025\/10\/Adria-Sport-A_680_SK-36-1152x1536.jpg 1152w, https:\/\/mcautocaravanas.com\/wp-content\/uploads\/2025\/10\/Adria-Sport-A_680_SK-36-9x12.jpg 9w, https:\/\/mcautocaravanas.com\/wp-content\/uploads\/2025\/10\/Adria-Sport-A_680_SK-36.jpg 1200w\" sizes=\"(max-width: 225px) 100vw, 225px\" \/>\n\t\t\t<\/div><\/figure><figure class='gallery-item'>\n\t\t\t<div class='gallery-icon portrait'>\n\t\t\t\t<img loading=\"lazy\" decoding=\"async\" width=\"225\" height=\"300\" src=\"https:\/\/mcautocaravanas.com\/wp-content\/uploads\/2025\/10\/Adria-Sport-A_680_SK-37-225x300.jpg\" class=\"attachment-medium size-medium\" alt=\"\" srcset=\"https:\/\/mcautocaravanas.com\/wp-content\/uploads\/2025\/10\/Adria-Sport-A_680_SK-37-225x300.jpg 225w, https:\/\/mcautocaravanas.com\/wp-content\/uploads\/2025\/10\/Adria-Sport-A_680_SK-37-768x1024.jpg 768w, https:\/\/mcautocaravanas.com\/wp-content\/uploads\/2025\/10\/Adria-Sport-A_680_SK-37-1152x1536.jpg 1152w, https:\/\/mcautocaravanas.com\/wp-content\/uploads\/2025\/10\/Adria-Sport-A_680_SK-37-9x12.jpg 9w, https:\/\/mcautocaravanas.com\/wp-content\/uploads\/2025\/10\/Adria-Sport-A_680_SK-37.jpg 1200w\" sizes=\"(max-width: 225px) 100vw, 225px\" \/>\n\t\t\t<\/div><\/figure><figure class='gallery-item'>\n\t\t\t<div class='gallery-icon portrait'>\n\t\t\t\t<img loading=\"lazy\" decoding=\"async\" width=\"225\" height=\"300\" src=\"https:\/\/mcautocaravanas.com\/wp-content\/uploads\/2025\/10\/Adria-Sport-A_680_SK-38-225x300.jpg\" class=\"attachment-medium size-medium\" alt=\"\" srcset=\"https:\/\/mcautocaravanas.com\/wp-content\/uploads\/2025\/10\/Adria-Sport-A_680_SK-38-225x300.jpg 225w, https:\/\/mcautocaravanas.com\/wp-content\/uploads\/2025\/10\/Adria-Sport-A_680_SK-38-768x1024.jpg 768w, https:\/\/mcautocaravanas.com\/wp-content\/uploads\/2025\/10\/Adria-Sport-A_680_SK-38-1152x1536.jpg 1152w, https:\/\/mcautocaravanas.com\/wp-content\/uploads\/2025\/10\/Adria-Sport-A_680_SK-38-9x12.jpg 9w, https:\/\/mcautocaravanas.com\/wp-content\/uploads\/2025\/10\/Adria-Sport-A_680_SK-38.jpg 1200w\" sizes=\"(max-width: 225px) 100vw, 225px\" \/>\n\t\t\t<\/div><\/figure><figure class='gallery-item'>\n\t\t\t<div class='gallery-icon portrait'>\n\t\t\t\t<img loading=\"lazy\" decoding=\"async\" width=\"225\" height=\"300\" src=\"https:\/\/mcautocaravanas.com\/wp-content\/uploads\/2025\/10\/Adria-Sport-A_680_SK-39-225x300.jpg\" class=\"attachment-medium size-medium\" alt=\"\" srcset=\"https:\/\/mcautocaravanas.com\/wp-content\/uploads\/2025\/10\/Adria-Sport-A_680_SK-39-225x300.jpg 225w, https:\/\/mcautocaravanas.com\/wp-content\/uploads\/2025\/10\/Adria-Sport-A_680_SK-39-768x1024.jpg 768w, https:\/\/mcautocaravanas.com\/wp-content\/uploads\/2025\/10\/Adria-Sport-A_680_SK-39-1152x1536.jpg 1152w, https:\/\/mcautocaravanas.com\/wp-content\/uploads\/2025\/10\/Adria-Sport-A_680_SK-39-9x12.jpg 9w, https:\/\/mcautocaravanas.com\/wp-content\/uploads\/2025\/10\/Adria-Sport-A_680_SK-39.jpg 1200w\" sizes=\"(max-width: 225px) 100vw, 225px\" \/>\n\t\t\t<\/div><\/figure><figure class='gallery-item'>\n\t\t\t<div class='gallery-icon portrait'>\n\t\t\t\t<img loading=\"lazy\" decoding=\"async\" width=\"225\" height=\"300\" src=\"https:\/\/mcautocaravanas.com\/wp-content\/uploads\/2025\/10\/Adria-Sport-A_680_SK-40-225x300.jpg\" class=\"attachment-medium size-medium\" alt=\"\" srcset=\"https:\/\/mcautocaravanas.com\/wp-content\/uploads\/2025\/10\/Adria-Sport-A_680_SK-40-225x300.jpg 225w, https:\/\/mcautocaravanas.com\/wp-content\/uploads\/2025\/10\/Adria-Sport-A_680_SK-40-768x1024.jpg 768w, https:\/\/mcautocaravanas.com\/wp-content\/uploads\/2025\/10\/Adria-Sport-A_680_SK-40-1152x1536.jpg 1152w, https:\/\/mcautocaravanas.com\/wp-content\/uploads\/2025\/10\/Adria-Sport-A_680_SK-40-9x12.jpg 9w, https:\/\/mcautocaravanas.com\/wp-content\/uploads\/2025\/10\/Adria-Sport-A_680_SK-40.jpg 1200w\" sizes=\"(max-width: 225px) 100vw, 225px\" \/>\n\t\t\t<\/div><\/figure><figure class='gallery-item'>\n\t\t\t<div class='gallery-icon portrait'>\n\t\t\t\t<img loading=\"lazy\" decoding=\"async\" width=\"225\" height=\"300\" src=\"https:\/\/mcautocaravanas.com\/wp-content\/uploads\/2025\/10\/Adria-Sport-A_680_SK-41-225x300.jpg\" class=\"attachment-medium size-medium\" alt=\"\" srcset=\"https:\/\/mcautocaravanas.com\/wp-content\/uploads\/2025\/10\/Adria-Sport-A_680_SK-41-225x300.jpg 225w, https:\/\/mcautocaravanas.com\/wp-content\/uploads\/2025\/10\/Adria-Sport-A_680_SK-41-768x1024.jpg 768w, https:\/\/mcautocaravanas.com\/wp-content\/uploads\/2025\/10\/Adria-Sport-A_680_SK-41-1152x1536.jpg 1152w, https:\/\/mcautocaravanas.com\/wp-content\/uploads\/2025\/10\/Adria-Sport-A_680_SK-41-9x12.jpg 9w, https:\/\/mcautocaravanas.com\/wp-content\/uploads\/2025\/10\/Adria-Sport-A_680_SK-41.jpg 1200w\" sizes=\"(max-width: 225px) 100vw, 225px\" \/>\n\t\t\t<\/div><\/figure><figure class='gallery-item'>\n\t\t\t<div class='gallery-icon portrait'>\n\t\t\t\t<img loading=\"lazy\" decoding=\"async\" width=\"225\" height=\"300\" src=\"https:\/\/mcautocaravanas.com\/wp-content\/uploads\/2025\/10\/Adria-Sport-A_680_SK-42-225x300.jpg\" class=\"attachment-medium size-medium\" alt=\"\" srcset=\"https:\/\/mcautocaravanas.com\/wp-content\/uploads\/2025\/10\/Adria-Sport-A_680_SK-42-225x300.jpg 225w, https:\/\/mcautocaravanas.com\/wp-content\/uploads\/2025\/10\/Adria-Sport-A_680_SK-42-768x1024.jpg 768w, https:\/\/mcautocaravanas.com\/wp-content\/uploads\/2025\/10\/Adria-Sport-A_680_SK-42-1152x1536.jpg 1152w, https:\/\/mcautocaravanas.com\/wp-content\/uploads\/2025\/10\/Adria-Sport-A_680_SK-42-9x12.jpg 9w, https:\/\/mcautocaravanas.com\/wp-content\/uploads\/2025\/10\/Adria-Sport-A_680_SK-42.jpg 1200w\" sizes=\"(max-width: 225px) 100vw, 225px\" \/>\n\t\t\t<\/div><\/figure><figure class='gallery-item'>\n\t\t\t<div class='gallery-icon portrait'>\n\t\t\t\t<img loading=\"lazy\" decoding=\"async\" width=\"225\" height=\"300\" src=\"https:\/\/mcautocaravanas.com\/wp-content\/uploads\/2025\/10\/Adria-Sport-A_680_SK-43-225x300.jpg\" class=\"attachment-medium size-medium\" alt=\"\" srcset=\"https:\/\/mcautocaravanas.com\/wp-content\/uploads\/2025\/10\/Adria-Sport-A_680_SK-43-225x300.jpg 225w, https:\/\/mcautocaravanas.com\/wp-content\/uploads\/2025\/10\/Adria-Sport-A_680_SK-43-768x1024.jpg 768w, https:\/\/mcautocaravanas.com\/wp-content\/uploads\/2025\/10\/Adria-Sport-A_680_SK-43-1152x1536.jpg 1152w, https:\/\/mcautocaravanas.com\/wp-content\/uploads\/2025\/10\/Adria-Sport-A_680_SK-43-9x12.jpg 9w, https:\/\/mcautocaravanas.com\/wp-content\/uploads\/2025\/10\/Adria-Sport-A_680_SK-43.jpg 1200w\" sizes=\"(max-width: 225px) 100vw, 225px\" \/>\n\t\t\t<\/div><\/figure><figure class='gallery-item'>\n\t\t\t<div class='gallery-icon portrait'>\n\t\t\t\t<img loading=\"lazy\" decoding=\"async\" width=\"225\" height=\"300\" src=\"https:\/\/mcautocaravanas.com\/wp-content\/uploads\/2025\/10\/Adria-Sport-A_680_SK-44-225x300.jpg\" class=\"attachment-medium size-medium\" alt=\"\" srcset=\"https:\/\/mcautocaravanas.com\/wp-content\/uploads\/2025\/10\/Adria-Sport-A_680_SK-44-225x300.jpg 225w, https:\/\/mcautocaravanas.com\/wp-content\/uploads\/2025\/10\/Adria-Sport-A_680_SK-44-768x1024.jpg 768w, https:\/\/mcautocaravanas.com\/wp-content\/uploads\/2025\/10\/Adria-Sport-A_680_SK-44-1152x1536.jpg 1152w, https:\/\/mcautocaravanas.com\/wp-content\/uploads\/2025\/10\/Adria-Sport-A_680_SK-44-9x12.jpg 9w, https:\/\/mcautocaravanas.com\/wp-content\/uploads\/2025\/10\/Adria-Sport-A_680_SK-44.jpg 1200w\" sizes=\"(max-width: 225px) 100vw, 225px\" \/>\n\t\t\t<\/div><\/figure><figure class='gallery-item'>\n\t\t\t<div class='gallery-icon portrait'>\n\t\t\t\t<img loading=\"lazy\" decoding=\"async\" width=\"225\" height=\"300\" src=\"https:\/\/mcautocaravanas.com\/wp-content\/uploads\/2025\/10\/Adria-Sport-A_680_SK-45-225x300.jpg\" class=\"attachment-medium size-medium\" alt=\"\" srcset=\"https:\/\/mcautocaravanas.com\/wp-content\/uploads\/2025\/10\/Adria-Sport-A_680_SK-45-225x300.jpg 225w, https:\/\/mcautocaravanas.com\/wp-content\/uploads\/2025\/10\/Adria-Sport-A_680_SK-45-768x1024.jpg 768w, https:\/\/mcautocaravanas.com\/wp-content\/uploads\/2025\/10\/Adria-Sport-A_680_SK-45-1152x1536.jpg 1152w, https:\/\/mcautocaravanas.com\/wp-content\/uploads\/2025\/10\/Adria-Sport-A_680_SK-45-9x12.jpg 9w, https:\/\/mcautocaravanas.com\/wp-content\/uploads\/2025\/10\/Adria-Sport-A_680_SK-45.jpg 1200w\" sizes=\"(max-width: 225px) 100vw, 225px\" \/>\n\t\t\t<\/div><\/figure><figure class='gallery-item'>\n\t\t\t<div class='gallery-icon portrait'>\n\t\t\t\t<img loading=\"lazy\" decoding=\"async\" width=\"225\" height=\"300\" src=\"https:\/\/mcautocaravanas.com\/wp-content\/uploads\/2025\/10\/Adria-Sport-A_680_SK-46-225x300.jpg\" class=\"attachment-medium size-medium\" alt=\"\" srcset=\"https:\/\/mcautocaravanas.com\/wp-content\/uploads\/2025\/10\/Adria-Sport-A_680_SK-46-225x300.jpg 225w, https:\/\/mcautocaravanas.com\/wp-content\/uploads\/2025\/10\/Adria-Sport-A_680_SK-46-768x1024.jpg 768w, https:\/\/mcautocaravanas.com\/wp-content\/uploads\/2025\/10\/Adria-Sport-A_680_SK-46-1152x1536.jpg 1152w, https:\/\/mcautocaravanas.com\/wp-content\/uploads\/2025\/10\/Adria-Sport-A_680_SK-46-9x12.jpg 9w, https:\/\/mcautocaravanas.com\/wp-content\/uploads\/2025\/10\/Adria-Sport-A_680_SK-46.jpg 1200w\" sizes=\"(max-width: 225px) 100vw, 225px\" \/>\n\t\t\t<\/div><\/figure><figure class='gallery-item'>\n\t\t\t<div class='gallery-icon portrait'>\n\t\t\t\t<img loading=\"lazy\" decoding=\"async\" width=\"225\" height=\"300\" src=\"https:\/\/mcautocaravanas.com\/wp-content\/uploads\/2025\/10\/Adria-Sport-A_680_SK-47-225x300.jpg\" class=\"attachment-medium size-medium\" alt=\"\" srcset=\"https:\/\/mcautocaravanas.com\/wp-content\/uploads\/2025\/10\/Adria-Sport-A_680_SK-47-225x300.jpg 225w, https:\/\/mcautocaravanas.com\/wp-content\/uploads\/2025\/10\/Adria-Sport-A_680_SK-47-768x1024.jpg 768w, https:\/\/mcautocaravanas.com\/wp-content\/uploads\/2025\/10\/Adria-Sport-A_680_SK-47-1152x1536.jpg 1152w, https:\/\/mcautocaravanas.com\/wp-content\/uploads\/2025\/10\/Adria-Sport-A_680_SK-47-9x12.jpg 9w, https:\/\/mcautocaravanas.com\/wp-content\/uploads\/2025\/10\/Adria-Sport-A_680_SK-47.jpg 1200w\" sizes=\"(max-width: 225px) 100vw, 225px\" \/>\n\t\t\t<\/div><\/figure><figure class='gallery-item'>\n\t\t\t<div class='gallery-icon portrait'>\n\t\t\t\t<img loading=\"lazy\" decoding=\"async\" width=\"225\" height=\"300\" src=\"https:\/\/mcautocaravanas.com\/wp-content\/uploads\/2025\/10\/Adria-Sport-A_680_SK-48-225x300.jpg\" class=\"attachment-medium size-medium\" alt=\"\" srcset=\"https:\/\/mcautocaravanas.com\/wp-content\/uploads\/2025\/10\/Adria-Sport-A_680_SK-48-225x300.jpg 225w, https:\/\/mcautocaravanas.com\/wp-content\/uploads\/2025\/10\/Adria-Sport-A_680_SK-48-768x1024.jpg 768w, https:\/\/mcautocaravanas.com\/wp-content\/uploads\/2025\/10\/Adria-Sport-A_680_SK-48-1152x1536.jpg 1152w, https:\/\/mcautocaravanas.com\/wp-content\/uploads\/2025\/10\/Adria-Sport-A_680_SK-48-9x12.jpg 9w, https:\/\/mcautocaravanas.com\/wp-content\/uploads\/2025\/10\/Adria-Sport-A_680_SK-48.jpg 1200w\" sizes=\"(max-width: 225px) 100vw, 225px\" \/>\n\t\t\t<\/div><\/figure><figure class='gallery-item'>\n\t\t\t<div class='gallery-icon portrait'>\n\t\t\t\t<img loading=\"lazy\" decoding=\"async\" width=\"225\" height=\"300\" src=\"https:\/\/mcautocaravanas.com\/wp-content\/uploads\/2025\/10\/Adria-Sport-A_680_SK-49-225x300.jpg\" class=\"attachment-medium size-medium\" alt=\"\" srcset=\"https:\/\/mcautocaravanas.com\/wp-content\/uploads\/2025\/10\/Adria-Sport-A_680_SK-49-225x300.jpg 225w, https:\/\/mcautocaravanas.com\/wp-content\/uploads\/2025\/10\/Adria-Sport-A_680_SK-49-768x1024.jpg 768w, https:\/\/mcautocaravanas.com\/wp-content\/uploads\/2025\/10\/Adria-Sport-A_680_SK-49-1152x1536.jpg 1152w, https:\/\/mcautocaravanas.com\/wp-content\/uploads\/2025\/10\/Adria-Sport-A_680_SK-49-9x12.jpg 9w, https:\/\/mcautocaravanas.com\/wp-content\/uploads\/2025\/10\/Adria-Sport-A_680_SK-49.jpg 1200w\" sizes=\"(max-width: 225px) 100vw, 225px\" \/>\n\t\t\t<\/div><\/figure><figure class='gallery-item'>\n\t\t\t<div class='gallery-icon portrait'>\n\t\t\t\t<img loading=\"lazy\" decoding=\"async\" width=\"225\" height=\"300\" src=\"https:\/\/mcautocaravanas.com\/wp-content\/uploads\/2025\/10\/Adria-Sport-A_680_SK-50-225x300.jpg\" class=\"attachment-medium size-medium\" alt=\"\" srcset=\"https:\/\/mcautocaravanas.com\/wp-content\/uploads\/2025\/10\/Adria-Sport-A_680_SK-50-225x300.jpg 225w, https:\/\/mcautocaravanas.com\/wp-content\/uploads\/2025\/10\/Adria-Sport-A_680_SK-50-768x1024.jpg 768w, https:\/\/mcautocaravanas.com\/wp-content\/uploads\/2025\/10\/Adria-Sport-A_680_SK-50-1152x1536.jpg 1152w, https:\/\/mcautocaravanas.com\/wp-content\/uploads\/2025\/10\/Adria-Sport-A_680_SK-50-9x12.jpg 9w, https:\/\/mcautocaravanas.com\/wp-content\/uploads\/2025\/10\/Adria-Sport-A_680_SK-50.jpg 1200w\" sizes=\"(max-width: 225px) 100vw, 225px\" \/>\n\t\t\t<\/div><\/figure><figure class='gallery-item'>\n\t\t\t<div class='gallery-icon portrait'>\n\t\t\t\t<img loading=\"lazy\" decoding=\"async\" width=\"225\" height=\"300\" src=\"https:\/\/mcautocaravanas.com\/wp-content\/uploads\/2025\/10\/Adria-Sport-A_680_SK-51-225x300.jpg\" class=\"attachment-medium size-medium\" alt=\"\" srcset=\"https:\/\/mcautocaravanas.com\/wp-content\/uploads\/2025\/10\/Adria-Sport-A_680_SK-51-225x300.jpg 225w, https:\/\/mcautocaravanas.com\/wp-content\/uploads\/2025\/10\/Adria-Sport-A_680_SK-51-768x1024.jpg 768w, https:\/\/mcautocaravanas.com\/wp-content\/uploads\/2025\/10\/Adria-Sport-A_680_SK-51-1152x1536.jpg 1152w, https:\/\/mcautocaravanas.com\/wp-content\/uploads\/2025\/10\/Adria-Sport-A_680_SK-51-9x12.jpg 9w, https:\/\/mcautocaravanas.com\/wp-content\/uploads\/2025\/10\/Adria-Sport-A_680_SK-51.jpg 1200w\" sizes=\"(max-width: 225px) 100vw, 225px\" \/>\n\t\t\t<\/div><\/figure><figure class='gallery-item'>\n\t\t\t<div class='gallery-icon portrait'>\n\t\t\t\t<img loading=\"lazy\" decoding=\"async\" width=\"225\" height=\"300\" src=\"https:\/\/mcautocaravanas.com\/wp-content\/uploads\/2025\/10\/Adria-Sport-A_680_SK-52-225x300.jpg\" class=\"attachment-medium size-medium\" alt=\"\" srcset=\"https:\/\/mcautocaravanas.com\/wp-content\/uploads\/2025\/10\/Adria-Sport-A_680_SK-52-225x300.jpg 225w, https:\/\/mcautocaravanas.com\/wp-content\/uploads\/2025\/10\/Adria-Sport-A_680_SK-52-768x1024.jpg 768w, https:\/\/mcautocaravanas.com\/wp-content\/uploads\/2025\/10\/Adria-Sport-A_680_SK-52-1152x1536.jpg 1152w, https:\/\/mcautocaravanas.com\/wp-content\/uploads\/2025\/10\/Adria-Sport-A_680_SK-52-9x12.jpg 9w, https:\/\/mcautocaravanas.com\/wp-content\/uploads\/2025\/10\/Adria-Sport-A_680_SK-52.jpg 1200w\" sizes=\"(max-width: 225px) 100vw, 225px\" \/>\n\t\t\t<\/div><\/figure><figure class='gallery-item'>\n\t\t\t<div class='gallery-icon portrait'>\n\t\t\t\t<img loading=\"lazy\" decoding=\"async\" width=\"225\" height=\"300\" src=\"https:\/\/mcautocaravanas.com\/wp-content\/uploads\/2025\/10\/Adria-Sport-A_680_SK-53-225x300.jpg\" class=\"attachment-medium size-medium\" alt=\"\" srcset=\"https:\/\/mcautocaravanas.com\/wp-content\/uploads\/2025\/10\/Adria-Sport-A_680_SK-53-225x300.jpg 225w, https:\/\/mcautocaravanas.com\/wp-content\/uploads\/2025\/10\/Adria-Sport-A_680_SK-53-768x1024.jpg 768w, https:\/\/mcautocaravanas.com\/wp-content\/uploads\/2025\/10\/Adria-Sport-A_680_SK-53-1152x1536.jpg 1152w, https:\/\/mcautocaravanas.com\/wp-content\/uploads\/2025\/10\/Adria-Sport-A_680_SK-53-9x12.jpg 9w, https:\/\/mcautocaravanas.com\/wp-content\/uploads\/2025\/10\/Adria-Sport-A_680_SK-53.jpg 1200w\" sizes=\"(max-width: 225px) 100vw, 225px\" \/>\n\t\t\t<\/div><\/figure><figure class='gallery-item'>\n\t\t\t<div class='gallery-icon portrait'>\n\t\t\t\t<img loading=\"lazy\" decoding=\"async\" width=\"225\" height=\"300\" src=\"https:\/\/mcautocaravanas.com\/wp-content\/uploads\/2025\/10\/Adria-Sport-A_680_SK-54-225x300.jpg\" class=\"attachment-medium size-medium\" alt=\"\" srcset=\"https:\/\/mcautocaravanas.com\/wp-content\/uploads\/2025\/10\/Adria-Sport-A_680_SK-54-225x300.jpg 225w, https:\/\/mcautocaravanas.com\/wp-content\/uploads\/2025\/10\/Adria-Sport-A_680_SK-54-768x1024.jpg 768w, https:\/\/mcautocaravanas.com\/wp-content\/uploads\/2025\/10\/Adria-Sport-A_680_SK-54-1152x1536.jpg 1152w, https:\/\/mcautocaravanas.com\/wp-content\/uploads\/2025\/10\/Adria-Sport-A_680_SK-54-9x12.jpg 9w, https:\/\/mcautocaravanas.com\/wp-content\/uploads\/2025\/10\/Adria-Sport-A_680_SK-54.jpg 1200w\" sizes=\"(max-width: 225px) 100vw, 225px\" \/>\n\t\t\t<\/div><\/figure><figure class='gallery-item'>\n\t\t\t<div class='gallery-icon portrait'>\n\t\t\t\t<img loading=\"lazy\" decoding=\"async\" width=\"225\" height=\"300\" src=\"https:\/\/mcautocaravanas.com\/wp-content\/uploads\/2025\/10\/Adria-Sport-A_680_SK-55-225x300.jpg\" class=\"attachment-medium size-medium\" alt=\"\" srcset=\"https:\/\/mcautocaravanas.com\/wp-content\/uploads\/2025\/10\/Adria-Sport-A_680_SK-55-225x300.jpg 225w, https:\/\/mcautocaravanas.com\/wp-content\/uploads\/2025\/10\/Adria-Sport-A_680_SK-55-768x1024.jpg 768w, https:\/\/mcautocaravanas.com\/wp-content\/uploads\/2025\/10\/Adria-Sport-A_680_SK-55-1152x1536.jpg 1152w, https:\/\/mcautocaravanas.com\/wp-content\/uploads\/2025\/10\/Adria-Sport-A_680_SK-55-9x12.jpg 9w, https:\/\/mcautocaravanas.com\/wp-content\/uploads\/2025\/10\/Adria-Sport-A_680_SK-55.jpg 1200w\" sizes=\"(max-width: 225px) 100vw, 225px\" \/>\n\t\t\t<\/div><\/figure><figure class='gallery-item'>\n\t\t\t<div class='gallery-icon portrait'>\n\t\t\t\t<img loading=\"lazy\" decoding=\"async\" width=\"225\" height=\"300\" src=\"https:\/\/mcautocaravanas.com\/wp-content\/uploads\/2025\/10\/Adria-Sport-A_680_SK-56-225x300.jpg\" class=\"attachment-medium size-medium\" alt=\"\" srcset=\"https:\/\/mcautocaravanas.com\/wp-content\/uploads\/2025\/10\/Adria-Sport-A_680_SK-56-225x300.jpg 225w, https:\/\/mcautocaravanas.com\/wp-content\/uploads\/2025\/10\/Adria-Sport-A_680_SK-56-768x1024.jpg 768w, https:\/\/mcautocaravanas.com\/wp-content\/uploads\/2025\/10\/Adria-Sport-A_680_SK-56-1152x1536.jpg 1152w, https:\/\/mcautocaravanas.com\/wp-content\/uploads\/2025\/10\/Adria-Sport-A_680_SK-56-9x12.jpg 9w, https:\/\/mcautocaravanas.com\/wp-content\/uploads\/2025\/10\/Adria-Sport-A_680_SK-56.jpg 1200w\" sizes=\"(max-width: 225px) 100vw, 225px\" \/>\n\t\t\t<\/div><\/figure><figure class='gallery-item'>\n\t\t\t<div class='gallery-icon portrait'>\n\t\t\t\t<img loading=\"lazy\" decoding=\"async\" width=\"225\" height=\"300\" src=\"https:\/\/mcautocaravanas.com\/wp-content\/uploads\/2025\/10\/Adria-Sport-A_680_SK-57-225x300.jpg\" class=\"attachment-medium size-medium\" alt=\"\" srcset=\"https:\/\/mcautocaravanas.com\/wp-content\/uploads\/2025\/10\/Adria-Sport-A_680_SK-57-225x300.jpg 225w, https:\/\/mcautocaravanas.com\/wp-content\/uploads\/2025\/10\/Adria-Sport-A_680_SK-57-768x1024.jpg 768w, https:\/\/mcautocaravanas.com\/wp-content\/uploads\/2025\/10\/Adria-Sport-A_680_SK-57-1152x1536.jpg 1152w, https:\/\/mcautocaravanas.com\/wp-content\/uploads\/2025\/10\/Adria-Sport-A_680_SK-57-9x12.jpg 9w, https:\/\/mcautocaravanas.com\/wp-content\/uploads\/2025\/10\/Adria-Sport-A_680_SK-57.jpg 1200w\" sizes=\"(max-width: 225px) 100vw, 225px\" \/>\n\t\t\t<\/div><\/figure><figure class='gallery-item'>\n\t\t\t<div class='gallery-icon portrait'>\n\t\t\t\t<img loading=\"lazy\" decoding=\"async\" width=\"225\" height=\"300\" src=\"https:\/\/mcautocaravanas.com\/wp-content\/uploads\/2025\/10\/Adria-Sport-A_680_SK-58-225x300.jpg\" class=\"attachment-medium size-medium\" alt=\"\" srcset=\"https:\/\/mcautocaravanas.com\/wp-content\/uploads\/2025\/10\/Adria-Sport-A_680_SK-58-225x300.jpg 225w, https:\/\/mcautocaravanas.com\/wp-content\/uploads\/2025\/10\/Adria-Sport-A_680_SK-58-768x1024.jpg 768w, https:\/\/mcautocaravanas.com\/wp-content\/uploads\/2025\/10\/Adria-Sport-A_680_SK-58-1152x1536.jpg 1152w, https:\/\/mcautocaravanas.com\/wp-content\/uploads\/2025\/10\/Adria-Sport-A_680_SK-58-9x12.jpg 9w, https:\/\/mcautocaravanas.com\/wp-content\/uploads\/2025\/10\/Adria-Sport-A_680_SK-58.jpg 1200w\" sizes=\"(max-width: 225px) 100vw, 225px\" \/>\n\t\t\t<\/div><\/figure><figure class='gallery-item'>\n\t\t\t<div class='gallery-icon portrait'>\n\t\t\t\t<img loading=\"lazy\" decoding=\"async\" width=\"225\" height=\"300\" src=\"https:\/\/mcautocaravanas.com\/wp-content\/uploads\/2025\/10\/Adria-Sport-A_680_SK-59-225x300.jpg\" class=\"attachment-medium size-medium\" alt=\"\" srcset=\"https:\/\/mcautocaravanas.com\/wp-content\/uploads\/2025\/10\/Adria-Sport-A_680_SK-59-225x300.jpg 225w, https:\/\/mcautocaravanas.com\/wp-content\/uploads\/2025\/10\/Adria-Sport-A_680_SK-59-768x1024.jpg 768w, https:\/\/mcautocaravanas.com\/wp-content\/uploads\/2025\/10\/Adria-Sport-A_680_SK-59-1152x1536.jpg 1152w, https:\/\/mcautocaravanas.com\/wp-content\/uploads\/2025\/10\/Adria-Sport-A_680_SK-59-9x12.jpg 9w, https:\/\/mcautocaravanas.com\/wp-content\/uploads\/2025\/10\/Adria-Sport-A_680_SK-59.jpg 1200w\" sizes=\"(max-width: 225px) 100vw, 225px\" \/>\n\t\t\t<\/div><\/figure><figure class='gallery-item'>\n\t\t\t<div class='gallery-icon portrait'>\n\t\t\t\t<img loading=\"lazy\" decoding=\"async\" width=\"225\" height=\"300\" src=\"https:\/\/mcautocaravanas.com\/wp-content\/uploads\/2025\/10\/Adria-Sport-A_680_SK-60-225x300.jpg\" class=\"attachment-medium size-medium\" alt=\"\" srcset=\"https:\/\/mcautocaravanas.com\/wp-content\/uploads\/2025\/10\/Adria-Sport-A_680_SK-60-225x300.jpg 225w, https:\/\/mcautocaravanas.com\/wp-content\/uploads\/2025\/10\/Adria-Sport-A_680_SK-60-768x1024.jpg 768w, https:\/\/mcautocaravanas.com\/wp-content\/uploads\/2025\/10\/Adria-Sport-A_680_SK-60-1152x1536.jpg 1152w, https:\/\/mcautocaravanas.com\/wp-content\/uploads\/2025\/10\/Adria-Sport-A_680_SK-60-9x12.jpg 9w, https:\/\/mcautocaravanas.com\/wp-content\/uploads\/2025\/10\/Adria-Sport-A_680_SK-60.jpg 1200w\" sizes=\"(max-width: 225px) 100vw, 225px\" \/>\n\t\t\t<\/div><\/figure><figure class='gallery-item'>\n\t\t\t<div class='gallery-icon portrait'>\n\t\t\t\t<img loading=\"lazy\" decoding=\"async\" width=\"225\" height=\"300\" src=\"https:\/\/mcautocaravanas.com\/wp-content\/uploads\/2025\/10\/Adria-Sport-A_680_SK-61-225x300.jpg\" class=\"attachment-medium size-medium\" alt=\"\" srcset=\"https:\/\/mcautocaravanas.com\/wp-content\/uploads\/2025\/10\/Adria-Sport-A_680_SK-61-225x300.jpg 225w, https:\/\/mcautocaravanas.com\/wp-content\/uploads\/2025\/10\/Adria-Sport-A_680_SK-61-768x1024.jpg 768w, https:\/\/mcautocaravanas.com\/wp-content\/uploads\/2025\/10\/Adria-Sport-A_680_SK-61-1152x1536.jpg 1152w, https:\/\/mcautocaravanas.com\/wp-content\/uploads\/2025\/10\/Adria-Sport-A_680_SK-61-9x12.jpg 9w, https:\/\/mcautocaravanas.com\/wp-content\/uploads\/2025\/10\/Adria-Sport-A_680_SK-61.jpg 1200w\" sizes=\"(max-width: 225px) 100vw, 225px\" \/>\n\t\t\t<\/div><\/figure><figure class='gallery-item'>\n\t\t\t<div class='gallery-icon portrait'>\n\t\t\t\t<img loading=\"lazy\" decoding=\"async\" width=\"225\" height=\"300\" src=\"https:\/\/mcautocaravanas.com\/wp-content\/uploads\/2025\/10\/Adria-Sport-A_680_SK-62-225x300.jpg\" class=\"attachment-medium size-medium\" alt=\"\" srcset=\"https:\/\/mcautocaravanas.com\/wp-content\/uploads\/2025\/10\/Adria-Sport-A_680_SK-62-225x300.jpg 225w, https:\/\/mcautocaravanas.com\/wp-content\/uploads\/2025\/10\/Adria-Sport-A_680_SK-62-768x1024.jpg 768w, https:\/\/mcautocaravanas.com\/wp-content\/uploads\/2025\/10\/Adria-Sport-A_680_SK-62-1152x1536.jpg 1152w, https:\/\/mcautocaravanas.com\/wp-content\/uploads\/2025\/10\/Adria-Sport-A_680_SK-62-9x12.jpg 9w, https:\/\/mcautocaravanas.com\/wp-content\/uploads\/2025\/10\/Adria-Sport-A_680_SK-62.jpg 1200w\" sizes=\"(max-width: 225px) 100vw, 225px\" \/>\n\t\t\t<\/div><\/figure>\n\t\t<\/div>\n\t\t<\/div>\n\t\t\t\t\t\t<\/div>\n\t\t\t\t<\/div>\n\t\t\t\t\t<\/div>\n\t\t\t\t<\/div>\n\t\t<div class=\"elementor-element elementor-element-e613293 e-flex e-con-boxed e-con e-parent\" data-id=\"e613293\" data-element_type=\"container\" data-e-type=\"container\">\n\t\t\t\t\t<div class=\"e-con-inner\">\n\t\t\t\t<div class=\"elementor-element elementor-element-21b39be elementor-align-center elementor-widget__width-inherit elementor-widget elementor-widget-button\" data-id=\"21b39be\" data-element_type=\"widget\" data-e-type=\"widget\" data-widget_type=\"button.default\">\n\t\t\t\t<div class=\"elementor-widget-container\">\n\t\t\t\t\t\t\t\t\t<div class=\"elementor-button-wrapper\">\n\t\t\t\t\t<a class=\"elementor-button elementor-button-link elementor-size-sm\" href=\"https:\/\/mcautocaravanas.com\/en\/contacto\/\">\n\t\t\t\t\t\t<span class=\"elementor-button-content-wrapper\">\n\t\t\t\t\t\t<span class=\"elementor-button-icon\">\n\t\t\t\t<svg aria-hidden=\"true\" class=\"e-font-icon-svg e-fas-check\" viewbox=\"0 0 512 512\" xmlns=\"http:\/\/www.w3.org\/2000\/svg\"><path d=\"M173.898 439.404l-166.4-166.4c-9.997-9.997-9.997-26.206 0-36.204l36.203-36.204c9.997-9.998 26.207-9.998 36.204 0L192 312.69 432.095 72.596c9.997-9.997 26.207-9.997 36.204 0l36.203 36.204c9.997 9.997 9.997 26.206 0 36.204l-294.4 294.401c-9.998 9.997-26.207 9.997-36.204-.001z\"><\/path><\/svg>\t\t\t<\/span>\n\t\t\t\t\t\t\t\t\t<span class=\"elementor-button-text\">Comprar<\/span>\n\t\t\t\t\t<\/span>\n\t\t\t\t\t<\/a>\n\t\t\t\t<\/div>\n\t\t\t\t\t\t\t\t<\/div>\n\t\t\t\t<\/div>\n\t\t\t\t\t<\/div>\n\t\t\t\t<\/div>\n\t\t\t\t<\/div>","protected":false},"excerpt":{"rendered":"<p>42.000\u20ac CARACTER\u00cdSTICAS A\u00f1o 2011 80.000km Montada sobre chasis FIAT DUCATO Motor 2.3_cc MULTIJET de 130_cv. Aire acondicionado Telair silent en vivienda. Toldo Portabicis para 4 bicis Toldo Fiama F45 escal\u00f3n el\u00e9ctrico Placa solar Inversor, cargador 12v Suspensi\u00f3n neum\u00e1tica Radio Android Cierres seguridad exteriores e interiores en puertas de la cabina Remis cabina Doble dep\u00f3sito aguas [&hellip;]<\/p>\n","protected":false},"author":1,"featured_media":6099,"comment_status":"open","ping_status":"closed","sticky":false,"template":"","format":"standard","meta":{"footnotes":""},"categories":[8,9],"tags":[],"class_list":["post-3856","post","type-post","status-publish","format-standard","has-post-thumbnail","hentry","category-autocaravanas-y-furgocamper","category-venta"],"yoast_head":"<!-- This site is optimized with the Yoast SEO plugin v27.5 - https:\/\/yoast.com\/product\/yoast-seo-wordpress\/ -->\n<title>Adria Sport A_680_SK - M.C. Autocaravanas Getxo S.L<\/title>\n<meta name=\"description\" content=\"Financiaci\u00f3n 100%Puedes visitarla en nuestras instalaciones, concertando una cita telef\u00f3nica. \u00a1Estaremos encantados de atenderte y asesorarte!\" \/>\n<meta name=\"robots\" content=\"index, follow, max-snippet:-1, max-image-preview:large, max-video-preview:-1\" \/>\n<link rel=\"canonical\" href=\"https:\/\/mcautocaravanas.com\/en\/adria-sport-a_680_sk\/\" \/>\n<meta property=\"og:locale\" content=\"en_US\" \/>\n<meta property=\"og:type\" content=\"article\" \/>\n<meta property=\"og:title\" content=\"Adria Sport A_680_SK - M.C. Autocaravanas Getxo S.L\" \/>\n<meta property=\"og:description\" content=\"Financiaci\u00f3n 100%Puedes visitarla en nuestras instalaciones, concertando una cita telef\u00f3nica. \u00a1Estaremos encantados de atenderte y asesorarte!\" \/>\n<meta property=\"og:url\" content=\"https:\/\/mcautocaravanas.com\/en\/adria-sport-a_680_sk\/\" \/>\n<meta property=\"og:site_name\" content=\"M.C. Autocaravanas Getxo S.L\" \/>\n<meta property=\"article:author\" content=\"https:\/\/www.facebook.com\/people\/McAutocaravanas-Getxo\/100086353929860\/?_rdr\" \/>\n<meta property=\"article:published_time\" content=\"2025-10-20T18:39:20+00:00\" \/>\n<meta property=\"article:modified_time\" content=\"2026-03-28T11:50:40+00:00\" \/>\n<meta property=\"og:image\" content=\"https:\/\/mcautocaravanas.com\/wp-content\/uploads\/2025\/10\/VENDIDA-7.jpg\" \/>\n\t<meta property=\"og:image:width\" content=\"1536\" \/>\n\t<meta property=\"og:image:height\" content=\"1052\" \/>\n\t<meta property=\"og:image:type\" content=\"image\/jpeg\" \/>\n<meta name=\"author\" content=\"mcautocaravanas\" \/>\n<meta name=\"twitter:card\" content=\"summary_large_image\" \/>\n<meta name=\"twitter:label1\" content=\"Written by\" \/>\n\t<meta name=\"twitter:data1\" content=\"mcautocaravanas\" \/>\n\t<meta name=\"twitter:label2\" content=\"Est. reading time\" \/>\n\t<meta name=\"twitter:data2\" content=\"14 minutes\" \/>\n<script type=\"application\/ld+json\" class=\"yoast-schema-graph\">{\"@context\":\"https:\\\/\\\/schema.org\",\"@graph\":[{\"@type\":\"Article\",\"@id\":\"https:\\\/\\\/mcautocaravanas.com\\\/adria-sport-a_680_sk\\\/#article\",\"isPartOf\":{\"@id\":\"https:\\\/\\\/mcautocaravanas.com\\\/adria-sport-a_680_sk\\\/\"},\"author\":{\"name\":\"mcautocaravanas\",\"@id\":\"https:\\\/\\\/mcautocaravanas.com\\\/#\\\/schema\\\/person\\\/a52f2c7d5cbfcc2609bc27222231ad9a\"},\"headline\":\"Adria Sport A_680_SK\",\"datePublished\":\"2025-10-20T18:39:20+00:00\",\"dateModified\":\"2026-03-28T11:50:40+00:00\",\"mainEntityOfPage\":{\"@id\":\"https:\\\/\\\/mcautocaravanas.com\\\/adria-sport-a_680_sk\\\/\"},\"wordCount\":78,\"commentCount\":0,\"publisher\":{\"@id\":\"https:\\\/\\\/mcautocaravanas.com\\\/#organization\"},\"image\":{\"@id\":\"https:\\\/\\\/mcautocaravanas.com\\\/adria-sport-a_680_sk\\\/#primaryimage\"},\"thumbnailUrl\":\"https:\\\/\\\/mcautocaravanas.com\\\/wp-content\\\/uploads\\\/2025\\\/10\\\/VENDIDA-7.jpg\",\"articleSection\":[\"Autocaravanas y furgocamper de segunda mano\",\"Venta\"],\"inLanguage\":\"en-US\",\"potentialAction\":[{\"@type\":\"CommentAction\",\"name\":\"Comment\",\"target\":[\"https:\\\/\\\/mcautocaravanas.com\\\/adria-sport-a_680_sk\\\/#respond\"]}]},{\"@type\":\"WebPage\",\"@id\":\"https:\\\/\\\/mcautocaravanas.com\\\/adria-sport-a_680_sk\\\/\",\"url\":\"https:\\\/\\\/mcautocaravanas.com\\\/adria-sport-a_680_sk\\\/\",\"name\":\"Adria Sport A_680_SK - M.C. Autocaravanas Getxo S.L\",\"isPartOf\":{\"@id\":\"https:\\\/\\\/mcautocaravanas.com\\\/#website\"},\"primaryImageOfPage\":{\"@id\":\"https:\\\/\\\/mcautocaravanas.com\\\/adria-sport-a_680_sk\\\/#primaryimage\"},\"image\":{\"@id\":\"https:\\\/\\\/mcautocaravanas.com\\\/adria-sport-a_680_sk\\\/#primaryimage\"},\"thumbnailUrl\":\"https:\\\/\\\/mcautocaravanas.com\\\/wp-content\\\/uploads\\\/2025\\\/10\\\/VENDIDA-7.jpg\",\"datePublished\":\"2025-10-20T18:39:20+00:00\",\"dateModified\":\"2026-03-28T11:50:40+00:00\",\"description\":\"Financiaci\u00f3n 100%Puedes visitarla en nuestras instalaciones, concertando una cita telef\u00f3nica. \u00a1Estaremos encantados de atenderte y asesorarte!\",\"breadcrumb\":{\"@id\":\"https:\\\/\\\/mcautocaravanas.com\\\/adria-sport-a_680_sk\\\/#breadcrumb\"},\"inLanguage\":\"en-US\",\"potentialAction\":[{\"@type\":\"ReadAction\",\"target\":[\"https:\\\/\\\/mcautocaravanas.com\\\/adria-sport-a_680_sk\\\/\"]}]},{\"@type\":\"ImageObject\",\"inLanguage\":\"en-US\",\"@id\":\"https:\\\/\\\/mcautocaravanas.com\\\/adria-sport-a_680_sk\\\/#primaryimage\",\"url\":\"https:\\\/\\\/mcautocaravanas.com\\\/wp-content\\\/uploads\\\/2025\\\/10\\\/VENDIDA-7.jpg\",\"contentUrl\":\"https:\\\/\\\/mcautocaravanas.com\\\/wp-content\\\/uploads\\\/2025\\\/10\\\/VENDIDA-7.jpg\",\"width\":1536,\"height\":1052},{\"@type\":\"BreadcrumbList\",\"@id\":\"https:\\\/\\\/mcautocaravanas.com\\\/adria-sport-a_680_sk\\\/#breadcrumb\",\"itemListElement\":[{\"@type\":\"ListItem\",\"position\":1,\"name\":\"Portada\",\"item\":\"https:\\\/\\\/mcautocaravanas.com\\\/\"},{\"@type\":\"ListItem\",\"position\":2,\"name\":\"Adria Sport A_680_SK\"}]},{\"@type\":\"WebSite\",\"@id\":\"https:\\\/\\\/mcautocaravanas.com\\\/#website\",\"url\":\"https:\\\/\\\/mcautocaravanas.com\\\/\",\"name\":\"M.C. Autocaravanas Getxo S.L\",\"description\":\"\u00bfListo para una aventura inolvidable? En M.C Autocaravanas Getxo, te ofrecemos la oportunidad de explorar el mundo a tu ritmo con nuestras autocaravanas de \u00faltima generaci\u00f3n.\",\"publisher\":{\"@id\":\"https:\\\/\\\/mcautocaravanas.com\\\/#organization\"},\"potentialAction\":[{\"@type\":\"SearchAction\",\"target\":{\"@type\":\"EntryPoint\",\"urlTemplate\":\"https:\\\/\\\/mcautocaravanas.com\\\/?s={search_term_string}\"},\"query-input\":{\"@type\":\"PropertyValueSpecification\",\"valueRequired\":true,\"valueName\":\"search_term_string\"}}],\"inLanguage\":\"en-US\"},{\"@type\":\"Organization\",\"@id\":\"https:\\\/\\\/mcautocaravanas.com\\\/#organization\",\"name\":\"M.C. Autocaravanas Getxo S.L\",\"url\":\"https:\\\/\\\/mcautocaravanas.com\\\/\",\"logo\":{\"@type\":\"ImageObject\",\"inLanguage\":\"en-US\",\"@id\":\"https:\\\/\\\/mcautocaravanas.com\\\/#\\\/schema\\\/logo\\\/image\\\/\",\"url\":\"https:\\\/\\\/mcautocaravanas.com\\\/wp-content\\\/uploads\\\/2024\\\/06\\\/cropped-cropped-M.C-AUTOCARAVANAS-1-2.png\",\"contentUrl\":\"https:\\\/\\\/mcautocaravanas.com\\\/wp-content\\\/uploads\\\/2024\\\/06\\\/cropped-cropped-M.C-AUTOCARAVANAS-1-2.png\",\"width\":512,\"height\":484,\"caption\":\"M.C. Autocaravanas Getxo S.L\"},\"image\":{\"@id\":\"https:\\\/\\\/mcautocaravanas.com\\\/#\\\/schema\\\/logo\\\/image\\\/\"}},{\"@type\":\"Person\",\"@id\":\"https:\\\/\\\/mcautocaravanas.com\\\/#\\\/schema\\\/person\\\/a52f2c7d5cbfcc2609bc27222231ad9a\",\"name\":\"mcautocaravanas\",\"image\":{\"@type\":\"ImageObject\",\"inLanguage\":\"en-US\",\"@id\":\"https:\\\/\\\/secure.gravatar.com\\\/avatar\\\/07d32fc839bf9372083edbc2691f268c25b349229c1eadb54048150c3db6bd0d?s=96&d=mm&r=g\",\"url\":\"https:\\\/\\\/secure.gravatar.com\\\/avatar\\\/07d32fc839bf9372083edbc2691f268c25b349229c1eadb54048150c3db6bd0d?s=96&d=mm&r=g\",\"contentUrl\":\"https:\\\/\\\/secure.gravatar.com\\\/avatar\\\/07d32fc839bf9372083edbc2691f268c25b349229c1eadb54048150c3db6bd0d?s=96&d=mm&r=g\",\"caption\":\"mcautocaravanas\"},\"sameAs\":[\"https:\\\/\\\/mcautocaravanas.com\",\"https:\\\/\\\/www.facebook.com\\\/people\\\/McAutocaravanas-Getxo\\\/100086353929860\\\/?_rdr\",\"https:\\\/\\\/www.instagram.com\\\/mc_autocaravanas_getxo\\\/\"],\"url\":\"https:\\\/\\\/mcautocaravanas.com\\\/en\\\/author\\\/mcautocaravanas\\\/\"}]}<\/script>\n<!-- \/ Yoast SEO plugin. -->","yoast_head_json":{"title":"Adria Sport A_680_SK - M.C. Autocaravanas Getxo S.L","description":"Financiaci\u00f3n 100%Puedes visitarla en nuestras instalaciones, concertando una cita telef\u00f3nica. \u00a1Estaremos encantados de atenderte y asesorarte!","robots":{"index":"index","follow":"follow","max-snippet":"max-snippet:-1","max-image-preview":"max-image-preview:large","max-video-preview":"max-video-preview:-1"},"canonical":"https:\/\/mcautocaravanas.com\/en\/adria-sport-a_680_sk\/","og_locale":"en_US","og_type":"article","og_title":"Adria Sport A_680_SK - M.C. Autocaravanas Getxo S.L","og_description":"Financiaci\u00f3n 100%Puedes visitarla en nuestras instalaciones, concertando una cita telef\u00f3nica. \u00a1Estaremos encantados de atenderte y asesorarte!","og_url":"https:\/\/mcautocaravanas.com\/en\/adria-sport-a_680_sk\/","og_site_name":"M.C. Autocaravanas Getxo S.L","article_author":"https:\/\/www.facebook.com\/people\/McAutocaravanas-Getxo\/100086353929860\/?_rdr","article_published_time":"2025-10-20T18:39:20+00:00","article_modified_time":"2026-03-28T11:50:40+00:00","og_image":[{"width":1536,"height":1052,"url":"https:\/\/mcautocaravanas.com\/wp-content\/uploads\/2025\/10\/VENDIDA-7.jpg","type":"image\/jpeg"}],"author":"mcautocaravanas","twitter_card":"summary_large_image","twitter_misc":{"Written by":"mcautocaravanas","Est. reading time":"14 minutes"},"schema":{"@context":"https:\/\/schema.org","@graph":[{"@type":"Article","@id":"https:\/\/mcautocaravanas.com\/adria-sport-a_680_sk\/#article","isPartOf":{"@id":"https:\/\/mcautocaravanas.com\/adria-sport-a_680_sk\/"},"author":{"name":"mcautocaravanas","@id":"https:\/\/mcautocaravanas.com\/#\/schema\/person\/a52f2c7d5cbfcc2609bc27222231ad9a"},"headline":"Adria Sport A_680_SK","datePublished":"2025-10-20T18:39:20+00:00","dateModified":"2026-03-28T11:50:40+00:00","mainEntityOfPage":{"@id":"https:\/\/mcautocaravanas.com\/adria-sport-a_680_sk\/"},"wordCount":78,"commentCount":0,"publisher":{"@id":"https:\/\/mcautocaravanas.com\/#organization"},"image":{"@id":"https:\/\/mcautocaravanas.com\/adria-sport-a_680_sk\/#primaryimage"},"thumbnailUrl":"https:\/\/mcautocaravanas.com\/wp-content\/uploads\/2025\/10\/VENDIDA-7.jpg","articleSection":["Autocaravanas y furgocamper de segunda mano","Venta"],"inLanguage":"en-US","potentialAction":[{"@type":"CommentAction","name":"Comment","target":["https:\/\/mcautocaravanas.com\/adria-sport-a_680_sk\/#respond"]}]},{"@type":"WebPage","@id":"https:\/\/mcautocaravanas.com\/adria-sport-a_680_sk\/","url":"https:\/\/mcautocaravanas.com\/adria-sport-a_680_sk\/","name":"Adria Sport A_680_SK - M.C. Autocaravanas Getxo S.L","isPartOf":{"@id":"https:\/\/mcautocaravanas.com\/#website"},"primaryImageOfPage":{"@id":"https:\/\/mcautocaravanas.com\/adria-sport-a_680_sk\/#primaryimage"},"image":{"@id":"https:\/\/mcautocaravanas.com\/adria-sport-a_680_sk\/#primaryimage"},"thumbnailUrl":"https:\/\/mcautocaravanas.com\/wp-content\/uploads\/2025\/10\/VENDIDA-7.jpg","datePublished":"2025-10-20T18:39:20+00:00","dateModified":"2026-03-28T11:50:40+00:00","description":"Financiaci\u00f3n 100%Puedes visitarla en nuestras instalaciones, concertando una cita telef\u00f3nica. \u00a1Estaremos encantados de atenderte y asesorarte!","breadcrumb":{"@id":"https:\/\/mcautocaravanas.com\/adria-sport-a_680_sk\/#breadcrumb"},"inLanguage":"en-US","potentialAction":[{"@type":"ReadAction","target":["https:\/\/mcautocaravanas.com\/adria-sport-a_680_sk\/"]}]},{"@type":"ImageObject","inLanguage":"en-US","@id":"https:\/\/mcautocaravanas.com\/adria-sport-a_680_sk\/#primaryimage","url":"https:\/\/mcautocaravanas.com\/wp-content\/uploads\/2025\/10\/VENDIDA-7.jpg","contentUrl":"https:\/\/mcautocaravanas.com\/wp-content\/uploads\/2025\/10\/VENDIDA-7.jpg","width":1536,"height":1052},{"@type":"BreadcrumbList","@id":"https:\/\/mcautocaravanas.com\/adria-sport-a_680_sk\/#breadcrumb","itemListElement":[{"@type":"ListItem","position":1,"name":"Portada","item":"https:\/\/mcautocaravanas.com\/"},{"@type":"ListItem","position":2,"name":"Adria Sport A_680_SK"}]},{"@type":"WebSite","@id":"https:\/\/mcautocaravanas.com\/#website","url":"https:\/\/mcautocaravanas.com\/","name":"M.C. Autocaravanas Getxo S.L","description":"\u00bfListo para una aventura inolvidable? En M.C Autocaravanas Getxo, te ofrecemos la oportunidad de explorar el mundo a tu ritmo con nuestras autocaravanas de \u00faltima generaci\u00f3n.","publisher":{"@id":"https:\/\/mcautocaravanas.com\/#organization"},"potentialAction":[{"@type":"SearchAction","target":{"@type":"EntryPoint","urlTemplate":"https:\/\/mcautocaravanas.com\/?s={search_term_string}"},"query-input":{"@type":"PropertyValueSpecification","valueRequired":true,"valueName":"search_term_string"}}],"inLanguage":"en-US"},{"@type":"Organization","@id":"https:\/\/mcautocaravanas.com\/#organization","name":"M.C. Autocaravanas Getxo S.L","url":"https:\/\/mcautocaravanas.com\/","logo":{"@type":"ImageObject","inLanguage":"en-US","@id":"https:\/\/mcautocaravanas.com\/#\/schema\/logo\/image\/","url":"https:\/\/mcautocaravanas.com\/wp-content\/uploads\/2024\/06\/cropped-cropped-M.C-AUTOCARAVANAS-1-2.png","contentUrl":"https:\/\/mcautocaravanas.com\/wp-content\/uploads\/2024\/06\/cropped-cropped-M.C-AUTOCARAVANAS-1-2.png","width":512,"height":484,"caption":"M.C. Autocaravanas Getxo S.L"},"image":{"@id":"https:\/\/mcautocaravanas.com\/#\/schema\/logo\/image\/"}},{"@type":"Person","@id":"https:\/\/mcautocaravanas.com\/#\/schema\/person\/a52f2c7d5cbfcc2609bc27222231ad9a","name":"mcautocaravanas","image":{"@type":"ImageObject","inLanguage":"en-US","@id":"https:\/\/secure.gravatar.com\/avatar\/07d32fc839bf9372083edbc2691f268c25b349229c1eadb54048150c3db6bd0d?s=96&d=mm&r=g","url":"https:\/\/secure.gravatar.com\/avatar\/07d32fc839bf9372083edbc2691f268c25b349229c1eadb54048150c3db6bd0d?s=96&d=mm&r=g","contentUrl":"https:\/\/secure.gravatar.com\/avatar\/07d32fc839bf9372083edbc2691f268c25b349229c1eadb54048150c3db6bd0d?s=96&d=mm&r=g","caption":"mcautocaravanas"},"sameAs":["https:\/\/mcautocaravanas.com","https:\/\/www.facebook.com\/people\/McAutocaravanas-Getxo\/100086353929860\/?_rdr","https:\/\/www.instagram.com\/mc_autocaravanas_getxo\/"],"url":"https:\/\/mcautocaravanas.com\/en\/author\/mcautocaravanas\/"}]}},"jetpack_featured_media_url":"https:\/\/mcautocaravanas.com\/wp-content\/uploads\/2025\/10\/VENDIDA-7.jpg","_links":{"self":[{"href":"https:\/\/mcautocaravanas.com\/en\/wp-json\/wp\/v2\/posts\/3856","targetHints":{"allow":["GET"]}}],"collection":[{"href":"https:\/\/mcautocaravanas.com\/en\/wp-json\/wp\/v2\/posts"}],"about":[{"href":"https:\/\/mcautocaravanas.com\/en\/wp-json\/wp\/v2\/types\/post"}],"author":[{"embeddable":true,"href":"https:\/\/mcautocaravanas.com\/en\/wp-json\/wp\/v2\/users\/1"}],"replies":[{"embeddable":true,"href":"https:\/\/mcautocaravanas.com\/en\/wp-json\/wp\/v2\/comments?post=3856"}],"version-history":[{"count":7,"href":"https:\/\/mcautocaravanas.com\/en\/wp-json\/wp\/v2\/posts\/3856\/revisions"}],"predecessor-version":[{"id":3948,"href":"https:\/\/mcautocaravanas.com\/en\/wp-json\/wp\/v2\/posts\/3856\/revisions\/3948"}],"wp:featuredmedia":[{"embeddable":true,"href":"https:\/\/mcautocaravanas.com\/en\/wp-json\/wp\/v2\/media\/6099"}],"wp:attachment":[{"href":"https:\/\/mcautocaravanas.com\/en\/wp-json\/wp\/v2\/media?parent=3856"}],"wp:term":[{"taxonomy":"category","embeddable":true,"href":"https:\/\/mcautocaravanas.com\/en\/wp-json\/wp\/v2\/categories?post=3856"},{"taxonomy":"post_tag","embeddable":true,"href":"https:\/\/mcautocaravanas.com\/en\/wp-json\/wp\/v2\/tags?post=3856"}],"curies":[{"name":"wp","href":"https:\/\/api.w.org\/{rel}","templated":true}]}}