{"id":3399,"date":"2025-06-18T17:07:41","date_gmt":"2025-06-18T17:07:41","guid":{"rendered":"https:\/\/mcautocaravanas.com\/?p=3399"},"modified":"2025-07-11T21:44:38","modified_gmt":"2025-07-11T21:44:38","slug":"citroen-3-0cc-160cv-perfilada-moncayo","status":"publish","type":"post","link":"https:\/\/mcautocaravanas.com\/en\/citroen-3-0cc-160cv-perfilada-moncayo\/","title":{"rendered":"Citroen 3.0cc 160cv PERFILADA Moncayo"},"content":{"rendered":"<div data-elementor-type=\"wp-post\" data-elementor-id=\"3399\" class=\"elementor elementor-3399\" data-elementor-post-type=\"post\">\n\t\t\t\t<div class=\"elementor-element elementor-element-91d6c64 e-flex e-con-boxed e-con e-parent\" data-id=\"91d6c64\" data-element_type=\"container\" data-e-type=\"container\">\n\t\t\t\t\t<div class=\"e-con-inner\">\n\t\t\t\t<div class=\"elementor-element elementor-element-c293d15 elementor-widget elementor-widget-image\" data-id=\"c293d15\" data-element_type=\"widget\" data-e-type=\"widget\" data-widget_type=\"image.default\">\n\t\t\t\t<div class=\"elementor-widget-container\">\n\t\t\t\t\t\t\t\t\t\t\t\t\t\t\t<img fetchpriority=\"high\" decoding=\"async\" width=\"800\" height=\"548\" src=\"https:\/\/mcautocaravanas.com\/wp-content\/uploads\/2025\/06\/VENDIDA-13-1024x701.jpg\" class=\"attachment-large size-large wp-image-3562\" alt=\"\" srcset=\"https:\/\/mcautocaravanas.com\/wp-content\/uploads\/2025\/06\/VENDIDA-13-1024x701.jpg 1024w, https:\/\/mcautocaravanas.com\/wp-content\/uploads\/2025\/06\/VENDIDA-13-300x205.jpg 300w, https:\/\/mcautocaravanas.com\/wp-content\/uploads\/2025\/06\/VENDIDA-13-768x526.jpg 768w, https:\/\/mcautocaravanas.com\/wp-content\/uploads\/2025\/06\/VENDIDA-13-18x12.jpg 18w, https:\/\/mcautocaravanas.com\/wp-content\/uploads\/2025\/06\/VENDIDA-13.jpg 1536w\" sizes=\"(max-width: 800px) 100vw, 800px\" \/>\t\t\t\t\t\t\t\t\t\t\t\t\t\t\t<\/div>\n\t\t\t\t<\/div>\n\t\t\t\t\t<\/div>\n\t\t\t\t<\/div>\n\t\t<div class=\"elementor-element elementor-element-6a34a19 e-flex e-con-boxed e-con e-parent\" data-id=\"6a34a19\" data-element_type=\"container\" data-e-type=\"container\">\n\t\t\t\t\t<div class=\"e-con-inner\">\n\t\t\t\t<div class=\"elementor-element elementor-element-c64a612 elementor-headline--style-highlight elementor-widget elementor-widget-animated-headline\" data-id=\"c64a612\" data-element_type=\"widget\" data-e-type=\"widget\" data-settings=\"{&quot;marker&quot;:&quot;underline&quot;,&quot;highlighted_text&quot;:&quot;37.500\\u20ac&quot;,&quot;headline_style&quot;:&quot;highlight&quot;,&quot;loop&quot;:&quot;yes&quot;,&quot;highlight_animation_duration&quot;:1200,&quot;highlight_iteration_delay&quot;:8000}\" data-widget_type=\"animated-headline.default\">\n\t\t\t\t<div class=\"elementor-widget-container\">\n\t\t\t\t\t\t\t<h3 class=\"elementor-headline\">\n\t\t\t\t<span class=\"elementor-headline-dynamic-wrapper elementor-headline-text-wrapper\">\n\t\t\t\t\t<span class=\"elementor-headline-dynamic-text elementor-headline-text-active\">37.500\u20ac<\/span>\n\t\t\t\t<\/span>\n\t\t\t\t<\/h3>\n\t\t\t\t\t\t<\/div>\n\t\t\t\t<\/div>\n\t\t\t\t\t<\/div>\n\t\t\t\t<\/div>\n\t\t<div class=\"elementor-element elementor-element-3005f55 e-flex e-con-boxed e-con e-parent\" data-id=\"3005f55\" data-element_type=\"container\" data-e-type=\"container\">\n\t\t\t\t\t<div class=\"e-con-inner\">\n\t\t\t\t<div class=\"elementor-element elementor-element-b48c12a elementor-widget elementor-widget-image\" data-id=\"b48c12a\" data-element_type=\"widget\" data-e-type=\"widget\" data-widget_type=\"image.default\">\n\t\t\t\t<div class=\"elementor-widget-container\">\n\t\t\t\t\t\t\t\t\t\t\t\t\t\t\t<img decoding=\"async\" width=\"553\" height=\"56\" src=\"https:\/\/mcautocaravanas.com\/wp-content\/uploads\/2025\/06\/Captura-de-pantalla-2025-06-18-190600.png\" class=\"attachment-large size-large wp-image-3431\" alt=\"\" srcset=\"https:\/\/mcautocaravanas.com\/wp-content\/uploads\/2025\/06\/Captura-de-pantalla-2025-06-18-190600.png 553w, https:\/\/mcautocaravanas.com\/wp-content\/uploads\/2025\/06\/Captura-de-pantalla-2025-06-18-190600-300x30.png 300w, https:\/\/mcautocaravanas.com\/wp-content\/uploads\/2025\/06\/Captura-de-pantalla-2025-06-18-190600-18x2.png 18w\" sizes=\"(max-width: 553px) 100vw, 553px\" \/>\t\t\t\t\t\t\t\t\t\t\t\t\t\t\t<\/div>\n\t\t\t\t<\/div>\n\t\t\t\t\t<\/div>\n\t\t\t\t<\/div>\n\t\t<div class=\"elementor-element elementor-element-2df71c2 e-grid e-con-boxed e-con e-parent\" data-id=\"2df71c2\" data-element_type=\"container\" data-e-type=\"container\">\n\t\t\t\t\t<div class=\"e-con-inner\">\n\t\t\t\t<div class=\"elementor-element elementor-element-5b3d8aa elementor-widget elementor-widget-text-editor\" data-id=\"5b3d8aa\" data-element_type=\"widget\" data-e-type=\"widget\" data-widget_type=\"text-editor.default\">\n\t\t\t\t<div class=\"elementor-widget-container\">\n\t\t\t\t\t\t\t\t\t<p><strong>CARACTER\u00cdSTICAS<\/strong><\/p><hr \/><div class=\"mt-PanelAdDetails-comments\"><div class=\"mt-PanelAdDetails-commentsContent\" data-testid=\"mt-PanelAdDetails-description\"><section class=\"elementor-section elementor-inner-section elementor-element elementor-element-4f47cfbb elementor-section-boxed elementor-section-height-default elementor-section-height-default\" data-id=\"4f47cfbb\" data-element_type=\"section\"><div class=\"elementor-container elementor-column-gap-no\"><div class=\"elementor-column elementor-col-100 elementor-inner-column elementor-element elementor-element-36847d44\" data-id=\"36847d44\" data-element_type=\"column\"><div class=\"elementor-widget-wrap elementor-element-populated\"><div class=\"elementor-element elementor-element-498d4b3 elementor-align-left elementor-mobile-align-left elementor-list-item-link-full_width elementor-widget elementor-widget-icon-list\" data-id=\"498d4b3\" data-element_type=\"widget\" data-widget_type=\"icon-list.default\"><div class=\"elementor-widget-container\"><section class=\"elementor-section elementor-inner-section elementor-element elementor-element-4f47cfbb elementor-section-boxed elementor-section-height-default elementor-section-height-default\" data-id=\"4f47cfbb\" data-element_type=\"section\"><div class=\"elementor-container elementor-column-gap-no\"><div class=\"elementor-column elementor-col-100 elementor-inner-column elementor-element elementor-element-36847d44\" data-id=\"36847d44\" data-element_type=\"column\"><div class=\"elementor-widget-wrap elementor-element-populated\"><div class=\"elementor-element elementor-element-498d4b3 elementor-align-left elementor-mobile-align-center elementor-icon-list--layout-traditional elementor-list-item-link-full_width elementor-widget elementor-widget-icon-list\" data-id=\"498d4b3\" data-element_type=\"widget\" data-widget_type=\"icon-list.default\"><div class=\"elementor-widget-container\"><section class=\"elementor-section elementor-inner-section elementor-element elementor-element-4f47cfbb elementor-section-boxed elementor-section-height-default elementor-section-height-default\" data-id=\"4f47cfbb\" data-element_type=\"section\"><div class=\"elementor-container elementor-column-gap-no\"><div class=\"elementor-column elementor-col-100 elementor-inner-column elementor-element elementor-element-36847d44\" data-id=\"36847d44\" data-element_type=\"column\"><div class=\"elementor-widget-wrap elementor-element-populated\"><div class=\"elementor-element elementor-element-498d4b3 elementor-align-left elementor-mobile-align-center elementor-icon-list--layout-traditional elementor-list-item-link-full_width elementor-widget elementor-widget-icon-list\" data-id=\"498d4b3\" data-element_type=\"widget\" data-widget_type=\"icon-list.default\"><div class=\"elementor-widget-container\"><div class=\"elementor-element elementor-element-498d4b3 elementor-align-left elementor-mobile-align-center elementor-icon-list--layout-traditional elementor-list-item-link-full_width elementor-widget elementor-widget-icon-list\" data-id=\"498d4b3\" data-element_type=\"widget\" data-widget_type=\"icon-list.default\">\u00a0<\/div><div class=\"elementor-element elementor-element-6d8ec298 elementor-widget elementor-widget-text-editor\" data-id=\"6d8ec298\" data-element_type=\"widget\" data-widget_type=\"text-editor.default\"><div class=\"elementor-widget-container\"><div class=\"elementor-column elementor-col-50 elementor-top-column elementor-element elementor-element-18e48cc5\" data-id=\"18e48cc5\" data-element_type=\"column\"><div class=\"elementor-widget-wrap elementor-element-populated\"><div class=\"elementor-element elementor-element-6d8ec298 elementor-widget elementor-widget-text-editor\" data-id=\"6d8ec298\" data-element_type=\"widget\" data-widget_type=\"text-editor.default\"><div class=\"elementor-widget-container\"><ul><li>Citroen Moncayo 3.0_cc 160_cv<\/li><li>4 Plazas Viajar y dormir<\/li><li>Garant\u00eda 12 meses.<\/li><li>Toldo lateral.<\/li><li>Porta Bicis 4<\/li><li>calefacci\u00f3n + agua caliente Trumma.<\/li><li>3 fuegos cocina<\/li><li>nevera grande trivalente + Auto.<\/li><li>Horno gas.<\/li><li>amplio sal\u00f3n.<\/li><li>cama francesa<\/li><li>ba\u00f1o grande + ducha independiente.<\/li><li>sal\u00f3n convertible en cama.<\/li><li>Mucha luminosidad. todas las ventanas y claraboyas con mosquiteras y oscurecedores.<\/li><\/ul><\/div><\/div><\/div><\/div><\/div><\/div><\/div><\/div><\/div><\/div><\/div><\/section><\/div><\/div><\/div><\/div><\/div><\/section><\/div><\/div><\/div><\/div><\/div><\/section><\/div><\/div>\t\t\t\t\t\t\t\t<\/div>\n\t\t\t\t<\/div>\n\t\t\t\t<div class=\"elementor-element elementor-element-8c20efc elementor-widget elementor-widget-image-gallery\" data-id=\"8c20efc\" data-element_type=\"widget\" data-e-type=\"widget\" data-widget_type=\"image-gallery.default\">\n\t\t\t\t<div class=\"elementor-widget-container\">\n\t\t\t\t\t\t\t<div class=\"elementor-image-gallery\">\n\t\t\t<div id='gallery-1' class='gallery galleryid-3399 gallery-columns-4 gallery-size-medium'><figure class='gallery-item'>\n\t\t\t<div class='gallery-icon portrait'>\n\t\t\t\t<img decoding=\"async\" width=\"225\" height=\"300\" src=\"https:\/\/mcautocaravanas.com\/wp-content\/uploads\/2025\/06\/Citroen-3.0cc-160cv-PERFILADA-Moncayo-1-225x300.jpg\" class=\"attachment-medium size-medium\" alt=\"\" srcset=\"https:\/\/mcautocaravanas.com\/wp-content\/uploads\/2025\/06\/Citroen-3.0cc-160cv-PERFILADA-Moncayo-1-225x300.jpg 225w, https:\/\/mcautocaravanas.com\/wp-content\/uploads\/2025\/06\/Citroen-3.0cc-160cv-PERFILADA-Moncayo-1-768x1024.jpg 768w, https:\/\/mcautocaravanas.com\/wp-content\/uploads\/2025\/06\/Citroen-3.0cc-160cv-PERFILADA-Moncayo-1-1152x1536.jpg 1152w, https:\/\/mcautocaravanas.com\/wp-content\/uploads\/2025\/06\/Citroen-3.0cc-160cv-PERFILADA-Moncayo-1-9x12.jpg 9w, https:\/\/mcautocaravanas.com\/wp-content\/uploads\/2025\/06\/Citroen-3.0cc-160cv-PERFILADA-Moncayo-1.jpg 1200w\" sizes=\"(max-width: 225px) 100vw, 225px\" \/>\n\t\t\t<\/div><\/figure><figure class='gallery-item'>\n\t\t\t<div class='gallery-icon portrait'>\n\t\t\t\t<img loading=\"lazy\" decoding=\"async\" width=\"225\" height=\"300\" src=\"https:\/\/mcautocaravanas.com\/wp-content\/uploads\/2025\/06\/Citroen-3.0cc-160cv-PERFILADA-Moncayo-2-225x300.jpg\" class=\"attachment-medium size-medium\" alt=\"\" srcset=\"https:\/\/mcautocaravanas.com\/wp-content\/uploads\/2025\/06\/Citroen-3.0cc-160cv-PERFILADA-Moncayo-2-225x300.jpg 225w, https:\/\/mcautocaravanas.com\/wp-content\/uploads\/2025\/06\/Citroen-3.0cc-160cv-PERFILADA-Moncayo-2-768x1024.jpg 768w, https:\/\/mcautocaravanas.com\/wp-content\/uploads\/2025\/06\/Citroen-3.0cc-160cv-PERFILADA-Moncayo-2-1152x1536.jpg 1152w, https:\/\/mcautocaravanas.com\/wp-content\/uploads\/2025\/06\/Citroen-3.0cc-160cv-PERFILADA-Moncayo-2-9x12.jpg 9w, https:\/\/mcautocaravanas.com\/wp-content\/uploads\/2025\/06\/Citroen-3.0cc-160cv-PERFILADA-Moncayo-2.jpg 1200w\" sizes=\"(max-width: 225px) 100vw, 225px\" \/>\n\t\t\t<\/div><\/figure><figure class='gallery-item'>\n\t\t\t<div class='gallery-icon portrait'>\n\t\t\t\t<img loading=\"lazy\" decoding=\"async\" width=\"225\" height=\"300\" src=\"https:\/\/mcautocaravanas.com\/wp-content\/uploads\/2025\/06\/Citroen-3.0cc-160cv-PERFILADA-Moncayo-3-225x300.jpg\" class=\"attachment-medium size-medium\" alt=\"\" srcset=\"https:\/\/mcautocaravanas.com\/wp-content\/uploads\/2025\/06\/Citroen-3.0cc-160cv-PERFILADA-Moncayo-3-225x300.jpg 225w, https:\/\/mcautocaravanas.com\/wp-content\/uploads\/2025\/06\/Citroen-3.0cc-160cv-PERFILADA-Moncayo-3-768x1024.jpg 768w, https:\/\/mcautocaravanas.com\/wp-content\/uploads\/2025\/06\/Citroen-3.0cc-160cv-PERFILADA-Moncayo-3-1152x1536.jpg 1152w, https:\/\/mcautocaravanas.com\/wp-content\/uploads\/2025\/06\/Citroen-3.0cc-160cv-PERFILADA-Moncayo-3-9x12.jpg 9w, https:\/\/mcautocaravanas.com\/wp-content\/uploads\/2025\/06\/Citroen-3.0cc-160cv-PERFILADA-Moncayo-3.jpg 1200w\" sizes=\"(max-width: 225px) 100vw, 225px\" \/>\n\t\t\t<\/div><\/figure><figure class='gallery-item'>\n\t\t\t<div class='gallery-icon landscape'>\n\t\t\t\t<img loading=\"lazy\" decoding=\"async\" width=\"300\" height=\"225\" src=\"https:\/\/mcautocaravanas.com\/wp-content\/uploads\/2025\/06\/Citroen-3.0cc-160cv-PERFILADA-Moncayo-4-300x225.jpg\" class=\"attachment-medium size-medium\" alt=\"\" srcset=\"https:\/\/mcautocaravanas.com\/wp-content\/uploads\/2025\/06\/Citroen-3.0cc-160cv-PERFILADA-Moncayo-4-300x225.jpg 300w, https:\/\/mcautocaravanas.com\/wp-content\/uploads\/2025\/06\/Citroen-3.0cc-160cv-PERFILADA-Moncayo-4-1024x768.jpg 1024w, https:\/\/mcautocaravanas.com\/wp-content\/uploads\/2025\/06\/Citroen-3.0cc-160cv-PERFILADA-Moncayo-4-768x576.jpg 768w, https:\/\/mcautocaravanas.com\/wp-content\/uploads\/2025\/06\/Citroen-3.0cc-160cv-PERFILADA-Moncayo-4-1536x1152.jpg 1536w, https:\/\/mcautocaravanas.com\/wp-content\/uploads\/2025\/06\/Citroen-3.0cc-160cv-PERFILADA-Moncayo-4-16x12.jpg 16w, https:\/\/mcautocaravanas.com\/wp-content\/uploads\/2025\/06\/Citroen-3.0cc-160cv-PERFILADA-Moncayo-4.jpg 1600w\" sizes=\"(max-width: 300px) 100vw, 300px\" \/>\n\t\t\t<\/div><\/figure><figure class='gallery-item'>\n\t\t\t<div class='gallery-icon landscape'>\n\t\t\t\t<img loading=\"lazy\" decoding=\"async\" width=\"300\" height=\"225\" src=\"https:\/\/mcautocaravanas.com\/wp-content\/uploads\/2025\/06\/Citroen-3.0cc-160cv-PERFILADA-Moncayo-5-300x225.jpg\" class=\"attachment-medium size-medium\" alt=\"\" srcset=\"https:\/\/mcautocaravanas.com\/wp-content\/uploads\/2025\/06\/Citroen-3.0cc-160cv-PERFILADA-Moncayo-5-300x225.jpg 300w, https:\/\/mcautocaravanas.com\/wp-content\/uploads\/2025\/06\/Citroen-3.0cc-160cv-PERFILADA-Moncayo-5-1024x768.jpg 1024w, https:\/\/mcautocaravanas.com\/wp-content\/uploads\/2025\/06\/Citroen-3.0cc-160cv-PERFILADA-Moncayo-5-768x576.jpg 768w, https:\/\/mcautocaravanas.com\/wp-content\/uploads\/2025\/06\/Citroen-3.0cc-160cv-PERFILADA-Moncayo-5-1536x1152.jpg 1536w, https:\/\/mcautocaravanas.com\/wp-content\/uploads\/2025\/06\/Citroen-3.0cc-160cv-PERFILADA-Moncayo-5-16x12.jpg 16w, https:\/\/mcautocaravanas.com\/wp-content\/uploads\/2025\/06\/Citroen-3.0cc-160cv-PERFILADA-Moncayo-5.jpg 1600w\" sizes=\"(max-width: 300px) 100vw, 300px\" \/>\n\t\t\t<\/div><\/figure><figure class='gallery-item'>\n\t\t\t<div class='gallery-icon landscape'>\n\t\t\t\t<img loading=\"lazy\" decoding=\"async\" width=\"300\" height=\"225\" src=\"https:\/\/mcautocaravanas.com\/wp-content\/uploads\/2025\/06\/Citroen-3.0cc-160cv-PERFILADA-Moncayo-6-1-300x225.jpg\" class=\"attachment-medium size-medium\" alt=\"\" srcset=\"https:\/\/mcautocaravanas.com\/wp-content\/uploads\/2025\/06\/Citroen-3.0cc-160cv-PERFILADA-Moncayo-6-1-300x225.jpg 300w, https:\/\/mcautocaravanas.com\/wp-content\/uploads\/2025\/06\/Citroen-3.0cc-160cv-PERFILADA-Moncayo-6-1-1024x768.jpg 1024w, https:\/\/mcautocaravanas.com\/wp-content\/uploads\/2025\/06\/Citroen-3.0cc-160cv-PERFILADA-Moncayo-6-1-768x576.jpg 768w, https:\/\/mcautocaravanas.com\/wp-content\/uploads\/2025\/06\/Citroen-3.0cc-160cv-PERFILADA-Moncayo-6-1-1536x1152.jpg 1536w, https:\/\/mcautocaravanas.com\/wp-content\/uploads\/2025\/06\/Citroen-3.0cc-160cv-PERFILADA-Moncayo-6-1-16x12.jpg 16w, https:\/\/mcautocaravanas.com\/wp-content\/uploads\/2025\/06\/Citroen-3.0cc-160cv-PERFILADA-Moncayo-6-1.jpg 1600w\" sizes=\"(max-width: 300px) 100vw, 300px\" \/>\n\t\t\t<\/div><\/figure><figure class='gallery-item'>\n\t\t\t<div class='gallery-icon portrait'>\n\t\t\t\t<img loading=\"lazy\" decoding=\"async\" width=\"225\" height=\"300\" src=\"https:\/\/mcautocaravanas.com\/wp-content\/uploads\/2025\/06\/Citroen-3.0cc-160cv-PERFILADA-Moncayo-7-225x300.jpg\" class=\"attachment-medium size-medium\" alt=\"\" srcset=\"https:\/\/mcautocaravanas.com\/wp-content\/uploads\/2025\/06\/Citroen-3.0cc-160cv-PERFILADA-Moncayo-7-225x300.jpg 225w, https:\/\/mcautocaravanas.com\/wp-content\/uploads\/2025\/06\/Citroen-3.0cc-160cv-PERFILADA-Moncayo-7-768x1024.jpg 768w, https:\/\/mcautocaravanas.com\/wp-content\/uploads\/2025\/06\/Citroen-3.0cc-160cv-PERFILADA-Moncayo-7-1152x1536.jpg 1152w, https:\/\/mcautocaravanas.com\/wp-content\/uploads\/2025\/06\/Citroen-3.0cc-160cv-PERFILADA-Moncayo-7-9x12.jpg 9w, https:\/\/mcautocaravanas.com\/wp-content\/uploads\/2025\/06\/Citroen-3.0cc-160cv-PERFILADA-Moncayo-7.jpg 1200w\" sizes=\"(max-width: 225px) 100vw, 225px\" \/>\n\t\t\t<\/div><\/figure><figure class='gallery-item'>\n\t\t\t<div class='gallery-icon landscape'>\n\t\t\t\t<img loading=\"lazy\" decoding=\"async\" width=\"300\" height=\"225\" src=\"https:\/\/mcautocaravanas.com\/wp-content\/uploads\/2025\/06\/Citroen-3.0cc-160cv-PERFILADA-Moncayo-8-300x225.jpg\" class=\"attachment-medium size-medium\" alt=\"\" srcset=\"https:\/\/mcautocaravanas.com\/wp-content\/uploads\/2025\/06\/Citroen-3.0cc-160cv-PERFILADA-Moncayo-8-300x225.jpg 300w, https:\/\/mcautocaravanas.com\/wp-content\/uploads\/2025\/06\/Citroen-3.0cc-160cv-PERFILADA-Moncayo-8-1024x768.jpg 1024w, https:\/\/mcautocaravanas.com\/wp-content\/uploads\/2025\/06\/Citroen-3.0cc-160cv-PERFILADA-Moncayo-8-768x576.jpg 768w, https:\/\/mcautocaravanas.com\/wp-content\/uploads\/2025\/06\/Citroen-3.0cc-160cv-PERFILADA-Moncayo-8-1536x1152.jpg 1536w, https:\/\/mcautocaravanas.com\/wp-content\/uploads\/2025\/06\/Citroen-3.0cc-160cv-PERFILADA-Moncayo-8-16x12.jpg 16w, https:\/\/mcautocaravanas.com\/wp-content\/uploads\/2025\/06\/Citroen-3.0cc-160cv-PERFILADA-Moncayo-8.jpg 1600w\" sizes=\"(max-width: 300px) 100vw, 300px\" \/>\n\t\t\t<\/div><\/figure><figure class='gallery-item'>\n\t\t\t<div class='gallery-icon landscape'>\n\t\t\t\t<img loading=\"lazy\" decoding=\"async\" width=\"300\" height=\"225\" src=\"https:\/\/mcautocaravanas.com\/wp-content\/uploads\/2025\/06\/Citroen-3.0cc-160cv-PERFILADA-Moncayo-9-300x225.jpg\" class=\"attachment-medium size-medium\" alt=\"\" srcset=\"https:\/\/mcautocaravanas.com\/wp-content\/uploads\/2025\/06\/Citroen-3.0cc-160cv-PERFILADA-Moncayo-9-300x225.jpg 300w, https:\/\/mcautocaravanas.com\/wp-content\/uploads\/2025\/06\/Citroen-3.0cc-160cv-PERFILADA-Moncayo-9-1024x768.jpg 1024w, https:\/\/mcautocaravanas.com\/wp-content\/uploads\/2025\/06\/Citroen-3.0cc-160cv-PERFILADA-Moncayo-9-768x576.jpg 768w, https:\/\/mcautocaravanas.com\/wp-content\/uploads\/2025\/06\/Citroen-3.0cc-160cv-PERFILADA-Moncayo-9-1536x1152.jpg 1536w, https:\/\/mcautocaravanas.com\/wp-content\/uploads\/2025\/06\/Citroen-3.0cc-160cv-PERFILADA-Moncayo-9-16x12.jpg 16w, https:\/\/mcautocaravanas.com\/wp-content\/uploads\/2025\/06\/Citroen-3.0cc-160cv-PERFILADA-Moncayo-9.jpg 1600w\" sizes=\"(max-width: 300px) 100vw, 300px\" \/>\n\t\t\t<\/div><\/figure><figure class='gallery-item'>\n\t\t\t<div class='gallery-icon landscape'>\n\t\t\t\t<img loading=\"lazy\" decoding=\"async\" width=\"300\" height=\"225\" src=\"https:\/\/mcautocaravanas.com\/wp-content\/uploads\/2025\/06\/Citroen-3.0cc-160cv-PERFILADA-Moncayo-10-300x225.jpg\" class=\"attachment-medium size-medium\" alt=\"\" srcset=\"https:\/\/mcautocaravanas.com\/wp-content\/uploads\/2025\/06\/Citroen-3.0cc-160cv-PERFILADA-Moncayo-10-300x225.jpg 300w, https:\/\/mcautocaravanas.com\/wp-content\/uploads\/2025\/06\/Citroen-3.0cc-160cv-PERFILADA-Moncayo-10-1024x768.jpg 1024w, https:\/\/mcautocaravanas.com\/wp-content\/uploads\/2025\/06\/Citroen-3.0cc-160cv-PERFILADA-Moncayo-10-768x576.jpg 768w, https:\/\/mcautocaravanas.com\/wp-content\/uploads\/2025\/06\/Citroen-3.0cc-160cv-PERFILADA-Moncayo-10-1536x1152.jpg 1536w, https:\/\/mcautocaravanas.com\/wp-content\/uploads\/2025\/06\/Citroen-3.0cc-160cv-PERFILADA-Moncayo-10-16x12.jpg 16w, https:\/\/mcautocaravanas.com\/wp-content\/uploads\/2025\/06\/Citroen-3.0cc-160cv-PERFILADA-Moncayo-10.jpg 1600w\" sizes=\"(max-width: 300px) 100vw, 300px\" \/>\n\t\t\t<\/div><\/figure><figure class='gallery-item'>\n\t\t\t<div class='gallery-icon portrait'>\n\t\t\t\t<img loading=\"lazy\" decoding=\"async\" width=\"225\" height=\"300\" src=\"https:\/\/mcautocaravanas.com\/wp-content\/uploads\/2025\/06\/Citroen-3.0cc-160cv-PERFILADA-Moncayo-11-225x300.jpg\" class=\"attachment-medium size-medium\" alt=\"\" srcset=\"https:\/\/mcautocaravanas.com\/wp-content\/uploads\/2025\/06\/Citroen-3.0cc-160cv-PERFILADA-Moncayo-11-225x300.jpg 225w, https:\/\/mcautocaravanas.com\/wp-content\/uploads\/2025\/06\/Citroen-3.0cc-160cv-PERFILADA-Moncayo-11-768x1024.jpg 768w, https:\/\/mcautocaravanas.com\/wp-content\/uploads\/2025\/06\/Citroen-3.0cc-160cv-PERFILADA-Moncayo-11-1152x1536.jpg 1152w, https:\/\/mcautocaravanas.com\/wp-content\/uploads\/2025\/06\/Citroen-3.0cc-160cv-PERFILADA-Moncayo-11-9x12.jpg 9w, https:\/\/mcautocaravanas.com\/wp-content\/uploads\/2025\/06\/Citroen-3.0cc-160cv-PERFILADA-Moncayo-11.jpg 1200w\" sizes=\"(max-width: 225px) 100vw, 225px\" \/>\n\t\t\t<\/div><\/figure><figure class='gallery-item'>\n\t\t\t<div class='gallery-icon portrait'>\n\t\t\t\t<img loading=\"lazy\" decoding=\"async\" width=\"225\" height=\"300\" src=\"https:\/\/mcautocaravanas.com\/wp-content\/uploads\/2025\/06\/Citroen-3.0cc-160cv-PERFILADA-Moncayo-12-225x300.jpg\" class=\"attachment-medium size-medium\" alt=\"\" srcset=\"https:\/\/mcautocaravanas.com\/wp-content\/uploads\/2025\/06\/Citroen-3.0cc-160cv-PERFILADA-Moncayo-12-225x300.jpg 225w, https:\/\/mcautocaravanas.com\/wp-content\/uploads\/2025\/06\/Citroen-3.0cc-160cv-PERFILADA-Moncayo-12-768x1024.jpg 768w, https:\/\/mcautocaravanas.com\/wp-content\/uploads\/2025\/06\/Citroen-3.0cc-160cv-PERFILADA-Moncayo-12-1152x1536.jpg 1152w, https:\/\/mcautocaravanas.com\/wp-content\/uploads\/2025\/06\/Citroen-3.0cc-160cv-PERFILADA-Moncayo-12-9x12.jpg 9w, https:\/\/mcautocaravanas.com\/wp-content\/uploads\/2025\/06\/Citroen-3.0cc-160cv-PERFILADA-Moncayo-12.jpg 1200w\" sizes=\"(max-width: 225px) 100vw, 225px\" \/>\n\t\t\t<\/div><\/figure><figure class='gallery-item'>\n\t\t\t<div class='gallery-icon portrait'>\n\t\t\t\t<img loading=\"lazy\" decoding=\"async\" width=\"225\" height=\"300\" src=\"https:\/\/mcautocaravanas.com\/wp-content\/uploads\/2025\/06\/Citroen-3.0cc-160cv-PERFILADA-Moncayo-13-225x300.jpg\" class=\"attachment-medium size-medium\" alt=\"\" srcset=\"https:\/\/mcautocaravanas.com\/wp-content\/uploads\/2025\/06\/Citroen-3.0cc-160cv-PERFILADA-Moncayo-13-225x300.jpg 225w, https:\/\/mcautocaravanas.com\/wp-content\/uploads\/2025\/06\/Citroen-3.0cc-160cv-PERFILADA-Moncayo-13-768x1024.jpg 768w, https:\/\/mcautocaravanas.com\/wp-content\/uploads\/2025\/06\/Citroen-3.0cc-160cv-PERFILADA-Moncayo-13-1152x1536.jpg 1152w, https:\/\/mcautocaravanas.com\/wp-content\/uploads\/2025\/06\/Citroen-3.0cc-160cv-PERFILADA-Moncayo-13-9x12.jpg 9w, https:\/\/mcautocaravanas.com\/wp-content\/uploads\/2025\/06\/Citroen-3.0cc-160cv-PERFILADA-Moncayo-13.jpg 1200w\" sizes=\"(max-width: 225px) 100vw, 225px\" \/>\n\t\t\t<\/div><\/figure><figure class='gallery-item'>\n\t\t\t<div class='gallery-icon portrait'>\n\t\t\t\t<img loading=\"lazy\" decoding=\"async\" width=\"225\" height=\"300\" src=\"https:\/\/mcautocaravanas.com\/wp-content\/uploads\/2025\/06\/Citroen-3.0cc-160cv-PERFILADA-Moncayo-14-225x300.jpg\" class=\"attachment-medium size-medium\" alt=\"\" srcset=\"https:\/\/mcautocaravanas.com\/wp-content\/uploads\/2025\/06\/Citroen-3.0cc-160cv-PERFILADA-Moncayo-14-225x300.jpg 225w, https:\/\/mcautocaravanas.com\/wp-content\/uploads\/2025\/06\/Citroen-3.0cc-160cv-PERFILADA-Moncayo-14-768x1024.jpg 768w, https:\/\/mcautocaravanas.com\/wp-content\/uploads\/2025\/06\/Citroen-3.0cc-160cv-PERFILADA-Moncayo-14-1152x1536.jpg 1152w, https:\/\/mcautocaravanas.com\/wp-content\/uploads\/2025\/06\/Citroen-3.0cc-160cv-PERFILADA-Moncayo-14-9x12.jpg 9w, https:\/\/mcautocaravanas.com\/wp-content\/uploads\/2025\/06\/Citroen-3.0cc-160cv-PERFILADA-Moncayo-14.jpg 1200w\" sizes=\"(max-width: 225px) 100vw, 225px\" \/>\n\t\t\t<\/div><\/figure><figure class='gallery-item'>\n\t\t\t<div class='gallery-icon portrait'>\n\t\t\t\t<img loading=\"lazy\" decoding=\"async\" width=\"225\" height=\"300\" src=\"https:\/\/mcautocaravanas.com\/wp-content\/uploads\/2025\/06\/Citroen-3.0cc-160cv-PERFILADA-Moncayo-15-225x300.jpg\" class=\"attachment-medium size-medium\" alt=\"\" srcset=\"https:\/\/mcautocaravanas.com\/wp-content\/uploads\/2025\/06\/Citroen-3.0cc-160cv-PERFILADA-Moncayo-15-225x300.jpg 225w, https:\/\/mcautocaravanas.com\/wp-content\/uploads\/2025\/06\/Citroen-3.0cc-160cv-PERFILADA-Moncayo-15-768x1024.jpg 768w, https:\/\/mcautocaravanas.com\/wp-content\/uploads\/2025\/06\/Citroen-3.0cc-160cv-PERFILADA-Moncayo-15-1152x1536.jpg 1152w, https:\/\/mcautocaravanas.com\/wp-content\/uploads\/2025\/06\/Citroen-3.0cc-160cv-PERFILADA-Moncayo-15-9x12.jpg 9w, https:\/\/mcautocaravanas.com\/wp-content\/uploads\/2025\/06\/Citroen-3.0cc-160cv-PERFILADA-Moncayo-15.jpg 1200w\" sizes=\"(max-width: 225px) 100vw, 225px\" \/>\n\t\t\t<\/div><\/figure><figure class='gallery-item'>\n\t\t\t<div class='gallery-icon portrait'>\n\t\t\t\t<img loading=\"lazy\" decoding=\"async\" width=\"225\" height=\"300\" src=\"https:\/\/mcautocaravanas.com\/wp-content\/uploads\/2025\/06\/Citroen-3.0cc-160cv-PERFILADA-Moncayo-16-225x300.jpg\" class=\"attachment-medium size-medium\" alt=\"\" srcset=\"https:\/\/mcautocaravanas.com\/wp-content\/uploads\/2025\/06\/Citroen-3.0cc-160cv-PERFILADA-Moncayo-16-225x300.jpg 225w, https:\/\/mcautocaravanas.com\/wp-content\/uploads\/2025\/06\/Citroen-3.0cc-160cv-PERFILADA-Moncayo-16-768x1024.jpg 768w, https:\/\/mcautocaravanas.com\/wp-content\/uploads\/2025\/06\/Citroen-3.0cc-160cv-PERFILADA-Moncayo-16-1152x1536.jpg 1152w, https:\/\/mcautocaravanas.com\/wp-content\/uploads\/2025\/06\/Citroen-3.0cc-160cv-PERFILADA-Moncayo-16-9x12.jpg 9w, https:\/\/mcautocaravanas.com\/wp-content\/uploads\/2025\/06\/Citroen-3.0cc-160cv-PERFILADA-Moncayo-16.jpg 1200w\" sizes=\"(max-width: 225px) 100vw, 225px\" \/>\n\t\t\t<\/div><\/figure><figure class='gallery-item'>\n\t\t\t<div class='gallery-icon portrait'>\n\t\t\t\t<img loading=\"lazy\" decoding=\"async\" width=\"225\" height=\"300\" src=\"https:\/\/mcautocaravanas.com\/wp-content\/uploads\/2025\/06\/Citroen-3.0cc-160cv-PERFILADA-Moncayo-17-225x300.jpg\" class=\"attachment-medium size-medium\" alt=\"\" srcset=\"https:\/\/mcautocaravanas.com\/wp-content\/uploads\/2025\/06\/Citroen-3.0cc-160cv-PERFILADA-Moncayo-17-225x300.jpg 225w, https:\/\/mcautocaravanas.com\/wp-content\/uploads\/2025\/06\/Citroen-3.0cc-160cv-PERFILADA-Moncayo-17-768x1024.jpg 768w, https:\/\/mcautocaravanas.com\/wp-content\/uploads\/2025\/06\/Citroen-3.0cc-160cv-PERFILADA-Moncayo-17-1152x1536.jpg 1152w, https:\/\/mcautocaravanas.com\/wp-content\/uploads\/2025\/06\/Citroen-3.0cc-160cv-PERFILADA-Moncayo-17-9x12.jpg 9w, https:\/\/mcautocaravanas.com\/wp-content\/uploads\/2025\/06\/Citroen-3.0cc-160cv-PERFILADA-Moncayo-17.jpg 1200w\" sizes=\"(max-width: 225px) 100vw, 225px\" \/>\n\t\t\t<\/div><\/figure><figure class='gallery-item'>\n\t\t\t<div class='gallery-icon portrait'>\n\t\t\t\t<img loading=\"lazy\" decoding=\"async\" width=\"225\" height=\"300\" src=\"https:\/\/mcautocaravanas.com\/wp-content\/uploads\/2025\/06\/Citroen-3.0cc-160cv-PERFILADA-Moncayo-18-225x300.jpg\" class=\"attachment-medium size-medium\" alt=\"\" srcset=\"https:\/\/mcautocaravanas.com\/wp-content\/uploads\/2025\/06\/Citroen-3.0cc-160cv-PERFILADA-Moncayo-18-225x300.jpg 225w, https:\/\/mcautocaravanas.com\/wp-content\/uploads\/2025\/06\/Citroen-3.0cc-160cv-PERFILADA-Moncayo-18-768x1024.jpg 768w, https:\/\/mcautocaravanas.com\/wp-content\/uploads\/2025\/06\/Citroen-3.0cc-160cv-PERFILADA-Moncayo-18-1152x1536.jpg 1152w, https:\/\/mcautocaravanas.com\/wp-content\/uploads\/2025\/06\/Citroen-3.0cc-160cv-PERFILADA-Moncayo-18-9x12.jpg 9w, https:\/\/mcautocaravanas.com\/wp-content\/uploads\/2025\/06\/Citroen-3.0cc-160cv-PERFILADA-Moncayo-18.jpg 1200w\" sizes=\"(max-width: 225px) 100vw, 225px\" \/>\n\t\t\t<\/div><\/figure><figure class='gallery-item'>\n\t\t\t<div class='gallery-icon landscape'>\n\t\t\t\t<img loading=\"lazy\" decoding=\"async\" width=\"300\" height=\"225\" src=\"https:\/\/mcautocaravanas.com\/wp-content\/uploads\/2025\/06\/Citroen-3.0cc-160cv-PERFILADA-Moncayo-19-300x225.jpg\" class=\"attachment-medium size-medium\" alt=\"\" srcset=\"https:\/\/mcautocaravanas.com\/wp-content\/uploads\/2025\/06\/Citroen-3.0cc-160cv-PERFILADA-Moncayo-19-300x225.jpg 300w, https:\/\/mcautocaravanas.com\/wp-content\/uploads\/2025\/06\/Citroen-3.0cc-160cv-PERFILADA-Moncayo-19-1024x768.jpg 1024w, https:\/\/mcautocaravanas.com\/wp-content\/uploads\/2025\/06\/Citroen-3.0cc-160cv-PERFILADA-Moncayo-19-768x576.jpg 768w, https:\/\/mcautocaravanas.com\/wp-content\/uploads\/2025\/06\/Citroen-3.0cc-160cv-PERFILADA-Moncayo-19-1536x1152.jpg 1536w, https:\/\/mcautocaravanas.com\/wp-content\/uploads\/2025\/06\/Citroen-3.0cc-160cv-PERFILADA-Moncayo-19-16x12.jpg 16w, https:\/\/mcautocaravanas.com\/wp-content\/uploads\/2025\/06\/Citroen-3.0cc-160cv-PERFILADA-Moncayo-19.jpg 1600w\" sizes=\"(max-width: 300px) 100vw, 300px\" \/>\n\t\t\t<\/div><\/figure><figure class='gallery-item'>\n\t\t\t<div class='gallery-icon landscape'>\n\t\t\t\t<img loading=\"lazy\" decoding=\"async\" width=\"300\" height=\"225\" src=\"https:\/\/mcautocaravanas.com\/wp-content\/uploads\/2025\/06\/Citroen-3.0cc-160cv-PERFILADA-Moncayo-20-300x225.jpg\" class=\"attachment-medium size-medium\" alt=\"\" srcset=\"https:\/\/mcautocaravanas.com\/wp-content\/uploads\/2025\/06\/Citroen-3.0cc-160cv-PERFILADA-Moncayo-20-300x225.jpg 300w, https:\/\/mcautocaravanas.com\/wp-content\/uploads\/2025\/06\/Citroen-3.0cc-160cv-PERFILADA-Moncayo-20-1024x768.jpg 1024w, https:\/\/mcautocaravanas.com\/wp-content\/uploads\/2025\/06\/Citroen-3.0cc-160cv-PERFILADA-Moncayo-20-768x576.jpg 768w, https:\/\/mcautocaravanas.com\/wp-content\/uploads\/2025\/06\/Citroen-3.0cc-160cv-PERFILADA-Moncayo-20-1536x1152.jpg 1536w, https:\/\/mcautocaravanas.com\/wp-content\/uploads\/2025\/06\/Citroen-3.0cc-160cv-PERFILADA-Moncayo-20-16x12.jpg 16w, https:\/\/mcautocaravanas.com\/wp-content\/uploads\/2025\/06\/Citroen-3.0cc-160cv-PERFILADA-Moncayo-20.jpg 1600w\" sizes=\"(max-width: 300px) 100vw, 300px\" \/>\n\t\t\t<\/div><\/figure><figure class='gallery-item'>\n\t\t\t<div class='gallery-icon portrait'>\n\t\t\t\t<img loading=\"lazy\" decoding=\"async\" width=\"225\" height=\"300\" src=\"https:\/\/mcautocaravanas.com\/wp-content\/uploads\/2025\/06\/Citroen-3.0cc-160cv-PERFILADA-Moncayo-21-225x300.jpg\" class=\"attachment-medium size-medium\" alt=\"\" srcset=\"https:\/\/mcautocaravanas.com\/wp-content\/uploads\/2025\/06\/Citroen-3.0cc-160cv-PERFILADA-Moncayo-21-225x300.jpg 225w, https:\/\/mcautocaravanas.com\/wp-content\/uploads\/2025\/06\/Citroen-3.0cc-160cv-PERFILADA-Moncayo-21-768x1024.jpg 768w, https:\/\/mcautocaravanas.com\/wp-content\/uploads\/2025\/06\/Citroen-3.0cc-160cv-PERFILADA-Moncayo-21-1152x1536.jpg 1152w, https:\/\/mcautocaravanas.com\/wp-content\/uploads\/2025\/06\/Citroen-3.0cc-160cv-PERFILADA-Moncayo-21-9x12.jpg 9w, https:\/\/mcautocaravanas.com\/wp-content\/uploads\/2025\/06\/Citroen-3.0cc-160cv-PERFILADA-Moncayo-21.jpg 1200w\" sizes=\"(max-width: 225px) 100vw, 225px\" \/>\n\t\t\t<\/div><\/figure><figure class='gallery-item'>\n\t\t\t<div class='gallery-icon landscape'>\n\t\t\t\t<img loading=\"lazy\" decoding=\"async\" width=\"300\" height=\"225\" src=\"https:\/\/mcautocaravanas.com\/wp-content\/uploads\/2025\/06\/Citroen-3.0cc-160cv-PERFILADA-Moncayo-22-300x225.jpg\" class=\"attachment-medium size-medium\" alt=\"\" srcset=\"https:\/\/mcautocaravanas.com\/wp-content\/uploads\/2025\/06\/Citroen-3.0cc-160cv-PERFILADA-Moncayo-22-300x225.jpg 300w, https:\/\/mcautocaravanas.com\/wp-content\/uploads\/2025\/06\/Citroen-3.0cc-160cv-PERFILADA-Moncayo-22-1024x768.jpg 1024w, https:\/\/mcautocaravanas.com\/wp-content\/uploads\/2025\/06\/Citroen-3.0cc-160cv-PERFILADA-Moncayo-22-768x576.jpg 768w, https:\/\/mcautocaravanas.com\/wp-content\/uploads\/2025\/06\/Citroen-3.0cc-160cv-PERFILADA-Moncayo-22-1536x1152.jpg 1536w, https:\/\/mcautocaravanas.com\/wp-content\/uploads\/2025\/06\/Citroen-3.0cc-160cv-PERFILADA-Moncayo-22-16x12.jpg 16w, https:\/\/mcautocaravanas.com\/wp-content\/uploads\/2025\/06\/Citroen-3.0cc-160cv-PERFILADA-Moncayo-22.jpg 1600w\" sizes=\"(max-width: 300px) 100vw, 300px\" \/>\n\t\t\t<\/div><\/figure><figure class='gallery-item'>\n\t\t\t<div class='gallery-icon portrait'>\n\t\t\t\t<img loading=\"lazy\" decoding=\"async\" width=\"225\" height=\"300\" src=\"https:\/\/mcautocaravanas.com\/wp-content\/uploads\/2025\/06\/Citroen-3.0cc-160cv-PERFILADA-Moncayo-23-225x300.jpg\" class=\"attachment-medium size-medium\" alt=\"\" srcset=\"https:\/\/mcautocaravanas.com\/wp-content\/uploads\/2025\/06\/Citroen-3.0cc-160cv-PERFILADA-Moncayo-23-225x300.jpg 225w, https:\/\/mcautocaravanas.com\/wp-content\/uploads\/2025\/06\/Citroen-3.0cc-160cv-PERFILADA-Moncayo-23-768x1024.jpg 768w, https:\/\/mcautocaravanas.com\/wp-content\/uploads\/2025\/06\/Citroen-3.0cc-160cv-PERFILADA-Moncayo-23-1152x1536.jpg 1152w, https:\/\/mcautocaravanas.com\/wp-content\/uploads\/2025\/06\/Citroen-3.0cc-160cv-PERFILADA-Moncayo-23-9x12.jpg 9w, https:\/\/mcautocaravanas.com\/wp-content\/uploads\/2025\/06\/Citroen-3.0cc-160cv-PERFILADA-Moncayo-23.jpg 1200w\" sizes=\"(max-width: 225px) 100vw, 225px\" \/>\n\t\t\t<\/div><\/figure><figure class='gallery-item'>\n\t\t\t<div class='gallery-icon landscape'>\n\t\t\t\t<img loading=\"lazy\" decoding=\"async\" width=\"300\" height=\"225\" src=\"https:\/\/mcautocaravanas.com\/wp-content\/uploads\/2025\/06\/Citroen-3.0cc-160cv-PERFILADA-Moncayo-24-300x225.jpg\" class=\"attachment-medium size-medium\" alt=\"\" srcset=\"https:\/\/mcautocaravanas.com\/wp-content\/uploads\/2025\/06\/Citroen-3.0cc-160cv-PERFILADA-Moncayo-24-300x225.jpg 300w, https:\/\/mcautocaravanas.com\/wp-content\/uploads\/2025\/06\/Citroen-3.0cc-160cv-PERFILADA-Moncayo-24-1024x768.jpg 1024w, https:\/\/mcautocaravanas.com\/wp-content\/uploads\/2025\/06\/Citroen-3.0cc-160cv-PERFILADA-Moncayo-24-768x576.jpg 768w, https:\/\/mcautocaravanas.com\/wp-content\/uploads\/2025\/06\/Citroen-3.0cc-160cv-PERFILADA-Moncayo-24-1536x1152.jpg 1536w, https:\/\/mcautocaravanas.com\/wp-content\/uploads\/2025\/06\/Citroen-3.0cc-160cv-PERFILADA-Moncayo-24-16x12.jpg 16w, https:\/\/mcautocaravanas.com\/wp-content\/uploads\/2025\/06\/Citroen-3.0cc-160cv-PERFILADA-Moncayo-24.jpg 1600w\" sizes=\"(max-width: 300px) 100vw, 300px\" \/>\n\t\t\t<\/div><\/figure><figure class='gallery-item'>\n\t\t\t<div class='gallery-icon portrait'>\n\t\t\t\t<img loading=\"lazy\" decoding=\"async\" width=\"225\" height=\"300\" src=\"https:\/\/mcautocaravanas.com\/wp-content\/uploads\/2025\/06\/Citroen-3.0cc-160cv-PERFILADA-Moncayo-25-225x300.jpg\" class=\"attachment-medium size-medium\" alt=\"\" srcset=\"https:\/\/mcautocaravanas.com\/wp-content\/uploads\/2025\/06\/Citroen-3.0cc-160cv-PERFILADA-Moncayo-25-225x300.jpg 225w, https:\/\/mcautocaravanas.com\/wp-content\/uploads\/2025\/06\/Citroen-3.0cc-160cv-PERFILADA-Moncayo-25-768x1024.jpg 768w, https:\/\/mcautocaravanas.com\/wp-content\/uploads\/2025\/06\/Citroen-3.0cc-160cv-PERFILADA-Moncayo-25-1152x1536.jpg 1152w, https:\/\/mcautocaravanas.com\/wp-content\/uploads\/2025\/06\/Citroen-3.0cc-160cv-PERFILADA-Moncayo-25-9x12.jpg 9w, https:\/\/mcautocaravanas.com\/wp-content\/uploads\/2025\/06\/Citroen-3.0cc-160cv-PERFILADA-Moncayo-25.jpg 1200w\" sizes=\"(max-width: 225px) 100vw, 225px\" \/>\n\t\t\t<\/div><\/figure><figure class='gallery-item'>\n\t\t\t<div class='gallery-icon portrait'>\n\t\t\t\t<img loading=\"lazy\" decoding=\"async\" width=\"225\" height=\"300\" src=\"https:\/\/mcautocaravanas.com\/wp-content\/uploads\/2025\/06\/Citroen-3.0cc-160cv-PERFILADA-Moncayo-26-225x300.jpg\" class=\"attachment-medium size-medium\" alt=\"\" srcset=\"https:\/\/mcautocaravanas.com\/wp-content\/uploads\/2025\/06\/Citroen-3.0cc-160cv-PERFILADA-Moncayo-26-225x300.jpg 225w, https:\/\/mcautocaravanas.com\/wp-content\/uploads\/2025\/06\/Citroen-3.0cc-160cv-PERFILADA-Moncayo-26-768x1024.jpg 768w, https:\/\/mcautocaravanas.com\/wp-content\/uploads\/2025\/06\/Citroen-3.0cc-160cv-PERFILADA-Moncayo-26-1152x1536.jpg 1152w, https:\/\/mcautocaravanas.com\/wp-content\/uploads\/2025\/06\/Citroen-3.0cc-160cv-PERFILADA-Moncayo-26-9x12.jpg 9w, https:\/\/mcautocaravanas.com\/wp-content\/uploads\/2025\/06\/Citroen-3.0cc-160cv-PERFILADA-Moncayo-26.jpg 1200w\" sizes=\"(max-width: 225px) 100vw, 225px\" \/>\n\t\t\t<\/div><\/figure><figure class='gallery-item'>\n\t\t\t<div class='gallery-icon portrait'>\n\t\t\t\t<img loading=\"lazy\" decoding=\"async\" width=\"225\" height=\"300\" src=\"https:\/\/mcautocaravanas.com\/wp-content\/uploads\/2025\/06\/Citroen-3.0cc-160cv-PERFILADA-Moncayo-27-225x300.jpg\" class=\"attachment-medium size-medium\" alt=\"\" srcset=\"https:\/\/mcautocaravanas.com\/wp-content\/uploads\/2025\/06\/Citroen-3.0cc-160cv-PERFILADA-Moncayo-27-225x300.jpg 225w, https:\/\/mcautocaravanas.com\/wp-content\/uploads\/2025\/06\/Citroen-3.0cc-160cv-PERFILADA-Moncayo-27-768x1024.jpg 768w, https:\/\/mcautocaravanas.com\/wp-content\/uploads\/2025\/06\/Citroen-3.0cc-160cv-PERFILADA-Moncayo-27-1152x1536.jpg 1152w, https:\/\/mcautocaravanas.com\/wp-content\/uploads\/2025\/06\/Citroen-3.0cc-160cv-PERFILADA-Moncayo-27-9x12.jpg 9w, https:\/\/mcautocaravanas.com\/wp-content\/uploads\/2025\/06\/Citroen-3.0cc-160cv-PERFILADA-Moncayo-27.jpg 1200w\" sizes=\"(max-width: 225px) 100vw, 225px\" \/>\n\t\t\t<\/div><\/figure><figure class='gallery-item'>\n\t\t\t<div class='gallery-icon portrait'>\n\t\t\t\t<img loading=\"lazy\" decoding=\"async\" width=\"225\" height=\"300\" src=\"https:\/\/mcautocaravanas.com\/wp-content\/uploads\/2025\/06\/Citroen-3.0cc-160cv-PERFILADA-Moncayo-28-225x300.jpg\" class=\"attachment-medium size-medium\" alt=\"\" srcset=\"https:\/\/mcautocaravanas.com\/wp-content\/uploads\/2025\/06\/Citroen-3.0cc-160cv-PERFILADA-Moncayo-28-225x300.jpg 225w, https:\/\/mcautocaravanas.com\/wp-content\/uploads\/2025\/06\/Citroen-3.0cc-160cv-PERFILADA-Moncayo-28-768x1024.jpg 768w, https:\/\/mcautocaravanas.com\/wp-content\/uploads\/2025\/06\/Citroen-3.0cc-160cv-PERFILADA-Moncayo-28-1152x1536.jpg 1152w, https:\/\/mcautocaravanas.com\/wp-content\/uploads\/2025\/06\/Citroen-3.0cc-160cv-PERFILADA-Moncayo-28-9x12.jpg 9w, https:\/\/mcautocaravanas.com\/wp-content\/uploads\/2025\/06\/Citroen-3.0cc-160cv-PERFILADA-Moncayo-28.jpg 1200w\" sizes=\"(max-width: 225px) 100vw, 225px\" \/>\n\t\t\t<\/div><\/figure>\n\t\t<\/div>\n\t\t<\/div>\n\t\t\t\t\t\t<\/div>\n\t\t\t\t<\/div>\n\t\t\t\t\t<\/div>\n\t\t\t\t<\/div>\n\t\t\t\t<\/div>","protected":false},"excerpt":{"rendered":"<p>37.500\u20ac CARACTER\u00cdSTICAS \u00a0 Citroen Moncayo 3.0_cc 160_cv 4 Plazas Viajar y dormir Garant\u00eda 12 meses. Toldo lateral. Porta Bicis 4 calefacci\u00f3n + agua caliente Trumma. 3 fuegos cocina nevera grande trivalente + Auto. Horno gas. amplio sal\u00f3n. cama francesa ba\u00f1o grande + ducha independiente. sal\u00f3n convertible en cama. Mucha luminosidad. todas las ventanas y claraboyas [&hellip;]<\/p>\n","protected":false},"author":1,"featured_media":3562,"comment_status":"open","ping_status":"closed","sticky":false,"template":"","format":"standard","meta":{"footnotes":""},"categories":[8,9],"tags":[],"class_list":["post-3399","post","type-post","status-publish","format-standard","has-post-thumbnail","hentry","category-autocaravanas-y-furgocamper","category-venta"],"yoast_head":"<!-- This site is optimized with the Yoast SEO plugin v27.5 - https:\/\/yoast.com\/product\/yoast-seo-wordpress\/ -->\n<title>Citroen 3.0cc 160cv PERFILADA Moncayo - M.C. Autocaravanas Getxo S.L<\/title>\n<meta name=\"description\" content=\"Financiaci\u00f3n 100%Puedes visitarla en nuestras instalaciones, concertando una cita telef\u00f3nica. \u00a1Estaremos encantados de atenderte y asesorarte!\" \/>\n<meta name=\"robots\" content=\"index, follow, max-snippet:-1, max-image-preview:large, max-video-preview:-1\" \/>\n<link rel=\"canonical\" href=\"https:\/\/mcautocaravanas.com\/en\/citroen-3-0cc-160cv-perfilada-moncayo\/\" \/>\n<meta property=\"og:locale\" content=\"en_US\" \/>\n<meta property=\"og:type\" content=\"article\" \/>\n<meta property=\"og:title\" content=\"Citroen 3.0cc 160cv PERFILADA Moncayo - M.C. Autocaravanas Getxo S.L\" \/>\n<meta property=\"og:description\" content=\"Financiaci\u00f3n 100%Puedes visitarla en nuestras instalaciones, concertando una cita telef\u00f3nica. \u00a1Estaremos encantados de atenderte y asesorarte!\" \/>\n<meta property=\"og:url\" content=\"https:\/\/mcautocaravanas.com\/en\/citroen-3-0cc-160cv-perfilada-moncayo\/\" \/>\n<meta property=\"og:site_name\" content=\"M.C. Autocaravanas Getxo S.L\" \/>\n<meta property=\"article:author\" content=\"https:\/\/www.facebook.com\/people\/McAutocaravanas-Getxo\/100086353929860\/?_rdr\" \/>\n<meta property=\"article:published_time\" content=\"2025-06-18T17:07:41+00:00\" \/>\n<meta property=\"article:modified_time\" content=\"2025-07-11T21:44:38+00:00\" \/>\n<meta property=\"og:image\" content=\"https:\/\/mcautocaravanas.com\/wp-content\/uploads\/2025\/06\/VENDIDA-13.jpg\" \/>\n\t<meta property=\"og:image:width\" content=\"1536\" \/>\n\t<meta property=\"og:image:height\" content=\"1052\" \/>\n\t<meta property=\"og:image:type\" content=\"image\/jpeg\" \/>\n<meta name=\"author\" content=\"mcautocaravanas\" \/>\n<meta name=\"twitter:card\" content=\"summary_large_image\" \/>\n<meta name=\"twitter:label1\" content=\"Written by\" \/>\n\t<meta name=\"twitter:data1\" content=\"mcautocaravanas\" \/>\n\t<meta name=\"twitter:label2\" content=\"Est. reading time\" \/>\n\t<meta name=\"twitter:data2\" content=\"8 minutes\" \/>\n<script type=\"application\/ld+json\" class=\"yoast-schema-graph\">{\"@context\":\"https:\\\/\\\/schema.org\",\"@graph\":[{\"@type\":\"Article\",\"@id\":\"https:\\\/\\\/mcautocaravanas.com\\\/citroen-3-0cc-160cv-perfilada-moncayo\\\/#article\",\"isPartOf\":{\"@id\":\"https:\\\/\\\/mcautocaravanas.com\\\/citroen-3-0cc-160cv-perfilada-moncayo\\\/\"},\"author\":{\"name\":\"mcautocaravanas\",\"@id\":\"https:\\\/\\\/mcautocaravanas.com\\\/#\\\/schema\\\/person\\\/a52f2c7d5cbfcc2609bc27222231ad9a\"},\"headline\":\"Citroen 3.0cc 160cv PERFILADA Moncayo\",\"datePublished\":\"2025-06-18T17:07:41+00:00\",\"dateModified\":\"2025-07-11T21:44:38+00:00\",\"mainEntityOfPage\":{\"@id\":\"https:\\\/\\\/mcautocaravanas.com\\\/citroen-3-0cc-160cv-perfilada-moncayo\\\/\"},\"wordCount\":61,\"commentCount\":0,\"publisher\":{\"@id\":\"https:\\\/\\\/mcautocaravanas.com\\\/#organization\"},\"image\":{\"@id\":\"https:\\\/\\\/mcautocaravanas.com\\\/citroen-3-0cc-160cv-perfilada-moncayo\\\/#primaryimage\"},\"thumbnailUrl\":\"https:\\\/\\\/mcautocaravanas.com\\\/wp-content\\\/uploads\\\/2025\\\/06\\\/VENDIDA-13.jpg\",\"articleSection\":[\"Autocaravanas y furgocamper de segunda mano\",\"Venta\"],\"inLanguage\":\"en-US\",\"potentialAction\":[{\"@type\":\"CommentAction\",\"name\":\"Comment\",\"target\":[\"https:\\\/\\\/mcautocaravanas.com\\\/citroen-3-0cc-160cv-perfilada-moncayo\\\/#respond\"]}]},{\"@type\":\"WebPage\",\"@id\":\"https:\\\/\\\/mcautocaravanas.com\\\/citroen-3-0cc-160cv-perfilada-moncayo\\\/\",\"url\":\"https:\\\/\\\/mcautocaravanas.com\\\/citroen-3-0cc-160cv-perfilada-moncayo\\\/\",\"name\":\"Citroen 3.0cc 160cv PERFILADA Moncayo - M.C. Autocaravanas Getxo S.L\",\"isPartOf\":{\"@id\":\"https:\\\/\\\/mcautocaravanas.com\\\/#website\"},\"primaryImageOfPage\":{\"@id\":\"https:\\\/\\\/mcautocaravanas.com\\\/citroen-3-0cc-160cv-perfilada-moncayo\\\/#primaryimage\"},\"image\":{\"@id\":\"https:\\\/\\\/mcautocaravanas.com\\\/citroen-3-0cc-160cv-perfilada-moncayo\\\/#primaryimage\"},\"thumbnailUrl\":\"https:\\\/\\\/mcautocaravanas.com\\\/wp-content\\\/uploads\\\/2025\\\/06\\\/VENDIDA-13.jpg\",\"datePublished\":\"2025-06-18T17:07:41+00:00\",\"dateModified\":\"2025-07-11T21:44:38+00:00\",\"description\":\"Financiaci\u00f3n 100%Puedes visitarla en nuestras instalaciones, concertando una cita telef\u00f3nica. \u00a1Estaremos encantados de atenderte y asesorarte!\",\"breadcrumb\":{\"@id\":\"https:\\\/\\\/mcautocaravanas.com\\\/citroen-3-0cc-160cv-perfilada-moncayo\\\/#breadcrumb\"},\"inLanguage\":\"en-US\",\"potentialAction\":[{\"@type\":\"ReadAction\",\"target\":[\"https:\\\/\\\/mcautocaravanas.com\\\/citroen-3-0cc-160cv-perfilada-moncayo\\\/\"]}]},{\"@type\":\"ImageObject\",\"inLanguage\":\"en-US\",\"@id\":\"https:\\\/\\\/mcautocaravanas.com\\\/citroen-3-0cc-160cv-perfilada-moncayo\\\/#primaryimage\",\"url\":\"https:\\\/\\\/mcautocaravanas.com\\\/wp-content\\\/uploads\\\/2025\\\/06\\\/VENDIDA-13.jpg\",\"contentUrl\":\"https:\\\/\\\/mcautocaravanas.com\\\/wp-content\\\/uploads\\\/2025\\\/06\\\/VENDIDA-13.jpg\",\"width\":1536,\"height\":1052},{\"@type\":\"BreadcrumbList\",\"@id\":\"https:\\\/\\\/mcautocaravanas.com\\\/citroen-3-0cc-160cv-perfilada-moncayo\\\/#breadcrumb\",\"itemListElement\":[{\"@type\":\"ListItem\",\"position\":1,\"name\":\"Portada\",\"item\":\"https:\\\/\\\/mcautocaravanas.com\\\/\"},{\"@type\":\"ListItem\",\"position\":2,\"name\":\"Citroen 3.0cc 160cv PERFILADA Moncayo\"}]},{\"@type\":\"WebSite\",\"@id\":\"https:\\\/\\\/mcautocaravanas.com\\\/#website\",\"url\":\"https:\\\/\\\/mcautocaravanas.com\\\/\",\"name\":\"M.C. Autocaravanas Getxo S.L\",\"description\":\"\u00bfListo para una aventura inolvidable? En M.C Autocaravanas Getxo, te ofrecemos la oportunidad de explorar el mundo a tu ritmo con nuestras autocaravanas de \u00faltima generaci\u00f3n.\",\"publisher\":{\"@id\":\"https:\\\/\\\/mcautocaravanas.com\\\/#organization\"},\"potentialAction\":[{\"@type\":\"SearchAction\",\"target\":{\"@type\":\"EntryPoint\",\"urlTemplate\":\"https:\\\/\\\/mcautocaravanas.com\\\/?s={search_term_string}\"},\"query-input\":{\"@type\":\"PropertyValueSpecification\",\"valueRequired\":true,\"valueName\":\"search_term_string\"}}],\"inLanguage\":\"en-US\"},{\"@type\":\"Organization\",\"@id\":\"https:\\\/\\\/mcautocaravanas.com\\\/#organization\",\"name\":\"M.C. Autocaravanas Getxo S.L\",\"url\":\"https:\\\/\\\/mcautocaravanas.com\\\/\",\"logo\":{\"@type\":\"ImageObject\",\"inLanguage\":\"en-US\",\"@id\":\"https:\\\/\\\/mcautocaravanas.com\\\/#\\\/schema\\\/logo\\\/image\\\/\",\"url\":\"https:\\\/\\\/mcautocaravanas.com\\\/wp-content\\\/uploads\\\/2024\\\/06\\\/cropped-cropped-M.C-AUTOCARAVANAS-1-2.png\",\"contentUrl\":\"https:\\\/\\\/mcautocaravanas.com\\\/wp-content\\\/uploads\\\/2024\\\/06\\\/cropped-cropped-M.C-AUTOCARAVANAS-1-2.png\",\"width\":512,\"height\":484,\"caption\":\"M.C. Autocaravanas Getxo S.L\"},\"image\":{\"@id\":\"https:\\\/\\\/mcautocaravanas.com\\\/#\\\/schema\\\/logo\\\/image\\\/\"}},{\"@type\":\"Person\",\"@id\":\"https:\\\/\\\/mcautocaravanas.com\\\/#\\\/schema\\\/person\\\/a52f2c7d5cbfcc2609bc27222231ad9a\",\"name\":\"mcautocaravanas\",\"image\":{\"@type\":\"ImageObject\",\"inLanguage\":\"en-US\",\"@id\":\"https:\\\/\\\/secure.gravatar.com\\\/avatar\\\/07d32fc839bf9372083edbc2691f268c25b349229c1eadb54048150c3db6bd0d?s=96&d=mm&r=g\",\"url\":\"https:\\\/\\\/secure.gravatar.com\\\/avatar\\\/07d32fc839bf9372083edbc2691f268c25b349229c1eadb54048150c3db6bd0d?s=96&d=mm&r=g\",\"contentUrl\":\"https:\\\/\\\/secure.gravatar.com\\\/avatar\\\/07d32fc839bf9372083edbc2691f268c25b349229c1eadb54048150c3db6bd0d?s=96&d=mm&r=g\",\"caption\":\"mcautocaravanas\"},\"sameAs\":[\"https:\\\/\\\/mcautocaravanas.com\",\"https:\\\/\\\/www.facebook.com\\\/people\\\/McAutocaravanas-Getxo\\\/100086353929860\\\/?_rdr\",\"https:\\\/\\\/www.instagram.com\\\/mc_autocaravanas_getxo\\\/\"],\"url\":\"https:\\\/\\\/mcautocaravanas.com\\\/en\\\/author\\\/mcautocaravanas\\\/\"}]}<\/script>\n<!-- \/ Yoast SEO plugin. -->","yoast_head_json":{"title":"Citroen 3.0cc 160cv PERFILADA Moncayo - M.C. Autocaravanas Getxo S.L","description":"Financiaci\u00f3n 100%Puedes visitarla en nuestras instalaciones, concertando una cita telef\u00f3nica. \u00a1Estaremos encantados de atenderte y asesorarte!","robots":{"index":"index","follow":"follow","max-snippet":"max-snippet:-1","max-image-preview":"max-image-preview:large","max-video-preview":"max-video-preview:-1"},"canonical":"https:\/\/mcautocaravanas.com\/en\/citroen-3-0cc-160cv-perfilada-moncayo\/","og_locale":"en_US","og_type":"article","og_title":"Citroen 3.0cc 160cv PERFILADA Moncayo - M.C. Autocaravanas Getxo S.L","og_description":"Financiaci\u00f3n 100%Puedes visitarla en nuestras instalaciones, concertando una cita telef\u00f3nica. \u00a1Estaremos encantados de atenderte y asesorarte!","og_url":"https:\/\/mcautocaravanas.com\/en\/citroen-3-0cc-160cv-perfilada-moncayo\/","og_site_name":"M.C. Autocaravanas Getxo S.L","article_author":"https:\/\/www.facebook.com\/people\/McAutocaravanas-Getxo\/100086353929860\/?_rdr","article_published_time":"2025-06-18T17:07:41+00:00","article_modified_time":"2025-07-11T21:44:38+00:00","og_image":[{"width":1536,"height":1052,"url":"https:\/\/mcautocaravanas.com\/wp-content\/uploads\/2025\/06\/VENDIDA-13.jpg","type":"image\/jpeg"}],"author":"mcautocaravanas","twitter_card":"summary_large_image","twitter_misc":{"Written by":"mcautocaravanas","Est. reading time":"8 minutes"},"schema":{"@context":"https:\/\/schema.org","@graph":[{"@type":"Article","@id":"https:\/\/mcautocaravanas.com\/citroen-3-0cc-160cv-perfilada-moncayo\/#article","isPartOf":{"@id":"https:\/\/mcautocaravanas.com\/citroen-3-0cc-160cv-perfilada-moncayo\/"},"author":{"name":"mcautocaravanas","@id":"https:\/\/mcautocaravanas.com\/#\/schema\/person\/a52f2c7d5cbfcc2609bc27222231ad9a"},"headline":"Citroen 3.0cc 160cv PERFILADA Moncayo","datePublished":"2025-06-18T17:07:41+00:00","dateModified":"2025-07-11T21:44:38+00:00","mainEntityOfPage":{"@id":"https:\/\/mcautocaravanas.com\/citroen-3-0cc-160cv-perfilada-moncayo\/"},"wordCount":61,"commentCount":0,"publisher":{"@id":"https:\/\/mcautocaravanas.com\/#organization"},"image":{"@id":"https:\/\/mcautocaravanas.com\/citroen-3-0cc-160cv-perfilada-moncayo\/#primaryimage"},"thumbnailUrl":"https:\/\/mcautocaravanas.com\/wp-content\/uploads\/2025\/06\/VENDIDA-13.jpg","articleSection":["Autocaravanas y furgocamper de segunda mano","Venta"],"inLanguage":"en-US","potentialAction":[{"@type":"CommentAction","name":"Comment","target":["https:\/\/mcautocaravanas.com\/citroen-3-0cc-160cv-perfilada-moncayo\/#respond"]}]},{"@type":"WebPage","@id":"https:\/\/mcautocaravanas.com\/citroen-3-0cc-160cv-perfilada-moncayo\/","url":"https:\/\/mcautocaravanas.com\/citroen-3-0cc-160cv-perfilada-moncayo\/","name":"Citroen 3.0cc 160cv PERFILADA Moncayo - M.C. Autocaravanas Getxo S.L","isPartOf":{"@id":"https:\/\/mcautocaravanas.com\/#website"},"primaryImageOfPage":{"@id":"https:\/\/mcautocaravanas.com\/citroen-3-0cc-160cv-perfilada-moncayo\/#primaryimage"},"image":{"@id":"https:\/\/mcautocaravanas.com\/citroen-3-0cc-160cv-perfilada-moncayo\/#primaryimage"},"thumbnailUrl":"https:\/\/mcautocaravanas.com\/wp-content\/uploads\/2025\/06\/VENDIDA-13.jpg","datePublished":"2025-06-18T17:07:41+00:00","dateModified":"2025-07-11T21:44:38+00:00","description":"Financiaci\u00f3n 100%Puedes visitarla en nuestras instalaciones, concertando una cita telef\u00f3nica. \u00a1Estaremos encantados de atenderte y asesorarte!","breadcrumb":{"@id":"https:\/\/mcautocaravanas.com\/citroen-3-0cc-160cv-perfilada-moncayo\/#breadcrumb"},"inLanguage":"en-US","potentialAction":[{"@type":"ReadAction","target":["https:\/\/mcautocaravanas.com\/citroen-3-0cc-160cv-perfilada-moncayo\/"]}]},{"@type":"ImageObject","inLanguage":"en-US","@id":"https:\/\/mcautocaravanas.com\/citroen-3-0cc-160cv-perfilada-moncayo\/#primaryimage","url":"https:\/\/mcautocaravanas.com\/wp-content\/uploads\/2025\/06\/VENDIDA-13.jpg","contentUrl":"https:\/\/mcautocaravanas.com\/wp-content\/uploads\/2025\/06\/VENDIDA-13.jpg","width":1536,"height":1052},{"@type":"BreadcrumbList","@id":"https:\/\/mcautocaravanas.com\/citroen-3-0cc-160cv-perfilada-moncayo\/#breadcrumb","itemListElement":[{"@type":"ListItem","position":1,"name":"Portada","item":"https:\/\/mcautocaravanas.com\/"},{"@type":"ListItem","position":2,"name":"Citroen 3.0cc 160cv PERFILADA Moncayo"}]},{"@type":"WebSite","@id":"https:\/\/mcautocaravanas.com\/#website","url":"https:\/\/mcautocaravanas.com\/","name":"M.C. Autocaravanas Getxo S.L","description":"\u00bfListo para una aventura inolvidable? En M.C Autocaravanas Getxo, te ofrecemos la oportunidad de explorar el mundo a tu ritmo con nuestras autocaravanas de \u00faltima generaci\u00f3n.","publisher":{"@id":"https:\/\/mcautocaravanas.com\/#organization"},"potentialAction":[{"@type":"SearchAction","target":{"@type":"EntryPoint","urlTemplate":"https:\/\/mcautocaravanas.com\/?s={search_term_string}"},"query-input":{"@type":"PropertyValueSpecification","valueRequired":true,"valueName":"search_term_string"}}],"inLanguage":"en-US"},{"@type":"Organization","@id":"https:\/\/mcautocaravanas.com\/#organization","name":"M.C. Autocaravanas Getxo S.L","url":"https:\/\/mcautocaravanas.com\/","logo":{"@type":"ImageObject","inLanguage":"en-US","@id":"https:\/\/mcautocaravanas.com\/#\/schema\/logo\/image\/","url":"https:\/\/mcautocaravanas.com\/wp-content\/uploads\/2024\/06\/cropped-cropped-M.C-AUTOCARAVANAS-1-2.png","contentUrl":"https:\/\/mcautocaravanas.com\/wp-content\/uploads\/2024\/06\/cropped-cropped-M.C-AUTOCARAVANAS-1-2.png","width":512,"height":484,"caption":"M.C. Autocaravanas Getxo S.L"},"image":{"@id":"https:\/\/mcautocaravanas.com\/#\/schema\/logo\/image\/"}},{"@type":"Person","@id":"https:\/\/mcautocaravanas.com\/#\/schema\/person\/a52f2c7d5cbfcc2609bc27222231ad9a","name":"mcautocaravanas","image":{"@type":"ImageObject","inLanguage":"en-US","@id":"https:\/\/secure.gravatar.com\/avatar\/07d32fc839bf9372083edbc2691f268c25b349229c1eadb54048150c3db6bd0d?s=96&d=mm&r=g","url":"https:\/\/secure.gravatar.com\/avatar\/07d32fc839bf9372083edbc2691f268c25b349229c1eadb54048150c3db6bd0d?s=96&d=mm&r=g","contentUrl":"https:\/\/secure.gravatar.com\/avatar\/07d32fc839bf9372083edbc2691f268c25b349229c1eadb54048150c3db6bd0d?s=96&d=mm&r=g","caption":"mcautocaravanas"},"sameAs":["https:\/\/mcautocaravanas.com","https:\/\/www.facebook.com\/people\/McAutocaravanas-Getxo\/100086353929860\/?_rdr","https:\/\/www.instagram.com\/mc_autocaravanas_getxo\/"],"url":"https:\/\/mcautocaravanas.com\/en\/author\/mcautocaravanas\/"}]}},"jetpack_featured_media_url":"https:\/\/mcautocaravanas.com\/wp-content\/uploads\/2025\/06\/VENDIDA-13.jpg","_links":{"self":[{"href":"https:\/\/mcautocaravanas.com\/en\/wp-json\/wp\/v2\/posts\/3399","targetHints":{"allow":["GET"]}}],"collection":[{"href":"https:\/\/mcautocaravanas.com\/en\/wp-json\/wp\/v2\/posts"}],"about":[{"href":"https:\/\/mcautocaravanas.com\/en\/wp-json\/wp\/v2\/types\/post"}],"author":[{"embeddable":true,"href":"https:\/\/mcautocaravanas.com\/en\/wp-json\/wp\/v2\/users\/1"}],"replies":[{"embeddable":true,"href":"https:\/\/mcautocaravanas.com\/en\/wp-json\/wp\/v2\/comments?post=3399"}],"version-history":[{"count":7,"href":"https:\/\/mcautocaravanas.com\/en\/wp-json\/wp\/v2\/posts\/3399\/revisions"}],"predecessor-version":[{"id":3565,"href":"https:\/\/mcautocaravanas.com\/en\/wp-json\/wp\/v2\/posts\/3399\/revisions\/3565"}],"wp:featuredmedia":[{"embeddable":true,"href":"https:\/\/mcautocaravanas.com\/en\/wp-json\/wp\/v2\/media\/3562"}],"wp:attachment":[{"href":"https:\/\/mcautocaravanas.com\/en\/wp-json\/wp\/v2\/media?parent=3399"}],"wp:term":[{"taxonomy":"category","embeddable":true,"href":"https:\/\/mcautocaravanas.com\/en\/wp-json\/wp\/v2\/categories?post=3399"},{"taxonomy":"post_tag","embeddable":true,"href":"https:\/\/mcautocaravanas.com\/en\/wp-json\/wp\/v2\/tags?post=3399"}],"curies":[{"name":"wp","href":"https:\/\/api.w.org\/{rel}","templated":true}]}}