{"id":3160,"date":"2025-05-30T10:23:47","date_gmt":"2025-05-30T10:23:47","guid":{"rendered":"https:\/\/mcautocaravanas.com\/?p=3160"},"modified":"2025-05-30T10:26:22","modified_gmt":"2025-05-30T10:26:22","slug":"autocaravana-fiat-ducato-2-0-td","status":"publish","type":"post","link":"https:\/\/mcautocaravanas.com\/en\/autocaravana-fiat-ducato-2-0-td\/","title":{"rendered":"Autocaravana Fiat Ducato 2.0 TD"},"content":{"rendered":"<div data-elementor-type=\"wp-post\" data-elementor-id=\"3160\" class=\"elementor elementor-3160\" data-elementor-post-type=\"post\">\n\t\t\t\t<div class=\"elementor-element elementor-element-91d6c64 e-flex e-con-boxed e-con e-parent\" data-id=\"91d6c64\" data-element_type=\"container\" data-e-type=\"container\">\n\t\t\t\t\t<div class=\"e-con-inner\">\n\t\t\t\t<div class=\"elementor-element elementor-element-c293d15 elementor-widget elementor-widget-image\" data-id=\"c293d15\" data-element_type=\"widget\" data-e-type=\"widget\" data-widget_type=\"image.default\">\n\t\t\t\t<div class=\"elementor-widget-container\">\n\t\t\t\t\t\t\t\t\t\t\t\t\t\t\t<img fetchpriority=\"high\" decoding=\"async\" width=\"800\" height=\"548\" src=\"https:\/\/mcautocaravanas.com\/wp-content\/uploads\/2025\/05\/VENDIDA-3-1024x701.jpg\" class=\"attachment-large size-large wp-image-3161\" alt=\"\" srcset=\"https:\/\/mcautocaravanas.com\/wp-content\/uploads\/2025\/05\/VENDIDA-3-1024x701.jpg 1024w, https:\/\/mcautocaravanas.com\/wp-content\/uploads\/2025\/05\/VENDIDA-3-300x205.jpg 300w, https:\/\/mcautocaravanas.com\/wp-content\/uploads\/2025\/05\/VENDIDA-3-768x526.jpg 768w, https:\/\/mcautocaravanas.com\/wp-content\/uploads\/2025\/05\/VENDIDA-3-18x12.jpg 18w, https:\/\/mcautocaravanas.com\/wp-content\/uploads\/2025\/05\/VENDIDA-3.jpg 1536w\" sizes=\"(max-width: 800px) 100vw, 800px\" \/>\t\t\t\t\t\t\t\t\t\t\t\t\t\t\t<\/div>\n\t\t\t\t<\/div>\n\t\t\t\t\t<\/div>\n\t\t\t\t<\/div>\n\t\t<div class=\"elementor-element elementor-element-6a34a19 e-flex e-con-boxed e-con e-parent\" data-id=\"6a34a19\" data-element_type=\"container\" data-e-type=\"container\">\n\t\t\t\t\t<div class=\"e-con-inner\">\n\t\t\t\t<div class=\"elementor-element elementor-element-c64a612 elementor-headline--style-highlight elementor-widget elementor-widget-animated-headline\" data-id=\"c64a612\" data-element_type=\"widget\" data-e-type=\"widget\" data-settings=\"{&quot;marker&quot;:&quot;underline&quot;,&quot;highlighted_text&quot;:&quot;22.000\\u20ac&quot;,&quot;headline_style&quot;:&quot;highlight&quot;,&quot;loop&quot;:&quot;yes&quot;,&quot;highlight_animation_duration&quot;:1200,&quot;highlight_iteration_delay&quot;:8000}\" data-widget_type=\"animated-headline.default\">\n\t\t\t\t<div class=\"elementor-widget-container\">\n\t\t\t\t\t\t\t<h3 class=\"elementor-headline\">\n\t\t\t\t<span class=\"elementor-headline-dynamic-wrapper elementor-headline-text-wrapper\">\n\t\t\t\t\t<span class=\"elementor-headline-dynamic-text elementor-headline-text-active\">22.000\u20ac<\/span>\n\t\t\t\t<\/span>\n\t\t\t\t<\/h3>\n\t\t\t\t\t\t<\/div>\n\t\t\t\t<\/div>\n\t\t\t\t\t<\/div>\n\t\t\t\t<\/div>\n\t\t<div class=\"elementor-element elementor-element-2df71c2 e-grid e-con-boxed e-con e-parent\" data-id=\"2df71c2\" data-element_type=\"container\" data-e-type=\"container\">\n\t\t\t\t\t<div class=\"e-con-inner\">\n\t\t\t\t<div class=\"elementor-element elementor-element-5b3d8aa elementor-widget elementor-widget-text-editor\" data-id=\"5b3d8aa\" data-element_type=\"widget\" data-e-type=\"widget\" data-widget_type=\"text-editor.default\">\n\t\t\t\t<div class=\"elementor-widget-container\">\n\t\t\t\t\t\t\t\t\t<p style=\"text-align: center;\"><strong>CARACTER\u00cdSTICAS<\/strong><\/p><hr \/><div class=\"mt-PanelAdDetails-optionalEquipment\"><div class=\"mt-PanelAdDetails-optionalEquipmentGroup\"><div class=\"mt-ListBasic-listItemContent\"><div class=\"elementor-column elementor-col-50 elementor-inner-column elementor-element elementor-element-35160016\" data-id=\"35160016\" data-element_type=\"column\"><div class=\"elementor-widget-wrap elementor-element-populated\"><div class=\"elementor-element elementor-element-6dd5fe65 elementor-widget__width-inherit elementor-widget elementor-widget-heading\" data-id=\"6dd5fe65\" data-element_type=\"widget\" data-widget_type=\"heading.default\"><div class=\"elementor-widget-container\"><div class=\"elementor-element elementor-element-6d8ec298 elementor-widget elementor-widget-text-editor\" data-id=\"6d8ec298\" data-element_type=\"widget\" data-widget_type=\"text-editor.default\"><div class=\"elementor-widget-container\"><p>2Del 2006<br \/>90 cv<br \/>190.000 km<br \/>\u00c1gil y fiable<br \/>5 plazas para viajar \/ 4 para dormir<br \/>Longitud: 5,67 m \u2013 Compacta y manejable<\/p><p><strong>Equipamiento y extras:<\/strong><\/p><ul><li>C\u00e1mara de marcha atr\u00e1s<\/li><li>Radio Bluetooth<br \/>Placa solar de 180W<\/li><li>Enfriador VIESA en zona vivienda<\/li><li>Toldo Fiamma<\/li><li>Portabicis Fiamma<\/li><li>Ba\u00f1o y ducha separados<\/li><li>Dep\u00f3sitos de agua: 100L (limpia) y 100L (sucia)<\/li><li>Antena de televisi\u00f3n<\/li><li>Bater\u00eda auxiliar vivienda nueva<\/li><li>Boiler TRUMA para agua caliente<\/li><li>Calefacci\u00f3n a gas<\/li><li>Instalaci\u00f3n de gas y nevera reci\u00e9n revisadas (con factura)<\/li><li>Luces LED interiores nuevas<\/li><li>Tomas USB de carga<\/li><li>Colch\u00f3n capuchina de l\u00e1tex nuevo (1.5m x 2m)<\/li><\/ul><p><strong>Mantenimiento reciente:<\/strong><\/p><ul><li>Correa de distribuci\u00f3n reci\u00e9n cambiada<\/li><li>Embrague nuevo<\/li><li>Suspensi\u00f3n delantera nueva<\/li><li>Ruedas Michelin Camping nuevas<\/li><\/ul><p>GARANT\u00cdA 12 meses, lista para viajar.<\/p><p><strong>Precio: 22.000 \u20ac<\/strong><br \/><strong>Financiaci\u00f3n 100%<\/strong><\/p><p>Puedes visitar la autocaravana en nuestras instalaciones, concertando una cita telef\u00f3nica.<br \/>\u00a1Estaremos encantados de atenderte y asesorarte<\/p><\/div><\/div><\/div><\/div><\/div><\/div><div class=\"elementor-column elementor-col-50 elementor-inner-column elementor-element elementor-element-2adb5a52\" data-id=\"2adb5a52\" data-element_type=\"column\"><div class=\"elementor-widget-wrap elementor-element-populated\"><div class=\"elementor-element elementor-element-353a3315 elementor-widget__width-initial elementor-widget elementor-widget-heading\" data-id=\"353a3315\" data-element_type=\"widget\" data-widget_type=\"heading.default\"><div class=\"elementor-widget-container\">\u00a0<\/div><\/div><\/div><\/div><\/div><\/div><\/div>\t\t\t\t\t\t\t\t<\/div>\n\t\t\t\t<\/div>\n\t\t\t\t<div class=\"elementor-element elementor-element-8c20efc elementor-widget elementor-widget-image-gallery\" data-id=\"8c20efc\" data-element_type=\"widget\" data-e-type=\"widget\" data-widget_type=\"image-gallery.default\">\n\t\t\t\t<div class=\"elementor-widget-container\">\n\t\t\t\t\t\t\t<div class=\"elementor-image-gallery\">\n\t\t\t<div id='gallery-1' class='gallery galleryid-3160 gallery-columns-4 gallery-size-thumbnail'><figure class='gallery-item'>\n\t\t\t<div class='gallery-icon landscape'>\n\t\t\t\t<img decoding=\"async\" width=\"150\" height=\"150\" src=\"https:\/\/mcautocaravanas.com\/wp-content\/uploads\/2025\/04\/WhatsApp-Image-2025-03-30-at-18.02.01-4-150x150.jpeg\" class=\"attachment-thumbnail size-thumbnail\" alt=\"Autocaravana Fiat Ducato\" aria-describedby=\"gallery-1-2677\" \/>\n\t\t\t<\/div>\n\t\t\t\t<figcaption class='wp-caption-text gallery-caption' id='gallery-1-2677'>\n\t\t\t\tAutocaravana Fiat Ducato\n\t\t\t\t<\/figcaption><\/figure><figure class='gallery-item'>\n\t\t\t<div class='gallery-icon landscape'>\n\t\t\t\t<img decoding=\"async\" width=\"150\" height=\"150\" src=\"https:\/\/mcautocaravanas.com\/wp-content\/uploads\/2025\/04\/WhatsApp-Image-2025-03-30-at-18.02.01-3-150x150.jpeg\" class=\"attachment-thumbnail size-thumbnail\" alt=\"Autocaravana Fiat Ducato\" aria-describedby=\"gallery-1-2676\" \/>\n\t\t\t<\/div>\n\t\t\t\t<figcaption class='wp-caption-text gallery-caption' id='gallery-1-2676'>\n\t\t\t\tAutocaravana Fiat Ducato\n\t\t\t\t<\/figcaption><\/figure><figure class='gallery-item'>\n\t\t\t<div class='gallery-icon landscape'>\n\t\t\t\t<img loading=\"lazy\" decoding=\"async\" width=\"150\" height=\"150\" src=\"https:\/\/mcautocaravanas.com\/wp-content\/uploads\/2025\/04\/WhatsApp-Image-2025-03-30-at-18.02.01-2-150x150.jpeg\" class=\"attachment-thumbnail size-thumbnail\" alt=\"Autocaravana Fiat Ducato\" aria-describedby=\"gallery-1-2675\" \/>\n\t\t\t<\/div>\n\t\t\t\t<figcaption class='wp-caption-text gallery-caption' id='gallery-1-2675'>\n\t\t\t\tAutocaravana Fiat Ducato\n\t\t\t\t<\/figcaption><\/figure><figure class='gallery-item'>\n\t\t\t<div class='gallery-icon landscape'>\n\t\t\t\t<img loading=\"lazy\" decoding=\"async\" width=\"150\" height=\"150\" src=\"https:\/\/mcautocaravanas.com\/wp-content\/uploads\/2025\/04\/WhatsApp-Image-2025-03-30-at-18.02.00-150x150.jpeg\" class=\"attachment-thumbnail size-thumbnail\" alt=\"Autocaravana Fiat Ducato\" aria-describedby=\"gallery-1-2674\" \/>\n\t\t\t<\/div>\n\t\t\t\t<figcaption class='wp-caption-text gallery-caption' id='gallery-1-2674'>\n\t\t\t\tAutocaravana Fiat Ducato\n\t\t\t\t<\/figcaption><\/figure><figure class='gallery-item'>\n\t\t\t<div class='gallery-icon portrait'>\n\t\t\t\t<img loading=\"lazy\" decoding=\"async\" width=\"150\" height=\"150\" src=\"https:\/\/mcautocaravanas.com\/wp-content\/uploads\/2025\/04\/WhatsApp-Image-2025-03-30-at-18.02.00-8-150x150.jpeg\" class=\"attachment-thumbnail size-thumbnail\" alt=\"Autocaravana Fiat Ducato\" aria-describedby=\"gallery-1-2673\" \/>\n\t\t\t<\/div>\n\t\t\t\t<figcaption class='wp-caption-text gallery-caption' id='gallery-1-2673'>\n\t\t\t\tAutocaravana Fiat Ducato\n\t\t\t\t<\/figcaption><\/figure><figure class='gallery-item'>\n\t\t\t<div class='gallery-icon landscape'>\n\t\t\t\t<img loading=\"lazy\" decoding=\"async\" width=\"150\" height=\"150\" src=\"https:\/\/mcautocaravanas.com\/wp-content\/uploads\/2025\/04\/WhatsApp-Image-2025-03-30-at-18.02.00-7-150x150.jpeg\" class=\"attachment-thumbnail size-thumbnail\" alt=\"Autocaravana Fiat Ducato\" aria-describedby=\"gallery-1-2672\" \/>\n\t\t\t<\/div>\n\t\t\t\t<figcaption class='wp-caption-text gallery-caption' id='gallery-1-2672'>\n\t\t\t\tAutocaravana Fiat Ducato\n\t\t\t\t<\/figcaption><\/figure><figure class='gallery-item'>\n\t\t\t<div class='gallery-icon landscape'>\n\t\t\t\t<img loading=\"lazy\" decoding=\"async\" width=\"150\" height=\"150\" src=\"https:\/\/mcautocaravanas.com\/wp-content\/uploads\/2025\/04\/WhatsApp-Image-2025-03-30-at-18.02.00-6-150x150.jpeg\" class=\"attachment-thumbnail size-thumbnail\" alt=\"Autocaravana Fiat Ducato\" aria-describedby=\"gallery-1-2671\" \/>\n\t\t\t<\/div>\n\t\t\t\t<figcaption class='wp-caption-text gallery-caption' id='gallery-1-2671'>\n\t\t\t\tAutocaravana Fiat Ducato\n\t\t\t\t<\/figcaption><\/figure><figure class='gallery-item'>\n\t\t\t<div class='gallery-icon landscape'>\n\t\t\t\t<img loading=\"lazy\" decoding=\"async\" width=\"150\" height=\"150\" src=\"https:\/\/mcautocaravanas.com\/wp-content\/uploads\/2025\/04\/WhatsApp-Image-2025-03-30-at-18.02.00-5-150x150.jpeg\" class=\"attachment-thumbnail size-thumbnail\" alt=\"Autocaravana Fiat Ducato\" aria-describedby=\"gallery-1-2670\" \/>\n\t\t\t<\/div>\n\t\t\t\t<figcaption class='wp-caption-text gallery-caption' id='gallery-1-2670'>\n\t\t\t\tAutocaravana Fiat Ducato\n\t\t\t\t<\/figcaption><\/figure><figure class='gallery-item'>\n\t\t\t<div class='gallery-icon landscape'>\n\t\t\t\t<img loading=\"lazy\" decoding=\"async\" width=\"150\" height=\"150\" src=\"https:\/\/mcautocaravanas.com\/wp-content\/uploads\/2025\/04\/WhatsApp-Image-2025-03-30-at-18.02.00-4-150x150.jpeg\" class=\"attachment-thumbnail size-thumbnail\" alt=\"Autocaravana Fiat Ducato\" aria-describedby=\"gallery-1-2669\" \/>\n\t\t\t<\/div>\n\t\t\t\t<figcaption class='wp-caption-text gallery-caption' id='gallery-1-2669'>\n\t\t\t\tAutocaravana Fiat Ducato\n\t\t\t\t<\/figcaption><\/figure><figure class='gallery-item'>\n\t\t\t<div class='gallery-icon landscape'>\n\t\t\t\t<img loading=\"lazy\" decoding=\"async\" width=\"150\" height=\"150\" src=\"https:\/\/mcautocaravanas.com\/wp-content\/uploads\/2025\/04\/WhatsApp-Image-2025-03-30-at-18.02.00-3-150x150.jpeg\" class=\"attachment-thumbnail size-thumbnail\" alt=\"Autocaravana Fiat Ducato\" aria-describedby=\"gallery-1-2668\" \/>\n\t\t\t<\/div>\n\t\t\t\t<figcaption class='wp-caption-text gallery-caption' id='gallery-1-2668'>\n\t\t\t\tAutocaravana Fiat Ducato\n\t\t\t\t<\/figcaption><\/figure><figure class='gallery-item'>\n\t\t\t<div class='gallery-icon landscape'>\n\t\t\t\t<img loading=\"lazy\" decoding=\"async\" width=\"150\" height=\"150\" src=\"https:\/\/mcautocaravanas.com\/wp-content\/uploads\/2025\/04\/WhatsApp-Image-2025-03-30-at-18.02.00-2-150x150.jpeg\" class=\"attachment-thumbnail size-thumbnail\" alt=\"Autocaravana Fiat Ducato\" aria-describedby=\"gallery-1-2667\" \/>\n\t\t\t<\/div>\n\t\t\t\t<figcaption class='wp-caption-text gallery-caption' id='gallery-1-2667'>\n\t\t\t\tAutocaravana Fiat Ducato\n\t\t\t\t<\/figcaption><\/figure><figure class='gallery-item'>\n\t\t\t<div class='gallery-icon landscape'>\n\t\t\t\t<img loading=\"lazy\" decoding=\"async\" width=\"150\" height=\"150\" src=\"https:\/\/mcautocaravanas.com\/wp-content\/uploads\/2025\/04\/Autocaravana-Fiat-Ducato1-150x150.jpeg\" class=\"attachment-thumbnail size-thumbnail\" alt=\"Autocaravana Fiat Ducato\" aria-describedby=\"gallery-1-2666\" \/>\n\t\t\t<\/div>\n\t\t\t\t<figcaption class='wp-caption-text gallery-caption' id='gallery-1-2666'>\n\t\t\t\tAutocaravana Fiat Ducato\n\t\t\t\t<\/figcaption><\/figure>\n\t\t<\/div>\n\t\t<\/div>\n\t\t\t\t\t\t<\/div>\n\t\t\t\t<\/div>\n\t\t\t\t\t<\/div>\n\t\t\t\t<\/div>\n\t\t\t\t<\/div>","protected":false},"excerpt":{"rendered":"<p>22.000\u20ac CARACTER\u00cdSTICAS 2Del 200690 cv190.000 km\u00c1gil y fiable5 plazas para viajar \/ 4 para dormirLongitud: 5,67 m \u2013 Compacta y manejable Equipamiento y extras: C\u00e1mara de marcha atr\u00e1s Radio BluetoothPlaca solar de 180W Enfriador VIESA en zona vivienda Toldo Fiamma Portabicis Fiamma Ba\u00f1o y ducha separados Dep\u00f3sitos de agua: 100L (limpia) y 100L (sucia) Antena [&hellip;]<\/p>\n","protected":false},"author":1,"featured_media":3161,"comment_status":"open","ping_status":"closed","sticky":false,"template":"","format":"standard","meta":{"footnotes":""},"categories":[8,9],"tags":[],"class_list":["post-3160","post","type-post","status-publish","format-standard","has-post-thumbnail","hentry","category-autocaravanas-y-furgocamper","category-venta"],"yoast_head":"<!-- This site is optimized with the Yoast SEO plugin v27.5 - https:\/\/yoast.com\/product\/yoast-seo-wordpress\/ -->\n<title>Autocaravana Fiat Ducato 2.0 TD - M.C. Autocaravanas Getxo S.L<\/title>\n<meta name=\"robots\" content=\"index, follow, max-snippet:-1, max-image-preview:large, max-video-preview:-1\" \/>\n<link rel=\"canonical\" href=\"https:\/\/mcautocaravanas.com\/en\/autocaravana-fiat-ducato-2-0-td\/\" \/>\n<meta property=\"og:locale\" content=\"en_US\" \/>\n<meta property=\"og:type\" content=\"article\" \/>\n<meta property=\"og:title\" content=\"Autocaravana Fiat Ducato 2.0 TD - M.C. Autocaravanas Getxo S.L\" \/>\n<meta property=\"og:description\" content=\"22.000\u20ac CARACTER\u00cdSTICAS 2Del 200690 cv190.000 km\u00c1gil y fiable5 plazas para viajar \/ 4 para dormirLongitud: 5,67 m \u2013 Compacta y manejable Equipamiento y extras: C\u00e1mara de marcha atr\u00e1s Radio BluetoothPlaca solar de 180W Enfriador VIESA en zona vivienda Toldo Fiamma Portabicis Fiamma Ba\u00f1o y ducha separados Dep\u00f3sitos de agua: 100L (limpia) y 100L (sucia) Antena [&hellip;]\" \/>\n<meta property=\"og:url\" content=\"https:\/\/mcautocaravanas.com\/en\/autocaravana-fiat-ducato-2-0-td\/\" \/>\n<meta property=\"og:site_name\" content=\"M.C. Autocaravanas Getxo S.L\" \/>\n<meta property=\"article:author\" content=\"https:\/\/www.facebook.com\/people\/McAutocaravanas-Getxo\/100086353929860\/?_rdr\" \/>\n<meta property=\"article:published_time\" content=\"2025-05-30T10:23:47+00:00\" \/>\n<meta property=\"article:modified_time\" content=\"2025-05-30T10:26:22+00:00\" \/>\n<meta property=\"og:image\" content=\"https:\/\/mcautocaravanas.com\/wp-content\/uploads\/2025\/05\/VENDIDA-3.jpg\" \/>\n\t<meta property=\"og:image:width\" content=\"1536\" \/>\n\t<meta property=\"og:image:height\" content=\"1052\" \/>\n\t<meta property=\"og:image:type\" content=\"image\/jpeg\" \/>\n<meta name=\"author\" content=\"mcautocaravanas\" \/>\n<meta name=\"twitter:card\" content=\"summary_large_image\" \/>\n<meta name=\"twitter:label1\" content=\"Written by\" \/>\n\t<meta name=\"twitter:data1\" content=\"mcautocaravanas\" \/>\n\t<meta name=\"twitter:label2\" content=\"Est. reading time\" \/>\n\t<meta name=\"twitter:data2\" content=\"4 minutes\" \/>\n<script type=\"application\/ld+json\" class=\"yoast-schema-graph\">{\"@context\":\"https:\\\/\\\/schema.org\",\"@graph\":[{\"@type\":\"Article\",\"@id\":\"https:\\\/\\\/mcautocaravanas.com\\\/autocaravana-fiat-ducato-2-0-td\\\/#article\",\"isPartOf\":{\"@id\":\"https:\\\/\\\/mcautocaravanas.com\\\/autocaravana-fiat-ducato-2-0-td\\\/\"},\"author\":{\"name\":\"mcautocaravanas\",\"@id\":\"https:\\\/\\\/mcautocaravanas.com\\\/#\\\/schema\\\/person\\\/a52f2c7d5cbfcc2609bc27222231ad9a\"},\"headline\":\"Autocaravana Fiat Ducato 2.0 TD\",\"datePublished\":\"2025-05-30T10:23:47+00:00\",\"dateModified\":\"2025-05-30T10:26:22+00:00\",\"mainEntityOfPage\":{\"@id\":\"https:\\\/\\\/mcautocaravanas.com\\\/autocaravana-fiat-ducato-2-0-td\\\/\"},\"wordCount\":187,\"commentCount\":0,\"publisher\":{\"@id\":\"https:\\\/\\\/mcautocaravanas.com\\\/#organization\"},\"image\":{\"@id\":\"https:\\\/\\\/mcautocaravanas.com\\\/autocaravana-fiat-ducato-2-0-td\\\/#primaryimage\"},\"thumbnailUrl\":\"https:\\\/\\\/mcautocaravanas.com\\\/wp-content\\\/uploads\\\/2025\\\/05\\\/VENDIDA-3.jpg\",\"articleSection\":[\"Autocaravanas y furgocamper de segunda mano\",\"Venta\"],\"inLanguage\":\"en-US\",\"potentialAction\":[{\"@type\":\"CommentAction\",\"name\":\"Comment\",\"target\":[\"https:\\\/\\\/mcautocaravanas.com\\\/autocaravana-fiat-ducato-2-0-td\\\/#respond\"]}]},{\"@type\":\"WebPage\",\"@id\":\"https:\\\/\\\/mcautocaravanas.com\\\/autocaravana-fiat-ducato-2-0-td\\\/\",\"url\":\"https:\\\/\\\/mcautocaravanas.com\\\/autocaravana-fiat-ducato-2-0-td\\\/\",\"name\":\"Autocaravana Fiat Ducato 2.0 TD - M.C. Autocaravanas Getxo S.L\",\"isPartOf\":{\"@id\":\"https:\\\/\\\/mcautocaravanas.com\\\/#website\"},\"primaryImageOfPage\":{\"@id\":\"https:\\\/\\\/mcautocaravanas.com\\\/autocaravana-fiat-ducato-2-0-td\\\/#primaryimage\"},\"image\":{\"@id\":\"https:\\\/\\\/mcautocaravanas.com\\\/autocaravana-fiat-ducato-2-0-td\\\/#primaryimage\"},\"thumbnailUrl\":\"https:\\\/\\\/mcautocaravanas.com\\\/wp-content\\\/uploads\\\/2025\\\/05\\\/VENDIDA-3.jpg\",\"datePublished\":\"2025-05-30T10:23:47+00:00\",\"dateModified\":\"2025-05-30T10:26:22+00:00\",\"breadcrumb\":{\"@id\":\"https:\\\/\\\/mcautocaravanas.com\\\/autocaravana-fiat-ducato-2-0-td\\\/#breadcrumb\"},\"inLanguage\":\"en-US\",\"potentialAction\":[{\"@type\":\"ReadAction\",\"target\":[\"https:\\\/\\\/mcautocaravanas.com\\\/autocaravana-fiat-ducato-2-0-td\\\/\"]}]},{\"@type\":\"ImageObject\",\"inLanguage\":\"en-US\",\"@id\":\"https:\\\/\\\/mcautocaravanas.com\\\/autocaravana-fiat-ducato-2-0-td\\\/#primaryimage\",\"url\":\"https:\\\/\\\/mcautocaravanas.com\\\/wp-content\\\/uploads\\\/2025\\\/05\\\/VENDIDA-3.jpg\",\"contentUrl\":\"https:\\\/\\\/mcautocaravanas.com\\\/wp-content\\\/uploads\\\/2025\\\/05\\\/VENDIDA-3.jpg\",\"width\":1536,\"height\":1052},{\"@type\":\"BreadcrumbList\",\"@id\":\"https:\\\/\\\/mcautocaravanas.com\\\/autocaravana-fiat-ducato-2-0-td\\\/#breadcrumb\",\"itemListElement\":[{\"@type\":\"ListItem\",\"position\":1,\"name\":\"Portada\",\"item\":\"https:\\\/\\\/mcautocaravanas.com\\\/\"},{\"@type\":\"ListItem\",\"position\":2,\"name\":\"Autocaravana Fiat Ducato 2.0 TD\"}]},{\"@type\":\"WebSite\",\"@id\":\"https:\\\/\\\/mcautocaravanas.com\\\/#website\",\"url\":\"https:\\\/\\\/mcautocaravanas.com\\\/\",\"name\":\"M.C. Autocaravanas Getxo S.L\",\"description\":\"\u00bfListo para una aventura inolvidable? En M.C Autocaravanas Getxo, te ofrecemos la oportunidad de explorar el mundo a tu ritmo con nuestras autocaravanas de \u00faltima generaci\u00f3n.\",\"publisher\":{\"@id\":\"https:\\\/\\\/mcautocaravanas.com\\\/#organization\"},\"potentialAction\":[{\"@type\":\"SearchAction\",\"target\":{\"@type\":\"EntryPoint\",\"urlTemplate\":\"https:\\\/\\\/mcautocaravanas.com\\\/?s={search_term_string}\"},\"query-input\":{\"@type\":\"PropertyValueSpecification\",\"valueRequired\":true,\"valueName\":\"search_term_string\"}}],\"inLanguage\":\"en-US\"},{\"@type\":\"Organization\",\"@id\":\"https:\\\/\\\/mcautocaravanas.com\\\/#organization\",\"name\":\"M.C. Autocaravanas Getxo S.L\",\"url\":\"https:\\\/\\\/mcautocaravanas.com\\\/\",\"logo\":{\"@type\":\"ImageObject\",\"inLanguage\":\"en-US\",\"@id\":\"https:\\\/\\\/mcautocaravanas.com\\\/#\\\/schema\\\/logo\\\/image\\\/\",\"url\":\"https:\\\/\\\/mcautocaravanas.com\\\/wp-content\\\/uploads\\\/2024\\\/06\\\/cropped-cropped-M.C-AUTOCARAVANAS-1-2.png\",\"contentUrl\":\"https:\\\/\\\/mcautocaravanas.com\\\/wp-content\\\/uploads\\\/2024\\\/06\\\/cropped-cropped-M.C-AUTOCARAVANAS-1-2.png\",\"width\":512,\"height\":484,\"caption\":\"M.C. Autocaravanas Getxo S.L\"},\"image\":{\"@id\":\"https:\\\/\\\/mcautocaravanas.com\\\/#\\\/schema\\\/logo\\\/image\\\/\"}},{\"@type\":\"Person\",\"@id\":\"https:\\\/\\\/mcautocaravanas.com\\\/#\\\/schema\\\/person\\\/a52f2c7d5cbfcc2609bc27222231ad9a\",\"name\":\"mcautocaravanas\",\"image\":{\"@type\":\"ImageObject\",\"inLanguage\":\"en-US\",\"@id\":\"https:\\\/\\\/secure.gravatar.com\\\/avatar\\\/07d32fc839bf9372083edbc2691f268c25b349229c1eadb54048150c3db6bd0d?s=96&d=mm&r=g\",\"url\":\"https:\\\/\\\/secure.gravatar.com\\\/avatar\\\/07d32fc839bf9372083edbc2691f268c25b349229c1eadb54048150c3db6bd0d?s=96&d=mm&r=g\",\"contentUrl\":\"https:\\\/\\\/secure.gravatar.com\\\/avatar\\\/07d32fc839bf9372083edbc2691f268c25b349229c1eadb54048150c3db6bd0d?s=96&d=mm&r=g\",\"caption\":\"mcautocaravanas\"},\"sameAs\":[\"https:\\\/\\\/mcautocaravanas.com\",\"https:\\\/\\\/www.facebook.com\\\/people\\\/McAutocaravanas-Getxo\\\/100086353929860\\\/?_rdr\",\"https:\\\/\\\/www.instagram.com\\\/mc_autocaravanas_getxo\\\/\"],\"url\":\"https:\\\/\\\/mcautocaravanas.com\\\/en\\\/author\\\/mcautocaravanas\\\/\"}]}<\/script>\n<!-- \/ Yoast SEO plugin. -->","yoast_head_json":{"title":"Autocaravana Fiat Ducato 2.0 TD - M.C. Autocaravanas Getxo S.L","robots":{"index":"index","follow":"follow","max-snippet":"max-snippet:-1","max-image-preview":"max-image-preview:large","max-video-preview":"max-video-preview:-1"},"canonical":"https:\/\/mcautocaravanas.com\/en\/autocaravana-fiat-ducato-2-0-td\/","og_locale":"en_US","og_type":"article","og_title":"Autocaravana Fiat Ducato 2.0 TD - M.C. Autocaravanas Getxo S.L","og_description":"22.000\u20ac CARACTER\u00cdSTICAS 2Del 200690 cv190.000 km\u00c1gil y fiable5 plazas para viajar \/ 4 para dormirLongitud: 5,67 m \u2013 Compacta y manejable Equipamiento y extras: C\u00e1mara de marcha atr\u00e1s Radio BluetoothPlaca solar de 180W Enfriador VIESA en zona vivienda Toldo Fiamma Portabicis Fiamma Ba\u00f1o y ducha separados Dep\u00f3sitos de agua: 100L (limpia) y 100L (sucia) Antena [&hellip;]","og_url":"https:\/\/mcautocaravanas.com\/en\/autocaravana-fiat-ducato-2-0-td\/","og_site_name":"M.C. Autocaravanas Getxo S.L","article_author":"https:\/\/www.facebook.com\/people\/McAutocaravanas-Getxo\/100086353929860\/?_rdr","article_published_time":"2025-05-30T10:23:47+00:00","article_modified_time":"2025-05-30T10:26:22+00:00","og_image":[{"width":1536,"height":1052,"url":"https:\/\/mcautocaravanas.com\/wp-content\/uploads\/2025\/05\/VENDIDA-3.jpg","type":"image\/jpeg"}],"author":"mcautocaravanas","twitter_card":"summary_large_image","twitter_misc":{"Written by":"mcautocaravanas","Est. reading time":"4 minutes"},"schema":{"@context":"https:\/\/schema.org","@graph":[{"@type":"Article","@id":"https:\/\/mcautocaravanas.com\/autocaravana-fiat-ducato-2-0-td\/#article","isPartOf":{"@id":"https:\/\/mcautocaravanas.com\/autocaravana-fiat-ducato-2-0-td\/"},"author":{"name":"mcautocaravanas","@id":"https:\/\/mcautocaravanas.com\/#\/schema\/person\/a52f2c7d5cbfcc2609bc27222231ad9a"},"headline":"Autocaravana Fiat Ducato 2.0 TD","datePublished":"2025-05-30T10:23:47+00:00","dateModified":"2025-05-30T10:26:22+00:00","mainEntityOfPage":{"@id":"https:\/\/mcautocaravanas.com\/autocaravana-fiat-ducato-2-0-td\/"},"wordCount":187,"commentCount":0,"publisher":{"@id":"https:\/\/mcautocaravanas.com\/#organization"},"image":{"@id":"https:\/\/mcautocaravanas.com\/autocaravana-fiat-ducato-2-0-td\/#primaryimage"},"thumbnailUrl":"https:\/\/mcautocaravanas.com\/wp-content\/uploads\/2025\/05\/VENDIDA-3.jpg","articleSection":["Autocaravanas y furgocamper de segunda mano","Venta"],"inLanguage":"en-US","potentialAction":[{"@type":"CommentAction","name":"Comment","target":["https:\/\/mcautocaravanas.com\/autocaravana-fiat-ducato-2-0-td\/#respond"]}]},{"@type":"WebPage","@id":"https:\/\/mcautocaravanas.com\/autocaravana-fiat-ducato-2-0-td\/","url":"https:\/\/mcautocaravanas.com\/autocaravana-fiat-ducato-2-0-td\/","name":"Autocaravana Fiat Ducato 2.0 TD - M.C. Autocaravanas Getxo S.L","isPartOf":{"@id":"https:\/\/mcautocaravanas.com\/#website"},"primaryImageOfPage":{"@id":"https:\/\/mcautocaravanas.com\/autocaravana-fiat-ducato-2-0-td\/#primaryimage"},"image":{"@id":"https:\/\/mcautocaravanas.com\/autocaravana-fiat-ducato-2-0-td\/#primaryimage"},"thumbnailUrl":"https:\/\/mcautocaravanas.com\/wp-content\/uploads\/2025\/05\/VENDIDA-3.jpg","datePublished":"2025-05-30T10:23:47+00:00","dateModified":"2025-05-30T10:26:22+00:00","breadcrumb":{"@id":"https:\/\/mcautocaravanas.com\/autocaravana-fiat-ducato-2-0-td\/#breadcrumb"},"inLanguage":"en-US","potentialAction":[{"@type":"ReadAction","target":["https:\/\/mcautocaravanas.com\/autocaravana-fiat-ducato-2-0-td\/"]}]},{"@type":"ImageObject","inLanguage":"en-US","@id":"https:\/\/mcautocaravanas.com\/autocaravana-fiat-ducato-2-0-td\/#primaryimage","url":"https:\/\/mcautocaravanas.com\/wp-content\/uploads\/2025\/05\/VENDIDA-3.jpg","contentUrl":"https:\/\/mcautocaravanas.com\/wp-content\/uploads\/2025\/05\/VENDIDA-3.jpg","width":1536,"height":1052},{"@type":"BreadcrumbList","@id":"https:\/\/mcautocaravanas.com\/autocaravana-fiat-ducato-2-0-td\/#breadcrumb","itemListElement":[{"@type":"ListItem","position":1,"name":"Portada","item":"https:\/\/mcautocaravanas.com\/"},{"@type":"ListItem","position":2,"name":"Autocaravana Fiat Ducato 2.0 TD"}]},{"@type":"WebSite","@id":"https:\/\/mcautocaravanas.com\/#website","url":"https:\/\/mcautocaravanas.com\/","name":"M.C. Autocaravanas Getxo S.L","description":"\u00bfListo para una aventura inolvidable? En M.C Autocaravanas Getxo, te ofrecemos la oportunidad de explorar el mundo a tu ritmo con nuestras autocaravanas de \u00faltima generaci\u00f3n.","publisher":{"@id":"https:\/\/mcautocaravanas.com\/#organization"},"potentialAction":[{"@type":"SearchAction","target":{"@type":"EntryPoint","urlTemplate":"https:\/\/mcautocaravanas.com\/?s={search_term_string}"},"query-input":{"@type":"PropertyValueSpecification","valueRequired":true,"valueName":"search_term_string"}}],"inLanguage":"en-US"},{"@type":"Organization","@id":"https:\/\/mcautocaravanas.com\/#organization","name":"M.C. Autocaravanas Getxo S.L","url":"https:\/\/mcautocaravanas.com\/","logo":{"@type":"ImageObject","inLanguage":"en-US","@id":"https:\/\/mcautocaravanas.com\/#\/schema\/logo\/image\/","url":"https:\/\/mcautocaravanas.com\/wp-content\/uploads\/2024\/06\/cropped-cropped-M.C-AUTOCARAVANAS-1-2.png","contentUrl":"https:\/\/mcautocaravanas.com\/wp-content\/uploads\/2024\/06\/cropped-cropped-M.C-AUTOCARAVANAS-1-2.png","width":512,"height":484,"caption":"M.C. Autocaravanas Getxo S.L"},"image":{"@id":"https:\/\/mcautocaravanas.com\/#\/schema\/logo\/image\/"}},{"@type":"Person","@id":"https:\/\/mcautocaravanas.com\/#\/schema\/person\/a52f2c7d5cbfcc2609bc27222231ad9a","name":"mcautocaravanas","image":{"@type":"ImageObject","inLanguage":"en-US","@id":"https:\/\/secure.gravatar.com\/avatar\/07d32fc839bf9372083edbc2691f268c25b349229c1eadb54048150c3db6bd0d?s=96&d=mm&r=g","url":"https:\/\/secure.gravatar.com\/avatar\/07d32fc839bf9372083edbc2691f268c25b349229c1eadb54048150c3db6bd0d?s=96&d=mm&r=g","contentUrl":"https:\/\/secure.gravatar.com\/avatar\/07d32fc839bf9372083edbc2691f268c25b349229c1eadb54048150c3db6bd0d?s=96&d=mm&r=g","caption":"mcautocaravanas"},"sameAs":["https:\/\/mcautocaravanas.com","https:\/\/www.facebook.com\/people\/McAutocaravanas-Getxo\/100086353929860\/?_rdr","https:\/\/www.instagram.com\/mc_autocaravanas_getxo\/"],"url":"https:\/\/mcautocaravanas.com\/en\/author\/mcautocaravanas\/"}]}},"jetpack_featured_media_url":"https:\/\/mcautocaravanas.com\/wp-content\/uploads\/2025\/05\/VENDIDA-3.jpg","_links":{"self":[{"href":"https:\/\/mcautocaravanas.com\/en\/wp-json\/wp\/v2\/posts\/3160","targetHints":{"allow":["GET"]}}],"collection":[{"href":"https:\/\/mcautocaravanas.com\/en\/wp-json\/wp\/v2\/posts"}],"about":[{"href":"https:\/\/mcautocaravanas.com\/en\/wp-json\/wp\/v2\/types\/post"}],"author":[{"embeddable":true,"href":"https:\/\/mcautocaravanas.com\/en\/wp-json\/wp\/v2\/users\/1"}],"replies":[{"embeddable":true,"href":"https:\/\/mcautocaravanas.com\/en\/wp-json\/wp\/v2\/comments?post=3160"}],"version-history":[{"count":4,"href":"https:\/\/mcautocaravanas.com\/en\/wp-json\/wp\/v2\/posts\/3160\/revisions"}],"predecessor-version":[{"id":3165,"href":"https:\/\/mcautocaravanas.com\/en\/wp-json\/wp\/v2\/posts\/3160\/revisions\/3165"}],"wp:featuredmedia":[{"embeddable":true,"href":"https:\/\/mcautocaravanas.com\/en\/wp-json\/wp\/v2\/media\/3161"}],"wp:attachment":[{"href":"https:\/\/mcautocaravanas.com\/en\/wp-json\/wp\/v2\/media?parent=3160"}],"wp:term":[{"taxonomy":"category","embeddable":true,"href":"https:\/\/mcautocaravanas.com\/en\/wp-json\/wp\/v2\/categories?post=3160"},{"taxonomy":"post_tag","embeddable":true,"href":"https:\/\/mcautocaravanas.com\/en\/wp-json\/wp\/v2\/tags?post=3160"}],"curies":[{"name":"wp","href":"https:\/\/api.w.org\/{rel}","templated":true}]}}