{"id":3121,"date":"2025-05-27T18:01:29","date_gmt":"2025-05-27T18:01:29","guid":{"rendered":"https:\/\/mcautocaravanas.com\/?p=3121"},"modified":"2025-05-30T10:34:31","modified_gmt":"2025-05-30T10:34:31","slug":"autocaravana-hymer-b564","status":"publish","type":"post","link":"https:\/\/mcautocaravanas.com\/en\/autocaravana-hymer-b564\/","title":{"rendered":"Autocaravana Hymer B564"},"content":{"rendered":"<div data-elementor-type=\"wp-post\" data-elementor-id=\"3121\" class=\"elementor elementor-3121\" data-elementor-post-type=\"post\">\n\t\t\t\t<div class=\"elementor-element elementor-element-91d6c64 e-flex e-con-boxed e-con e-parent\" data-id=\"91d6c64\" data-element_type=\"container\" data-e-type=\"container\">\n\t\t\t\t\t<div class=\"e-con-inner\">\n\t\t\t\t<div class=\"elementor-element elementor-element-c293d15 elementor-widget elementor-widget-image\" data-id=\"c293d15\" data-element_type=\"widget\" data-e-type=\"widget\" data-widget_type=\"image.default\">\n\t\t\t\t<div class=\"elementor-widget-container\">\n\t\t\t\t\t\t\t\t\t\t\t\t\t\t\t<img fetchpriority=\"high\" decoding=\"async\" width=\"800\" height=\"548\" src=\"https:\/\/mcautocaravanas.com\/wp-content\/uploads\/2025\/05\/VENDIDA-1-1024x701.jpg\" class=\"attachment-large size-large wp-image-3067\" alt=\"\" srcset=\"https:\/\/mcautocaravanas.com\/wp-content\/uploads\/2025\/05\/VENDIDA-1-1024x701.jpg 1024w, https:\/\/mcautocaravanas.com\/wp-content\/uploads\/2025\/05\/VENDIDA-1-300x205.jpg 300w, https:\/\/mcautocaravanas.com\/wp-content\/uploads\/2025\/05\/VENDIDA-1-768x526.jpg 768w, https:\/\/mcautocaravanas.com\/wp-content\/uploads\/2025\/05\/VENDIDA-1-18x12.jpg 18w, https:\/\/mcautocaravanas.com\/wp-content\/uploads\/2025\/05\/VENDIDA-1.jpg 1536w\" sizes=\"(max-width: 800px) 100vw, 800px\" \/>\t\t\t\t\t\t\t\t\t\t\t\t\t\t\t<\/div>\n\t\t\t\t<\/div>\n\t\t\t\t\t<\/div>\n\t\t\t\t<\/div>\n\t\t<div class=\"elementor-element elementor-element-6a34a19 e-flex e-con-boxed e-con e-parent\" data-id=\"6a34a19\" data-element_type=\"container\" data-e-type=\"container\">\n\t\t\t\t\t<div class=\"e-con-inner\">\n\t\t\t\t<div class=\"elementor-element elementor-element-c64a612 elementor-headline--style-highlight elementor-widget elementor-widget-animated-headline\" data-id=\"c64a612\" data-element_type=\"widget\" data-e-type=\"widget\" data-settings=\"{&quot;marker&quot;:&quot;underline&quot;,&quot;highlighted_text&quot;:&quot;31.000\\u20ac&quot;,&quot;headline_style&quot;:&quot;highlight&quot;,&quot;loop&quot;:&quot;yes&quot;,&quot;highlight_animation_duration&quot;:1200,&quot;highlight_iteration_delay&quot;:8000}\" data-widget_type=\"animated-headline.default\">\n\t\t\t\t<div class=\"elementor-widget-container\">\n\t\t\t\t\t\t\t<h3 class=\"elementor-headline\">\n\t\t\t\t<span class=\"elementor-headline-dynamic-wrapper elementor-headline-text-wrapper\">\n\t\t\t\t\t<span class=\"elementor-headline-dynamic-text elementor-headline-text-active\">31.000\u20ac<\/span>\n\t\t\t\t<\/span>\n\t\t\t\t<\/h3>\n\t\t\t\t\t\t<\/div>\n\t\t\t\t<\/div>\n\t\t\t\t\t<\/div>\n\t\t\t\t<\/div>\n\t\t<div class=\"elementor-element elementor-element-2df71c2 e-grid e-con-boxed e-con e-parent\" data-id=\"2df71c2\" data-element_type=\"container\" data-e-type=\"container\">\n\t\t\t\t\t<div class=\"e-con-inner\">\n\t\t\t\t<div class=\"elementor-element elementor-element-5b3d8aa elementor-widget elementor-widget-text-editor\" data-id=\"5b3d8aa\" data-element_type=\"widget\" data-e-type=\"widget\" data-widget_type=\"text-editor.default\">\n\t\t\t\t<div class=\"elementor-widget-container\">\n\t\t\t\t\t\t\t\t\t<p style=\"text-align: center;\"><strong>CARACTER\u00cdSTICAS<\/strong><\/p><hr \/><div class=\"mt-PanelAdDetails-comments\">\u00a0<\/div><div class=\"mt-PanelAdDetails-optionalEquipment\"><div class=\"mt-PanelAdDetails-optionalEquipmentGroup\"><div class=\"mt-ListBasic-listItemContent\"><div class=\"elementor-column elementor-col-50 elementor-inner-column elementor-element elementor-element-35160016\" data-id=\"35160016\" data-element_type=\"column\"><div class=\"elementor-widget-wrap elementor-element-populated\"><div class=\"elementor-element elementor-element-6dd5fe65 elementor-widget__width-inherit elementor-widget elementor-widget-heading\" data-id=\"6dd5fe65\" data-element_type=\"widget\" data-widget_type=\"heading.default\"><div class=\"elementor-widget-container\"><p>Motor 2800 cc.<br \/>130 CV.<br \/>157.000 km.<br \/>A\u00f1o 2002.<br \/>IMPECABLE<\/p><p>ITV reci\u00e9n pasada.<br \/>Correa de distribuci\u00f3n con 14.000km y menos de 1 a\u00f1o.<br \/>Aire acondicionado.<br \/>Toldo.<br \/>Escal\u00f3n el\u00e9ctrico.<br \/>Oscurecedores REMIX en cabina.<br \/>Oscurecedores y mosquiteras en todas las ventanas y claraboyas.<br \/>Portabicicleta (4.un).<br \/>Chasis Doble aislado (ALKO).<br \/>Suspensi\u00f3n Neumatica trasera.<br \/>Placa solar 2 bater\u00edas de vivienda.<br \/>Nevera grande trivalente cocina con 3 fuegos.<br \/>Horno a gas.<br \/>Todo original.<br \/>Calefacci\u00f3n y agua caliente TRUMA Gas.<br \/>Ba\u00f1o con ducha independiente mampara curva.<br \/>Homologada para circular 5 para dormir 4-5.<br \/>Veh\u00edculo Compacto de excelente tama\u00f1o solo 6 metros largo.<\/p><p>GARANT\u00cdA 12 meses, lista para viajar.<\/p><p><strong>Precio: 31.000 \u20ac<\/strong><br \/><strong>Financiaci\u00f3n 100%<\/strong><\/p><p>Puedes visitar la autocaravana en nuestras instalaciones, concertando una cita telef\u00f3nica.<br \/>\u00a1Estaremos encantados de atenderte y asesorarte!<\/p><\/div><\/div><\/div><\/div><div class=\"elementor-column elementor-col-50 elementor-inner-column elementor-element elementor-element-2adb5a52\" data-id=\"2adb5a52\" data-element_type=\"column\"><div class=\"elementor-widget-wrap elementor-element-populated\"><div class=\"elementor-element elementor-element-353a3315 elementor-widget__width-initial elementor-widget elementor-widget-heading\" data-id=\"353a3315\" data-element_type=\"widget\" data-widget_type=\"heading.default\"><div class=\"elementor-widget-container\">\u00a0<\/div><\/div><\/div><\/div><\/div><\/div><\/div>\t\t\t\t\t\t\t\t<\/div>\n\t\t\t\t<\/div>\n\t\t\t\t<div class=\"elementor-element elementor-element-8c20efc elementor-widget elementor-widget-image-gallery\" data-id=\"8c20efc\" data-element_type=\"widget\" data-e-type=\"widget\" data-widget_type=\"image-gallery.default\">\n\t\t\t\t<div class=\"elementor-widget-container\">\n\t\t\t\t\t\t\t<div class=\"elementor-image-gallery\">\n\t\t\t<div id='gallery-1' class='gallery galleryid-3121 gallery-columns-4 gallery-size-thumbnail'><figure class='gallery-item'>\n\t\t\t<div class='gallery-icon landscape'>\n\t\t\t\t<img decoding=\"async\" width=\"150\" height=\"150\" src=\"https:\/\/mcautocaravanas.com\/wp-content\/uploads\/2025\/04\/autocaravana-hymer-150x150.jpg\" class=\"attachment-thumbnail size-thumbnail\" alt=\"Autocaravana Hymer B564\" aria-describedby=\"gallery-1-2942\" \/>\n\t\t\t<\/div>\n\t\t\t\t<figcaption class='wp-caption-text gallery-caption' id='gallery-1-2942'>\n\t\t\t\tAutocaravana Hymer B564\n\t\t\t\t<\/figcaption><\/figure><figure class='gallery-item'>\n\t\t\t<div class='gallery-icon landscape'>\n\t\t\t\t<img decoding=\"async\" width=\"150\" height=\"150\" src=\"https:\/\/mcautocaravanas.com\/wp-content\/uploads\/2025\/04\/WhatsApp-Image-2025-04-20-at-16.24.59-150x150.jpeg\" class=\"attachment-thumbnail size-thumbnail\" alt=\"Autocaravana Hymer B564\" aria-describedby=\"gallery-1-2957\" \/>\n\t\t\t<\/div>\n\t\t\t\t<figcaption class='wp-caption-text gallery-caption' id='gallery-1-2957'>\n\t\t\t\tAutocaravana Hymer B564\n\t\t\t\t<\/figcaption><\/figure><figure class='gallery-item'>\n\t\t\t<div class='gallery-icon landscape'>\n\t\t\t\t<img loading=\"lazy\" decoding=\"async\" width=\"150\" height=\"150\" src=\"https:\/\/mcautocaravanas.com\/wp-content\/uploads\/2025\/04\/WhatsApp-Image-2025-04-20-at-16.24.59-4-150x150.jpeg\" class=\"attachment-thumbnail size-thumbnail\" alt=\"Autocaravana Hymer B564\" aria-describedby=\"gallery-1-2956\" \/>\n\t\t\t<\/div>\n\t\t\t\t<figcaption class='wp-caption-text gallery-caption' id='gallery-1-2956'>\n\t\t\t\tAutocaravana Hymer B564\n\t\t\t\t<\/figcaption><\/figure><figure class='gallery-item'>\n\t\t\t<div class='gallery-icon portrait'>\n\t\t\t\t<img loading=\"lazy\" decoding=\"async\" width=\"150\" height=\"150\" src=\"https:\/\/mcautocaravanas.com\/wp-content\/uploads\/2025\/04\/WhatsApp-Image-2025-04-20-at-16.24.59-3-150x150.jpeg\" class=\"attachment-thumbnail size-thumbnail\" alt=\"Autocaravana Hymer B564\" aria-describedby=\"gallery-1-2955\" \/>\n\t\t\t<\/div>\n\t\t\t\t<figcaption class='wp-caption-text gallery-caption' id='gallery-1-2955'>\n\t\t\t\tAutocaravana Hymer B564\n\t\t\t\t<\/figcaption><\/figure><figure class='gallery-item'>\n\t\t\t<div class='gallery-icon portrait'>\n\t\t\t\t<img loading=\"lazy\" decoding=\"async\" width=\"150\" height=\"150\" src=\"https:\/\/mcautocaravanas.com\/wp-content\/uploads\/2025\/04\/WhatsApp-Image-2025-04-20-at-16.24.59-2-150x150.jpeg\" class=\"attachment-thumbnail size-thumbnail\" alt=\"Autocaravana Hymer B564\" aria-describedby=\"gallery-1-2954\" \/>\n\t\t\t<\/div>\n\t\t\t\t<figcaption class='wp-caption-text gallery-caption' id='gallery-1-2954'>\n\t\t\t\tAutocaravana Hymer B564\n\t\t\t\t<\/figcaption><\/figure><figure class='gallery-item'>\n\t\t\t<div class='gallery-icon portrait'>\n\t\t\t\t<img loading=\"lazy\" decoding=\"async\" width=\"150\" height=\"150\" src=\"https:\/\/mcautocaravanas.com\/wp-content\/uploads\/2025\/04\/WhatsApp-Image-2025-04-20-at-16.24.59-1-150x150.jpeg\" class=\"attachment-thumbnail size-thumbnail\" alt=\"Autocaravana Hymer B564\" aria-describedby=\"gallery-1-2953\" \/>\n\t\t\t<\/div>\n\t\t\t\t<figcaption class='wp-caption-text gallery-caption' id='gallery-1-2953'>\n\t\t\t\tAutocaravana Hymer B564\n\t\t\t\t<\/figcaption><\/figure><figure class='gallery-item'>\n\t\t\t<div class='gallery-icon landscape'>\n\t\t\t\t<img loading=\"lazy\" decoding=\"async\" width=\"150\" height=\"150\" src=\"https:\/\/mcautocaravanas.com\/wp-content\/uploads\/2025\/04\/WhatsApp-Image-2025-04-20-at-16.24.58-150x150.jpeg\" class=\"attachment-thumbnail size-thumbnail\" alt=\"Autocaravana Hymer B564\" aria-describedby=\"gallery-1-2952\" \/>\n\t\t\t<\/div>\n\t\t\t\t<figcaption class='wp-caption-text gallery-caption' id='gallery-1-2952'>\n\t\t\t\tAutocaravana Hymer B564\n\t\t\t\t<\/figcaption><\/figure><figure class='gallery-item'>\n\t\t\t<div class='gallery-icon portrait'>\n\t\t\t\t<img loading=\"lazy\" decoding=\"async\" width=\"150\" height=\"150\" src=\"https:\/\/mcautocaravanas.com\/wp-content\/uploads\/2025\/04\/WhatsApp-Image-2025-04-20-at-16.24.58-4-150x150.jpeg\" class=\"attachment-thumbnail size-thumbnail\" alt=\"Autocaravana Hymer B564\" aria-describedby=\"gallery-1-2951\" \/>\n\t\t\t<\/div>\n\t\t\t\t<figcaption class='wp-caption-text gallery-caption' id='gallery-1-2951'>\n\t\t\t\tAutocaravana Hymer B564\n\t\t\t\t<\/figcaption><\/figure><figure class='gallery-item'>\n\t\t\t<div class='gallery-icon portrait'>\n\t\t\t\t<img loading=\"lazy\" decoding=\"async\" width=\"150\" height=\"150\" src=\"https:\/\/mcautocaravanas.com\/wp-content\/uploads\/2025\/04\/WhatsApp-Image-2025-04-20-at-16.24.58-3-150x150.jpeg\" class=\"attachment-thumbnail size-thumbnail\" alt=\"Autocaravana Hymer B564\" aria-describedby=\"gallery-1-2950\" \/>\n\t\t\t<\/div>\n\t\t\t\t<figcaption class='wp-caption-text gallery-caption' id='gallery-1-2950'>\n\t\t\t\tAutocaravana Hymer B564\n\t\t\t\t<\/figcaption><\/figure><figure class='gallery-item'>\n\t\t\t<div class='gallery-icon landscape'>\n\t\t\t\t<img loading=\"lazy\" decoding=\"async\" width=\"150\" height=\"150\" src=\"https:\/\/mcautocaravanas.com\/wp-content\/uploads\/2025\/04\/WhatsApp-Image-2025-04-20-at-16.24.58-2-150x150.jpeg\" class=\"attachment-thumbnail size-thumbnail\" alt=\"Autocaravana Hymer B564\" aria-describedby=\"gallery-1-2949\" \/>\n\t\t\t<\/div>\n\t\t\t\t<figcaption class='wp-caption-text gallery-caption' id='gallery-1-2949'>\n\t\t\t\tAutocaravana Hymer B564\n\t\t\t\t<\/figcaption><\/figure><figure class='gallery-item'>\n\t\t\t<div class='gallery-icon landscape'>\n\t\t\t\t<img loading=\"lazy\" decoding=\"async\" width=\"150\" height=\"150\" src=\"https:\/\/mcautocaravanas.com\/wp-content\/uploads\/2025\/04\/WhatsApp-Image-2025-04-20-at-16.24.58-1-150x150.jpeg\" class=\"attachment-thumbnail size-thumbnail\" alt=\"Autocaravana Hymer B564\" aria-describedby=\"gallery-1-2948\" \/>\n\t\t\t<\/div>\n\t\t\t\t<figcaption class='wp-caption-text gallery-caption' id='gallery-1-2948'>\n\t\t\t\tAutocaravana Hymer B564\n\t\t\t\t<\/figcaption><\/figure><figure class='gallery-item'>\n\t\t\t<div class='gallery-icon landscape'>\n\t\t\t\t<img loading=\"lazy\" decoding=\"async\" width=\"150\" height=\"150\" src=\"https:\/\/mcautocaravanas.com\/wp-content\/uploads\/2025\/04\/WhatsApp-Image-2025-04-20-at-16.24.57-150x150.jpeg\" class=\"attachment-thumbnail size-thumbnail\" alt=\"Autocaravana Hymer B564\" aria-describedby=\"gallery-1-2947\" \/>\n\t\t\t<\/div>\n\t\t\t\t<figcaption class='wp-caption-text gallery-caption' id='gallery-1-2947'>\n\t\t\t\tAutocaravana Hymer B564\n\t\t\t\t<\/figcaption><\/figure><figure class='gallery-item'>\n\t\t\t<div class='gallery-icon portrait'>\n\t\t\t\t<img loading=\"lazy\" decoding=\"async\" width=\"150\" height=\"150\" src=\"https:\/\/mcautocaravanas.com\/wp-content\/uploads\/2025\/04\/WhatsApp-Image-2025-04-20-at-16.24.57-1-150x150.jpeg\" class=\"attachment-thumbnail size-thumbnail\" alt=\"Autocaravana Hymer B564\" aria-describedby=\"gallery-1-2945\" \/>\n\t\t\t<\/div>\n\t\t\t\t<figcaption class='wp-caption-text gallery-caption' id='gallery-1-2945'>\n\t\t\t\tAutocaravana Hymer B564\n\t\t\t\t<\/figcaption><\/figure><figure class='gallery-item'>\n\t\t\t<div class='gallery-icon landscape'>\n\t\t\t\t<img loading=\"lazy\" decoding=\"async\" width=\"150\" height=\"150\" src=\"https:\/\/mcautocaravanas.com\/wp-content\/uploads\/2025\/04\/WhatsApp-Image-2025-04-20-at-16.24.56-150x150.jpeg\" class=\"attachment-thumbnail size-thumbnail\" alt=\"Autocaravana Hymer B564\" aria-describedby=\"gallery-1-2944\" \/>\n\t\t\t<\/div>\n\t\t\t\t<figcaption class='wp-caption-text gallery-caption' id='gallery-1-2944'>\n\t\t\t\tAutocaravana Hymer B564\n\t\t\t\t<\/figcaption><\/figure><figure class='gallery-item'>\n\t\t\t<div class='gallery-icon landscape'>\n\t\t\t\t<img loading=\"lazy\" decoding=\"async\" width=\"150\" height=\"150\" src=\"https:\/\/mcautocaravanas.com\/wp-content\/uploads\/2025\/04\/WhatsApp-Image-2025-04-20-at-16.24.55-150x150.jpeg\" class=\"attachment-thumbnail size-thumbnail\" alt=\"Autocaravana Hymer B564\" aria-describedby=\"gallery-1-2943\" \/>\n\t\t\t<\/div>\n\t\t\t\t<figcaption class='wp-caption-text gallery-caption' id='gallery-1-2943'>\n\t\t\t\tAutocaravana Hymer B564\n\t\t\t\t<\/figcaption><\/figure>\n\t\t<\/div>\n\t\t<\/div>\n\t\t\t\t\t\t<\/div>\n\t\t\t\t<\/div>\n\t\t\t\t\t<\/div>\n\t\t\t\t<\/div>\n\t\t\t\t<\/div>","protected":false},"excerpt":{"rendered":"<p>31.000\u20ac CARACTER\u00cdSTICAS \u00a0 Motor 2800 cc.130 CV.157.000 km.A\u00f1o 2002.IMPECABLE ITV reci\u00e9n pasada.Correa de distribuci\u00f3n con 14.000km y menos de 1 a\u00f1o.Aire acondicionado.Toldo.Escal\u00f3n el\u00e9ctrico.Oscurecedores REMIX en cabina.Oscurecedores y mosquiteras en todas las ventanas y claraboyas.Portabicicleta (4.un).Chasis Doble aislado (ALKO).Suspensi\u00f3n Neumatica trasera.Placa solar 2 bater\u00edas de vivienda.Nevera grande trivalente cocina con 3 fuegos.Horno a gas.Todo original.Calefacci\u00f3n y [&hellip;]<\/p>\n","protected":false},"author":1,"featured_media":3067,"comment_status":"open","ping_status":"closed","sticky":false,"template":"","format":"standard","meta":{"footnotes":""},"categories":[8,9],"tags":[],"class_list":["post-3121","post","type-post","status-publish","format-standard","has-post-thumbnail","hentry","category-autocaravanas-y-furgocamper","category-venta"],"yoast_head":"<!-- This site is optimized with the Yoast SEO plugin v27.5 - https:\/\/yoast.com\/product\/yoast-seo-wordpress\/ -->\n<title>Autocaravana Hymer B564 - M.C. Autocaravanas Getxo S.L<\/title>\n<meta name=\"description\" content=\"Autocaravana Hymer B564. Precio: 31.000 \u20acFinanciaci\u00f3n 100%Puedes visitar la autocaravana en nuestras instalaciones, concertando una cita telef\u00f3nica. \u00a1Estaremos encantados de atenderte y asesorarte!\" \/>\n<meta name=\"robots\" content=\"index, follow, max-snippet:-1, max-image-preview:large, max-video-preview:-1\" \/>\n<link rel=\"canonical\" href=\"https:\/\/mcautocaravanas.com\/en\/autocaravana-hymer-b564\/\" \/>\n<meta property=\"og:locale\" content=\"en_US\" \/>\n<meta property=\"og:type\" content=\"article\" \/>\n<meta property=\"og:title\" content=\"Autocaravana Hymer B564 - M.C. Autocaravanas Getxo S.L\" \/>\n<meta property=\"og:description\" content=\"Autocaravana Hymer B564. Precio: 31.000 \u20acFinanciaci\u00f3n 100%Puedes visitar la autocaravana en nuestras instalaciones, concertando una cita telef\u00f3nica. \u00a1Estaremos encantados de atenderte y asesorarte!\" \/>\n<meta property=\"og:url\" content=\"https:\/\/mcautocaravanas.com\/en\/autocaravana-hymer-b564\/\" \/>\n<meta property=\"og:site_name\" content=\"M.C. Autocaravanas Getxo S.L\" \/>\n<meta property=\"article:author\" content=\"https:\/\/www.facebook.com\/people\/McAutocaravanas-Getxo\/100086353929860\/?_rdr\" \/>\n<meta property=\"article:published_time\" content=\"2025-05-27T18:01:29+00:00\" \/>\n<meta property=\"article:modified_time\" content=\"2025-05-30T10:34:31+00:00\" \/>\n<meta property=\"og:image\" content=\"https:\/\/mcautocaravanas.com\/wp-content\/uploads\/2025\/05\/VENDIDA-1.jpg\" \/>\n\t<meta property=\"og:image:width\" content=\"1536\" \/>\n\t<meta property=\"og:image:height\" content=\"1052\" \/>\n\t<meta property=\"og:image:type\" content=\"image\/jpeg\" \/>\n<meta name=\"author\" content=\"mcautocaravanas\" \/>\n<meta name=\"twitter:card\" content=\"summary_large_image\" \/>\n<meta name=\"twitter:label1\" content=\"Written by\" \/>\n\t<meta name=\"twitter:data1\" content=\"mcautocaravanas\" \/>\n\t<meta name=\"twitter:label2\" content=\"Est. reading time\" \/>\n\t<meta name=\"twitter:data2\" content=\"5 minutes\" \/>\n<script type=\"application\/ld+json\" class=\"yoast-schema-graph\">{\"@context\":\"https:\\\/\\\/schema.org\",\"@graph\":[{\"@type\":\"Article\",\"@id\":\"https:\\\/\\\/mcautocaravanas.com\\\/autocaravana-hymer-b564\\\/#article\",\"isPartOf\":{\"@id\":\"https:\\\/\\\/mcautocaravanas.com\\\/autocaravana-hymer-b564\\\/\"},\"author\":{\"name\":\"mcautocaravanas\",\"@id\":\"https:\\\/\\\/mcautocaravanas.com\\\/#\\\/schema\\\/person\\\/a52f2c7d5cbfcc2609bc27222231ad9a\"},\"headline\":\"Autocaravana Hymer B564\",\"datePublished\":\"2025-05-27T18:01:29+00:00\",\"dateModified\":\"2025-05-30T10:34:31+00:00\",\"mainEntityOfPage\":{\"@id\":\"https:\\\/\\\/mcautocaravanas.com\\\/autocaravana-hymer-b564\\\/\"},\"wordCount\":176,\"commentCount\":0,\"publisher\":{\"@id\":\"https:\\\/\\\/mcautocaravanas.com\\\/#organization\"},\"image\":{\"@id\":\"https:\\\/\\\/mcautocaravanas.com\\\/autocaravana-hymer-b564\\\/#primaryimage\"},\"thumbnailUrl\":\"https:\\\/\\\/mcautocaravanas.com\\\/wp-content\\\/uploads\\\/2025\\\/05\\\/VENDIDA-1.jpg\",\"articleSection\":[\"Autocaravanas y furgocamper de segunda mano\",\"Venta\"],\"inLanguage\":\"en-US\",\"potentialAction\":[{\"@type\":\"CommentAction\",\"name\":\"Comment\",\"target\":[\"https:\\\/\\\/mcautocaravanas.com\\\/autocaravana-hymer-b564\\\/#respond\"]}]},{\"@type\":\"WebPage\",\"@id\":\"https:\\\/\\\/mcautocaravanas.com\\\/autocaravana-hymer-b564\\\/\",\"url\":\"https:\\\/\\\/mcautocaravanas.com\\\/autocaravana-hymer-b564\\\/\",\"name\":\"Autocaravana Hymer B564 - M.C. Autocaravanas Getxo S.L\",\"isPartOf\":{\"@id\":\"https:\\\/\\\/mcautocaravanas.com\\\/#website\"},\"primaryImageOfPage\":{\"@id\":\"https:\\\/\\\/mcautocaravanas.com\\\/autocaravana-hymer-b564\\\/#primaryimage\"},\"image\":{\"@id\":\"https:\\\/\\\/mcautocaravanas.com\\\/autocaravana-hymer-b564\\\/#primaryimage\"},\"thumbnailUrl\":\"https:\\\/\\\/mcautocaravanas.com\\\/wp-content\\\/uploads\\\/2025\\\/05\\\/VENDIDA-1.jpg\",\"datePublished\":\"2025-05-27T18:01:29+00:00\",\"dateModified\":\"2025-05-30T10:34:31+00:00\",\"description\":\"Autocaravana Hymer B564. Precio: 31.000 \u20acFinanciaci\u00f3n 100%Puedes visitar la autocaravana en nuestras instalaciones, concertando una cita telef\u00f3nica. \u00a1Estaremos encantados de atenderte y asesorarte!\",\"breadcrumb\":{\"@id\":\"https:\\\/\\\/mcautocaravanas.com\\\/autocaravana-hymer-b564\\\/#breadcrumb\"},\"inLanguage\":\"en-US\",\"potentialAction\":[{\"@type\":\"ReadAction\",\"target\":[\"https:\\\/\\\/mcautocaravanas.com\\\/autocaravana-hymer-b564\\\/\"]}]},{\"@type\":\"ImageObject\",\"inLanguage\":\"en-US\",\"@id\":\"https:\\\/\\\/mcautocaravanas.com\\\/autocaravana-hymer-b564\\\/#primaryimage\",\"url\":\"https:\\\/\\\/mcautocaravanas.com\\\/wp-content\\\/uploads\\\/2025\\\/05\\\/VENDIDA-1.jpg\",\"contentUrl\":\"https:\\\/\\\/mcautocaravanas.com\\\/wp-content\\\/uploads\\\/2025\\\/05\\\/VENDIDA-1.jpg\",\"width\":1536,\"height\":1052},{\"@type\":\"BreadcrumbList\",\"@id\":\"https:\\\/\\\/mcautocaravanas.com\\\/autocaravana-hymer-b564\\\/#breadcrumb\",\"itemListElement\":[{\"@type\":\"ListItem\",\"position\":1,\"name\":\"Portada\",\"item\":\"https:\\\/\\\/mcautocaravanas.com\\\/\"},{\"@type\":\"ListItem\",\"position\":2,\"name\":\"Autocaravana Hymer B564\"}]},{\"@type\":\"WebSite\",\"@id\":\"https:\\\/\\\/mcautocaravanas.com\\\/#website\",\"url\":\"https:\\\/\\\/mcautocaravanas.com\\\/\",\"name\":\"M.C. Autocaravanas Getxo S.L\",\"description\":\"\u00bfListo para una aventura inolvidable? En M.C Autocaravanas Getxo, te ofrecemos la oportunidad de explorar el mundo a tu ritmo con nuestras autocaravanas de \u00faltima generaci\u00f3n.\",\"publisher\":{\"@id\":\"https:\\\/\\\/mcautocaravanas.com\\\/#organization\"},\"potentialAction\":[{\"@type\":\"SearchAction\",\"target\":{\"@type\":\"EntryPoint\",\"urlTemplate\":\"https:\\\/\\\/mcautocaravanas.com\\\/?s={search_term_string}\"},\"query-input\":{\"@type\":\"PropertyValueSpecification\",\"valueRequired\":true,\"valueName\":\"search_term_string\"}}],\"inLanguage\":\"en-US\"},{\"@type\":\"Organization\",\"@id\":\"https:\\\/\\\/mcautocaravanas.com\\\/#organization\",\"name\":\"M.C. Autocaravanas Getxo S.L\",\"url\":\"https:\\\/\\\/mcautocaravanas.com\\\/\",\"logo\":{\"@type\":\"ImageObject\",\"inLanguage\":\"en-US\",\"@id\":\"https:\\\/\\\/mcautocaravanas.com\\\/#\\\/schema\\\/logo\\\/image\\\/\",\"url\":\"https:\\\/\\\/mcautocaravanas.com\\\/wp-content\\\/uploads\\\/2024\\\/06\\\/cropped-cropped-M.C-AUTOCARAVANAS-1-2.png\",\"contentUrl\":\"https:\\\/\\\/mcautocaravanas.com\\\/wp-content\\\/uploads\\\/2024\\\/06\\\/cropped-cropped-M.C-AUTOCARAVANAS-1-2.png\",\"width\":512,\"height\":484,\"caption\":\"M.C. Autocaravanas Getxo S.L\"},\"image\":{\"@id\":\"https:\\\/\\\/mcautocaravanas.com\\\/#\\\/schema\\\/logo\\\/image\\\/\"}},{\"@type\":\"Person\",\"@id\":\"https:\\\/\\\/mcautocaravanas.com\\\/#\\\/schema\\\/person\\\/a52f2c7d5cbfcc2609bc27222231ad9a\",\"name\":\"mcautocaravanas\",\"image\":{\"@type\":\"ImageObject\",\"inLanguage\":\"en-US\",\"@id\":\"https:\\\/\\\/secure.gravatar.com\\\/avatar\\\/07d32fc839bf9372083edbc2691f268c25b349229c1eadb54048150c3db6bd0d?s=96&d=mm&r=g\",\"url\":\"https:\\\/\\\/secure.gravatar.com\\\/avatar\\\/07d32fc839bf9372083edbc2691f268c25b349229c1eadb54048150c3db6bd0d?s=96&d=mm&r=g\",\"contentUrl\":\"https:\\\/\\\/secure.gravatar.com\\\/avatar\\\/07d32fc839bf9372083edbc2691f268c25b349229c1eadb54048150c3db6bd0d?s=96&d=mm&r=g\",\"caption\":\"mcautocaravanas\"},\"sameAs\":[\"https:\\\/\\\/mcautocaravanas.com\",\"https:\\\/\\\/www.facebook.com\\\/people\\\/McAutocaravanas-Getxo\\\/100086353929860\\\/?_rdr\",\"https:\\\/\\\/www.instagram.com\\\/mc_autocaravanas_getxo\\\/\"],\"url\":\"https:\\\/\\\/mcautocaravanas.com\\\/en\\\/author\\\/mcautocaravanas\\\/\"}]}<\/script>\n<!-- \/ Yoast SEO plugin. -->","yoast_head_json":{"title":"Autocaravana Hymer B564 - M.C. Autocaravanas Getxo S.L","description":"Autocaravana Hymer B564. Precio: 31.000 \u20acFinanciaci\u00f3n 100%Puedes visitar la autocaravana en nuestras instalaciones, concertando una cita telef\u00f3nica. \u00a1Estaremos encantados de atenderte y asesorarte!","robots":{"index":"index","follow":"follow","max-snippet":"max-snippet:-1","max-image-preview":"max-image-preview:large","max-video-preview":"max-video-preview:-1"},"canonical":"https:\/\/mcautocaravanas.com\/en\/autocaravana-hymer-b564\/","og_locale":"en_US","og_type":"article","og_title":"Autocaravana Hymer B564 - M.C. Autocaravanas Getxo S.L","og_description":"Autocaravana Hymer B564. Precio: 31.000 \u20acFinanciaci\u00f3n 100%Puedes visitar la autocaravana en nuestras instalaciones, concertando una cita telef\u00f3nica. \u00a1Estaremos encantados de atenderte y asesorarte!","og_url":"https:\/\/mcautocaravanas.com\/en\/autocaravana-hymer-b564\/","og_site_name":"M.C. Autocaravanas Getxo S.L","article_author":"https:\/\/www.facebook.com\/people\/McAutocaravanas-Getxo\/100086353929860\/?_rdr","article_published_time":"2025-05-27T18:01:29+00:00","article_modified_time":"2025-05-30T10:34:31+00:00","og_image":[{"width":1536,"height":1052,"url":"https:\/\/mcautocaravanas.com\/wp-content\/uploads\/2025\/05\/VENDIDA-1.jpg","type":"image\/jpeg"}],"author":"mcautocaravanas","twitter_card":"summary_large_image","twitter_misc":{"Written by":"mcautocaravanas","Est. reading time":"5 minutes"},"schema":{"@context":"https:\/\/schema.org","@graph":[{"@type":"Article","@id":"https:\/\/mcautocaravanas.com\/autocaravana-hymer-b564\/#article","isPartOf":{"@id":"https:\/\/mcautocaravanas.com\/autocaravana-hymer-b564\/"},"author":{"name":"mcautocaravanas","@id":"https:\/\/mcautocaravanas.com\/#\/schema\/person\/a52f2c7d5cbfcc2609bc27222231ad9a"},"headline":"Autocaravana Hymer B564","datePublished":"2025-05-27T18:01:29+00:00","dateModified":"2025-05-30T10:34:31+00:00","mainEntityOfPage":{"@id":"https:\/\/mcautocaravanas.com\/autocaravana-hymer-b564\/"},"wordCount":176,"commentCount":0,"publisher":{"@id":"https:\/\/mcautocaravanas.com\/#organization"},"image":{"@id":"https:\/\/mcautocaravanas.com\/autocaravana-hymer-b564\/#primaryimage"},"thumbnailUrl":"https:\/\/mcautocaravanas.com\/wp-content\/uploads\/2025\/05\/VENDIDA-1.jpg","articleSection":["Autocaravanas y furgocamper de segunda mano","Venta"],"inLanguage":"en-US","potentialAction":[{"@type":"CommentAction","name":"Comment","target":["https:\/\/mcautocaravanas.com\/autocaravana-hymer-b564\/#respond"]}]},{"@type":"WebPage","@id":"https:\/\/mcautocaravanas.com\/autocaravana-hymer-b564\/","url":"https:\/\/mcautocaravanas.com\/autocaravana-hymer-b564\/","name":"Autocaravana Hymer B564 - M.C. Autocaravanas Getxo S.L","isPartOf":{"@id":"https:\/\/mcautocaravanas.com\/#website"},"primaryImageOfPage":{"@id":"https:\/\/mcautocaravanas.com\/autocaravana-hymer-b564\/#primaryimage"},"image":{"@id":"https:\/\/mcautocaravanas.com\/autocaravana-hymer-b564\/#primaryimage"},"thumbnailUrl":"https:\/\/mcautocaravanas.com\/wp-content\/uploads\/2025\/05\/VENDIDA-1.jpg","datePublished":"2025-05-27T18:01:29+00:00","dateModified":"2025-05-30T10:34:31+00:00","description":"Autocaravana Hymer B564. Precio: 31.000 \u20acFinanciaci\u00f3n 100%Puedes visitar la autocaravana en nuestras instalaciones, concertando una cita telef\u00f3nica. \u00a1Estaremos encantados de atenderte y asesorarte!","breadcrumb":{"@id":"https:\/\/mcautocaravanas.com\/autocaravana-hymer-b564\/#breadcrumb"},"inLanguage":"en-US","potentialAction":[{"@type":"ReadAction","target":["https:\/\/mcautocaravanas.com\/autocaravana-hymer-b564\/"]}]},{"@type":"ImageObject","inLanguage":"en-US","@id":"https:\/\/mcautocaravanas.com\/autocaravana-hymer-b564\/#primaryimage","url":"https:\/\/mcautocaravanas.com\/wp-content\/uploads\/2025\/05\/VENDIDA-1.jpg","contentUrl":"https:\/\/mcautocaravanas.com\/wp-content\/uploads\/2025\/05\/VENDIDA-1.jpg","width":1536,"height":1052},{"@type":"BreadcrumbList","@id":"https:\/\/mcautocaravanas.com\/autocaravana-hymer-b564\/#breadcrumb","itemListElement":[{"@type":"ListItem","position":1,"name":"Portada","item":"https:\/\/mcautocaravanas.com\/"},{"@type":"ListItem","position":2,"name":"Autocaravana Hymer B564"}]},{"@type":"WebSite","@id":"https:\/\/mcautocaravanas.com\/#website","url":"https:\/\/mcautocaravanas.com\/","name":"M.C. Autocaravanas Getxo S.L","description":"\u00bfListo para una aventura inolvidable? En M.C Autocaravanas Getxo, te ofrecemos la oportunidad de explorar el mundo a tu ritmo con nuestras autocaravanas de \u00faltima generaci\u00f3n.","publisher":{"@id":"https:\/\/mcautocaravanas.com\/#organization"},"potentialAction":[{"@type":"SearchAction","target":{"@type":"EntryPoint","urlTemplate":"https:\/\/mcautocaravanas.com\/?s={search_term_string}"},"query-input":{"@type":"PropertyValueSpecification","valueRequired":true,"valueName":"search_term_string"}}],"inLanguage":"en-US"},{"@type":"Organization","@id":"https:\/\/mcautocaravanas.com\/#organization","name":"M.C. Autocaravanas Getxo S.L","url":"https:\/\/mcautocaravanas.com\/","logo":{"@type":"ImageObject","inLanguage":"en-US","@id":"https:\/\/mcautocaravanas.com\/#\/schema\/logo\/image\/","url":"https:\/\/mcautocaravanas.com\/wp-content\/uploads\/2024\/06\/cropped-cropped-M.C-AUTOCARAVANAS-1-2.png","contentUrl":"https:\/\/mcautocaravanas.com\/wp-content\/uploads\/2024\/06\/cropped-cropped-M.C-AUTOCARAVANAS-1-2.png","width":512,"height":484,"caption":"M.C. Autocaravanas Getxo S.L"},"image":{"@id":"https:\/\/mcautocaravanas.com\/#\/schema\/logo\/image\/"}},{"@type":"Person","@id":"https:\/\/mcautocaravanas.com\/#\/schema\/person\/a52f2c7d5cbfcc2609bc27222231ad9a","name":"mcautocaravanas","image":{"@type":"ImageObject","inLanguage":"en-US","@id":"https:\/\/secure.gravatar.com\/avatar\/07d32fc839bf9372083edbc2691f268c25b349229c1eadb54048150c3db6bd0d?s=96&d=mm&r=g","url":"https:\/\/secure.gravatar.com\/avatar\/07d32fc839bf9372083edbc2691f268c25b349229c1eadb54048150c3db6bd0d?s=96&d=mm&r=g","contentUrl":"https:\/\/secure.gravatar.com\/avatar\/07d32fc839bf9372083edbc2691f268c25b349229c1eadb54048150c3db6bd0d?s=96&d=mm&r=g","caption":"mcautocaravanas"},"sameAs":["https:\/\/mcautocaravanas.com","https:\/\/www.facebook.com\/people\/McAutocaravanas-Getxo\/100086353929860\/?_rdr","https:\/\/www.instagram.com\/mc_autocaravanas_getxo\/"],"url":"https:\/\/mcautocaravanas.com\/en\/author\/mcautocaravanas\/"}]}},"jetpack_featured_media_url":"https:\/\/mcautocaravanas.com\/wp-content\/uploads\/2025\/05\/VENDIDA-1.jpg","_links":{"self":[{"href":"https:\/\/mcautocaravanas.com\/en\/wp-json\/wp\/v2\/posts\/3121","targetHints":{"allow":["GET"]}}],"collection":[{"href":"https:\/\/mcautocaravanas.com\/en\/wp-json\/wp\/v2\/posts"}],"about":[{"href":"https:\/\/mcautocaravanas.com\/en\/wp-json\/wp\/v2\/types\/post"}],"author":[{"embeddable":true,"href":"https:\/\/mcautocaravanas.com\/en\/wp-json\/wp\/v2\/users\/1"}],"replies":[{"embeddable":true,"href":"https:\/\/mcautocaravanas.com\/en\/wp-json\/wp\/v2\/comments?post=3121"}],"version-history":[{"count":4,"href":"https:\/\/mcautocaravanas.com\/en\/wp-json\/wp\/v2\/posts\/3121\/revisions"}],"predecessor-version":[{"id":3126,"href":"https:\/\/mcautocaravanas.com\/en\/wp-json\/wp\/v2\/posts\/3121\/revisions\/3126"}],"wp:featuredmedia":[{"embeddable":true,"href":"https:\/\/mcautocaravanas.com\/en\/wp-json\/wp\/v2\/media\/3067"}],"wp:attachment":[{"href":"https:\/\/mcautocaravanas.com\/en\/wp-json\/wp\/v2\/media?parent=3121"}],"wp:term":[{"taxonomy":"category","embeddable":true,"href":"https:\/\/mcautocaravanas.com\/en\/wp-json\/wp\/v2\/categories?post=3121"},{"taxonomy":"post_tag","embeddable":true,"href":"https:\/\/mcautocaravanas.com\/en\/wp-json\/wp\/v2\/tags?post=3121"}],"curies":[{"name":"wp","href":"https:\/\/api.w.org\/{rel}","templated":true}]}}